{"id":2848,"date":"2026-03-07T15:00:00","date_gmt":"2026-03-07T18:00:00","guid":{"rendered":"https:\/\/acriticatrends.audiencelabs.com.br\/?p=2848"},"modified":"2026-03-02T23:05:53","modified_gmt":"2026-03-03T02:05:53","slug":"cidade-do-lado-da-capital-vai-receber-nova-fabrica-da-lg-de-r-15-bilhao-criando-1-mil-novos-empregos","status":"publish","type":"post","link":"https:\/\/acriticatrends.audiencelabs.com.br\/cidade-do-lado-da-capital-vai-receber-nova-fabrica-da-lg-de-r-15-bilhao-criando-1-mil-novos-empregos\/","title":{"rendered":"Cidade do lado da capital vai receber nova f\u00e1brica da LG de R$ 1,5 bilh\u00e3o criando 1 mil novos empregos"},"content":{"rendered":"\n<p>Um novo cap\u00edtulo se aproxima para a ind\u00fastria brasileira, trazendo promessa de empregos e investimento em larga escala. No entanto, o movimento vai al\u00e9m do aporte financeiro, refor\u00e7ando o pa\u00eds como polo regional de produ\u00e7\u00e3o.<\/p>\n\n\n\n<p>A cidade escolhida para sediar o novo complexo industrial \u00e9 Fazenda Rio Grande, no Paran\u00e1, pr\u00f3xima \u00e0 capital estadual. A LG vai investir R$ 1,5 bilh\u00e3o na constru\u00e7\u00e3o de uma f\u00e1brica voltada \u00e0 produ\u00e7\u00e3o de eletrodom\u00e9sticos de linha branca, com destaque para refrigeradores.<\/p>\n\n\n\n<p>O empreendimento ter\u00e1 capacidade inicial de fabricar at\u00e9 500 mil unidades por ano. Segundo a empresa, a escolha pelo segmento de geladeiras \u00e9 estrat\u00e9gica, pois o Brasil vende 4,8 milh\u00f5es de refrigeradores anualmente, movimentando R$ 16,4 bilh\u00f5es.<\/p>\n\n\n\n<p>At\u00e9 mesmo a nova planta deve ampliar a presen\u00e7a desses produtos no mercado, superando os atuais 82% de dissemina\u00e7\u00e3o. J\u00e1 para 2027, a LG planeja incluir a fabrica\u00e7\u00e3o de m\u00e1quinas lava e seca, ampliando a linha de produtos local.<\/p>\n\n\n\n<p>O projeto deve gerar mil empregos, entre diretos e indiretos, impactando positivamente a economia e o or\u00e7amento de centenas de fam\u00edlias. Al\u00e9m disso, a produ\u00e7\u00e3o no Paran\u00e1 reduzir\u00e1 a necessidade de importa\u00e7\u00f5es, abastecendo n\u00e3o apenas o Brasil, mas tamb\u00e9m outros pa\u00edses da Am\u00e9rica do Sul.<\/p>\n\n\n\n<p>A presen\u00e7a da LG foi articulada pelo governador Carlos Massa Ratinho Junior, ap\u00f3s miss\u00e3o \u00e0 Coreia do Sul em 2023. O vice-governador Darci Piana destacou a import\u00e2ncia do investimento, refor\u00e7ando que a f\u00e1brica fortalece o parque industrial estadual e gera empregos estrat\u00e9gicos.<\/p>\n\n\n\n<figure class=\"wp-block-image size-large\"><img loading=\"lazy\" decoding=\"async\" width=\"1024\" height=\"683\" src=\"https:\/\/acriticatrends.audiencelabs.com.br\/wp-content\/uploads\/2026\/03\/20250522_agb_lg-24-1-1024x683.jpg\" alt=\"\" class=\"wp-image-2849\" srcset=\"https:\/\/acriticatrends.audiencelabs.com.br\/wp-content\/uploads\/2026\/03\/20250522_agb_lg-24-1-1024x683.jpg 1024w, https:\/\/acriticatrends.audiencelabs.com.br\/wp-content\/uploads\/2026\/03\/20250522_agb_lg-24-1-300x200.jpg 300w, https:\/\/acriticatrends.audiencelabs.com.br\/wp-content\/uploads\/2026\/03\/20250522_agb_lg-24-1-768x512.jpg 768w, https:\/\/acriticatrends.audiencelabs.com.br\/wp-content\/uploads\/2026\/03\/20250522_agb_lg-24-1-750x500.jpg 750w, https:\/\/acriticatrends.audiencelabs.com.br\/wp-content\/uploads\/2026\/03\/20250522_agb_lg-24-1-1140x761.jpg 1140w, https:\/\/acriticatrends.audiencelabs.com.br\/wp-content\/uploads\/2026\/03\/20250522_agb_lg-24-1.jpg 1199w\" sizes=\"auto, (max-width: 1024px) 100vw, 1024px\" \/><figcaption class=\"wp-element-caption\">Cr\u00e9ditos: Geraldo Bubniak\/AEN<\/figcaption><\/figure>\n\n\n\n<h2 class=\"wp-block-heading\">Expans\u00e3o da LG no Brasil<\/h2>\n\n\n\n<p>Essa expans\u00e3o se soma \u00e0 experi\u00eancia da LG no Brasil, que j\u00e1 possui uma planta h\u00e1 mais de 27 anos na Zona Franca de Manaus, no Amazonas. Justamente por esse hist\u00f3rico, a companhia acredita no potencial da regi\u00e3o e projeta crescimento sustent\u00e1vel.<\/p>\n\n\n\n<p>O investimento \u00e9 uma promessa de desenvolvimento econ\u00f4mico, gera\u00e7\u00e3o de empregos e fortalecimento da cadeia produtiva, sinalizando que o Paran\u00e1 continua atraindo grandes players internacionais para o setor industrial.<\/p>\n\n\n\n<p><\/p>\n","protected":false},"excerpt":{"rendered":"<p>Um novo cap\u00edtulo se aproxima para a ind\u00fastria brasileira, trazendo promessa de empregos e investimento em larga escala. No entanto, o movimento vai al\u00e9m do aporte financeiro, refor\u00e7ando o pa\u00eds como polo regional de produ\u00e7\u00e3o. A cidade escolhida para sediar o novo complexo industrial \u00e9 Fazenda Rio Grande, no Paran\u00e1, pr\u00f3xima \u00e0 capital estadual. A [&hellip;]<\/p>\n","protected":false},"author":4,"featured_media":2850,"comment_status":"open","ping_status":"closed","sticky":false,"template":"","format":"standard","meta":{"jnews-multi-image_gallery":[],"jnews_single_post":{"format":"standard"},"jnews_primary_category":[],"jnews_social_meta":[],"jnews_post_split":[],"footnotes":""},"categories":[55],"tags":[],"class_list":["post-2848","post","type-post","status-publish","format-standard","has-post-thumbnail","hentry","category-trends"],"_links":{"self":[{"href":"https:\/\/acriticatrends.audiencelabs.com.br\/wp-json\/wp\/v2\/posts\/2848","targetHints":{"allow":["GET"]}}],"collection":[{"href":"https:\/\/acriticatrends.audiencelabs.com.br\/wp-json\/wp\/v2\/posts"}],"about":[{"href":"https:\/\/acriticatrends.audiencelabs.com.br\/wp-json\/wp\/v2\/types\/post"}],"author":[{"embeddable":true,"href":"https:\/\/acriticatrends.audiencelabs.com.br\/wp-json\/wp\/v2\/users\/4"}],"replies":[{"embeddable":true,"href":"https:\/\/acriticatrends.audiencelabs.com.br\/wp-json\/wp\/v2\/comments?post=2848"}],"version-history":[{"count":2,"href":"https:\/\/acriticatrends.audiencelabs.com.br\/wp-json\/wp\/v2\/posts\/2848\/revisions"}],"predecessor-version":[{"id":3251,"href":"https:\/\/acriticatrends.audiencelabs.com.br\/wp-json\/wp\/v2\/posts\/2848\/revisions\/3251"}],"wp:featuredmedia":[{"embeddable":true,"href":"https:\/\/acriticatrends.audiencelabs.com.br\/wp-json\/wp\/v2\/media\/2850"}],"wp:attachment":[{"href":"https:\/\/acriticatrends.audiencelabs.com.br\/wp-json\/wp\/v2\/media?parent=2848"}],"wp:term":[{"taxonomy":"category","embeddable":true,"href":"https:\/\/acriticatrends.audiencelabs.com.br\/wp-json\/wp\/v2\/categories?post=2848"},{"taxonomy":"post_tag","embeddable":true,"href":"https:\/\/acriticatrends.audiencelabs.com.br\/wp-json\/wp\/v2\/tags?post=2848"}],"curies":[{"name":"wp","href":"https:\/\/api.w.org\/{rel}","templated":true}]}}