{"id":5780,"date":"2026-05-01T10:45:41","date_gmt":"2026-05-01T13:45:41","guid":{"rendered":"https:\/\/acriticatrends.audiencelabs.com.br\/?p=5780"},"modified":"2026-04-27T08:57:57","modified_gmt":"2026-04-27T11:57:57","slug":"ajuste-simples-na-geladeira-baixa-15-na-conta-de-energia","status":"publish","type":"post","link":"https:\/\/acriticatrends.audiencelabs.com.br\/ajuste-simples-na-geladeira-baixa-15-na-conta-de-energia\/","title":{"rendered":"Ajuste simples na geladeira baixa 15% na conta de energia"},"content":{"rendered":"\n<p>O aumento no valor da conta de energia el\u00e9trica tem levado muitos brasileiros a rever h\u00e1bitos dentro de casa. Entre os eletrodom\u00e9sticos que mais impactam o consumo est\u00e1 a geladeira, equipamento indispens\u00e1vel no dia a dia e que permanece ligado 24 horas. O que poucos sabem \u00e9 que um ajuste simples pode melhorar significativamente sua efici\u00eancia e reduzir gastos.<\/p>\n\n\n\n<p>Especialistas apontam que a regulagem do fluxo de ar interno \u2014 respons\u00e1vel por distribuir o frio entre o freezer e o compartimento inferior \u2014 \u00e9 um fator decisivo para o bom funcionamento do aparelho. Quando esse sistema n\u00e3o est\u00e1 equilibrado, o equipamento tende a trabalhar mais do que o necess\u00e1rio, elevando o consumo de energia.<\/p>\n\n\n\n<h2 class=\"wp-block-heading\">Circula\u00e7\u00e3o de ar influencia diretamente no desempenho<\/h2>\n\n\n\n<p>O funcionamento adequado da geladeira depende da circula\u00e7\u00e3o uniforme do ar frio. Esse fluxo \u00e9 respons\u00e1vel por manter a temperatura est\u00e1vel em todas as \u00e1reas do aparelho. Quando h\u00e1 falhas nessa distribui\u00e7\u00e3o, o compressor \u2014 componente central do sistema de refrigera\u00e7\u00e3o \u2014 precisa operar por mais tempo para compensar o desequil\u00edbrio t\u00e9rmico.<\/p>\n\n\n\n<p>Na pr\u00e1tica, isso pode ser percebido em situa\u00e7\u00f5es comuns, como alimentos congelando na parte inferior ou diferen\u00e7as de temperatura entre prateleiras. Esses sinais indicam que o ar frio n\u00e3o est\u00e1 sendo distribu\u00eddo corretamente.<\/p>\n\n\n\n<h2 class=\"wp-block-heading\">Falta de ajuste pode aumentar o consumo em at\u00e9 15%<\/h2>\n\n\n\n<p>A regulagem inadequada pode elevar o consumo de energia em at\u00e9 15%. Esse impacto ocorre porque o compressor entra em funcionamento com maior frequ\u00eancia, tentando manter a temperatura ideal sem sucesso.<\/p>\n\n\n\n<p>Al\u00e9m do aumento na conta de luz, o uso excessivo tamb\u00e9m contribui para o desgaste precoce do equipamento, reduzindo sua vida \u00fatil e podendo gerar custos adicionais com manuten\u00e7\u00e3o.<\/p>\n\n\n\n<figure class=\"wp-block-image size-large\"><img loading=\"lazy\" decoding=\"async\" width=\"1024\" height=\"683\" src=\"https:\/\/acriticatrends.audiencelabs.com.br\/wp-content\/uploads\/2026\/03\/2150301908-1-1024x683.jpg\" alt=\"\" class=\"wp-image-5815\" srcset=\"https:\/\/acriticatrends.audiencelabs.com.br\/wp-content\/uploads\/2026\/03\/2150301908-1-1024x683.jpg 1024w, https:\/\/acriticatrends.audiencelabs.com.br\/wp-content\/uploads\/2026\/03\/2150301908-1-300x200.jpg 300w, https:\/\/acriticatrends.audiencelabs.com.br\/wp-content\/uploads\/2026\/03\/2150301908-1-768x513.jpg 768w, https:\/\/acriticatrends.audiencelabs.com.br\/wp-content\/uploads\/2026\/03\/2150301908-1-750x501.jpg 750w, https:\/\/acriticatrends.audiencelabs.com.br\/wp-content\/uploads\/2026\/03\/2150301908-1-1140x761.jpg 1140w, https:\/\/acriticatrends.audiencelabs.com.br\/wp-content\/uploads\/2026\/03\/2150301908-1.jpg 1500w\" sizes=\"auto, (max-width: 1024px) 100vw, 1024px\" \/><figcaption class=\"wp-element-caption\">Cr\u00e9ditos: Freepik<\/figcaption><\/figure>\n\n\n\n<h2 class=\"wp-block-heading\">Corre\u00e7\u00e3o simples traz benef\u00edcios imediatos<\/h2>\n\n\n\n<p>A boa not\u00edcia \u00e9 que o problema pode ser resolvido com ajustes simples. Ao regular corretamente a passagem de ar entre os compartimentos, \u00e9 poss\u00edvel equilibrar a temperatura interna, permitindo que o sistema opere de forma mais eficiente.<\/p>\n\n\n\n<p>Com isso, o compressor passa a ser acionado com menos frequ\u00eancia, o que resulta em menor consumo energ\u00e9tico, funcionamento mais silencioso e melhor conserva\u00e7\u00e3o dos alimentos.<\/p>\n\n\n\n<h2 class=\"wp-block-heading\">H\u00e1bitos do dia a dia tamb\u00e9m fazem diferen\u00e7a<\/h2>\n\n\n\n<p>Al\u00e9m da regulagem interna, algumas pr\u00e1ticas cotidianas ajudam a potencializar a economia. Evitar colocar alimentos quentes diretamente na geladeira, por exemplo, reduz o esfor\u00e7o do sistema para resfriar o ambiente interno. Tamb\u00e9m \u00e9 importante n\u00e3o bloquear as sa\u00eddas de ar com recipientes grandes, garantindo a livre circula\u00e7\u00e3o do frio.<\/p>\n\n\n\n<p>Outro ponto essencial \u00e9 a manuten\u00e7\u00e3o da borracha de veda\u00e7\u00e3o da porta. Quando danificada ou suja, ela permite a entrada de ar quente, comprometendo o desempenho do aparelho.<\/p>\n","protected":false},"excerpt":{"rendered":"<p>O aumento no valor da conta de energia el\u00e9trica tem levado muitos brasileiros a rever h\u00e1bitos dentro de casa. Entre os eletrodom\u00e9sticos que mais impactam o consumo est\u00e1 a geladeira, equipamento indispens\u00e1vel no dia a dia e que permanece ligado 24 horas. O que poucos sabem \u00e9 que um ajuste simples pode melhorar significativamente sua [&hellip;]<\/p>\n","protected":false},"author":2,"featured_media":5814,"comment_status":"open","ping_status":"closed","sticky":false,"template":"","format":"standard","meta":{"jnews-multi-image_gallery":[],"jnews_single_post":{"format":"standard"},"jnews_primary_category":[],"jnews_social_meta":[],"jnews_post_split":[],"footnotes":""},"categories":[55],"tags":[],"class_list":["post-5780","post","type-post","status-publish","format-standard","has-post-thumbnail","hentry","category-trends"],"_links":{"self":[{"href":"https:\/\/acriticatrends.audiencelabs.com.br\/wp-json\/wp\/v2\/posts\/5780","targetHints":{"allow":["GET"]}}],"collection":[{"href":"https:\/\/acriticatrends.audiencelabs.com.br\/wp-json\/wp\/v2\/posts"}],"about":[{"href":"https:\/\/acriticatrends.audiencelabs.com.br\/wp-json\/wp\/v2\/types\/post"}],"author":[{"embeddable":true,"href":"https:\/\/acriticatrends.audiencelabs.com.br\/wp-json\/wp\/v2\/users\/2"}],"replies":[{"embeddable":true,"href":"https:\/\/acriticatrends.audiencelabs.com.br\/wp-json\/wp\/v2\/comments?post=5780"}],"version-history":[{"count":1,"href":"https:\/\/acriticatrends.audiencelabs.com.br\/wp-json\/wp\/v2\/posts\/5780\/revisions"}],"predecessor-version":[{"id":5825,"href":"https:\/\/acriticatrends.audiencelabs.com.br\/wp-json\/wp\/v2\/posts\/5780\/revisions\/5825"}],"wp:featuredmedia":[{"embeddable":true,"href":"https:\/\/acriticatrends.audiencelabs.com.br\/wp-json\/wp\/v2\/media\/5814"}],"wp:attachment":[{"href":"https:\/\/acriticatrends.audiencelabs.com.br\/wp-json\/wp\/v2\/media?parent=5780"}],"wp:term":[{"taxonomy":"category","embeddable":true,"href":"https:\/\/acriticatrends.audiencelabs.com.br\/wp-json\/wp\/v2\/categories?post=5780"},{"taxonomy":"post_tag","embeddable":true,"href":"https:\/\/acriticatrends.audiencelabs.com.br\/wp-json\/wp\/v2\/tags?post=5780"}],"curies":[{"name":"wp","href":"https:\/\/api.w.org\/{rel}","templated":true}]}}