{"id":681,"date":"2026-02-13T11:00:00","date_gmt":"2026-02-13T14:00:00","guid":{"rendered":"https:\/\/acriticatrends.audiencelabs.com.br\/?p=681"},"modified":"2026-01-26T10:52:10","modified_gmt":"2026-01-26T13:52:10","slug":"4-penteados-que-rejuvenescem-depois-dos-60","status":"publish","type":"post","link":"https:\/\/acriticatrends.audiencelabs.com.br\/4-penteados-que-rejuvenescem-depois-dos-60\/","title":{"rendered":"4 penteados que rejuvenescem depois dos 60"},"content":{"rendered":"\n<p>Mulheres com mais de 60 anos est\u00e3o transformando seus visuais em ambientes especializados que valorizam cortes de cabelo adapta\u00e7\u00f5es para esta faixa et\u00e1ria. O clima ameno da esta\u00e7\u00e3o \u00e9 prop\u00edcio para adotar novos estilos que combinam comodidade e modernidade. Especialistas apontam op\u00e7\u00f5es que rejuvenesce o visual com eleg\u00e2ncia. <\/p>\n\n\n\n<p>Entre os cortes mais procurados est\u00e3o o chanel desfiado, bob desfiado,\u00a0<em>wavy bob<\/em>\u00a0e\u00a0<em>soft bob<\/em>, cada um com caracter\u00edsticas que real\u00e7am a beleza natural e oferecem praticidade na manuten\u00e7\u00e3o. Conforme aponta a rede de sal\u00f5es Socila, h\u00e1 uma busca crescente por cortes que combinem sofistica\u00e7\u00e3o e facilidade de cuidado. As mulheres tendem a adotar essas transforma\u00e7\u00f5es como uma forma de expressar sua individualidade e confian\u00e7a atrav\u00e9s do estilo de cabelo.<\/p>\n\n\n\n<h2 class=\"wp-block-heading\">Chanel Desfiado: Eleg\u00e2ncia e Praticidade<\/h2>\n\n\n\n<p>O chanel desfiado \u00e9 uma escolha reatualizada que mant\u00e9m o equil\u00edbrio entre estilo e usabilidade. Este corte m\u00e9dio-curto adiciona leveza aos fios enquanto preserva a eleg\u00e2ncia do chanel tradicional. Sua versatilidade \u00e9 relevante, permitindo desde fios lisos at\u00e9 suaves ondas. Isso possibilita que as mulheres mantenham um ar arrumado com pouco esfor\u00e7o, mesmo durante a rotina movimentada.<\/p>\n\n\n\n<h2 class=\"wp-block-heading\">Bob Desfiado: Movimento e Juventude<\/h2>\n\n\n\n<p>O bob desfiado \u00e9 ideal para aquelas que buscam um corte com efeito revigorante. Suas camadas criam movimento e ajudam a suavizar as linhas de express\u00e3o facial, proporcionando um visual mais jovem. Este corte \u00e9 eficaz para todos os tipos de cabelo, adicionando tanto volume quanto leveza. Sua capacidade de adapta\u00e7\u00e3o a v\u00e1rios formatos de rosto o torna acess\u00edvel a multitud de perfis.<\/p>\n\n\n\n<figure class=\"wp-block-image size-large\"><img loading=\"lazy\" decoding=\"async\" width=\"906\" height=\"1024\" src=\"https:\/\/acriticatrends.audiencelabs.com.br\/wp-content\/uploads\/2026\/01\/2149213125-1-e1769435510385-906x1024.jpg\" alt=\"\" class=\"wp-image-682\" srcset=\"https:\/\/acriticatrends.audiencelabs.com.br\/wp-content\/uploads\/2026\/01\/2149213125-1-e1769435510385-906x1024.jpg 906w, https:\/\/acriticatrends.audiencelabs.com.br\/wp-content\/uploads\/2026\/01\/2149213125-1-e1769435510385-266x300.jpg 266w, https:\/\/acriticatrends.audiencelabs.com.br\/wp-content\/uploads\/2026\/01\/2149213125-1-e1769435510385-768x868.jpg 768w, https:\/\/acriticatrends.audiencelabs.com.br\/wp-content\/uploads\/2026\/01\/2149213125-1-e1769435510385-750x847.jpg 750w, https:\/\/acriticatrends.audiencelabs.com.br\/wp-content\/uploads\/2026\/01\/2149213125-1-e1769435510385.jpg 1087w\" sizes=\"auto, (max-width: 906px) 100vw, 906px\" \/><figcaption class=\"wp-element-caption\">Cr\u00e9ditos: Freepik<\/figcaption><\/figure>\n\n\n\n<h2 class=\"wp-block-heading\">Wavy Bob e Soft Bob: Harmonia e Sutileza<\/h2>\n\n\n\n<p>O\u00a0<em>wavy bob<\/em>\u00a0e o\u00a0<em>soft bob<\/em>\u00a0s\u00e3o especialmente populares entre mulheres que desejam destacar a textura natural do cabelo. Esses cortes s\u00e3o favor\u00e1veis para cabelos grisalhos, realizando uma transi\u00e7\u00e3o harmoniosa entre tons. O clima de outono fortalece sua popularidade, j\u00e1 que os estilos leves e soltos s\u00e3o atraentes nesta esta\u00e7\u00e3o. <\/p>\n\n\n\n<p>Eles promovem um cuidado simplificado mantendo uma apar\u00eancia sofisticada. Esses cortes afirmam tanto a eleg\u00e2ncia quanto a liberdade de deixar os cabelos exibirem suas caracter\u00edsticas naturais. Isso tem atra\u00eddo muitas mulheres maduras \u00e0 experimenta\u00e7\u00e3o.<\/p>\n","protected":false},"excerpt":{"rendered":"<p>Mulheres com mais de 60 anos est\u00e3o transformando seus visuais em ambientes especializados que valorizam cortes de cabelo adapta\u00e7\u00f5es para esta faixa et\u00e1ria. O clima ameno da esta\u00e7\u00e3o \u00e9 prop\u00edcio para adotar novos estilos que combinam comodidade e modernidade. Especialistas apontam op\u00e7\u00f5es que rejuvenesce o visual com eleg\u00e2ncia. Entre os cortes mais procurados est\u00e3o o [&hellip;]<\/p>\n","protected":false},"author":2,"featured_media":683,"comment_status":"open","ping_status":"open","sticky":false,"template":"","format":"standard","meta":{"jnews-multi-image_gallery":[],"jnews_single_post":{"format":"standard"},"jnews_primary_category":[],"jnews_social_meta":[],"jnews_post_split":[],"footnotes":""},"categories":[55],"tags":[],"class_list":["post-681","post","type-post","status-publish","format-standard","has-post-thumbnail","hentry","category-trends"],"_links":{"self":[{"href":"https:\/\/acriticatrends.audiencelabs.com.br\/wp-json\/wp\/v2\/posts\/681","targetHints":{"allow":["GET"]}}],"collection":[{"href":"https:\/\/acriticatrends.audiencelabs.com.br\/wp-json\/wp\/v2\/posts"}],"about":[{"href":"https:\/\/acriticatrends.audiencelabs.com.br\/wp-json\/wp\/v2\/types\/post"}],"author":[{"embeddable":true,"href":"https:\/\/acriticatrends.audiencelabs.com.br\/wp-json\/wp\/v2\/users\/2"}],"replies":[{"embeddable":true,"href":"https:\/\/acriticatrends.audiencelabs.com.br\/wp-json\/wp\/v2\/comments?post=681"}],"version-history":[{"count":1,"href":"https:\/\/acriticatrends.audiencelabs.com.br\/wp-json\/wp\/v2\/posts\/681\/revisions"}],"predecessor-version":[{"id":684,"href":"https:\/\/acriticatrends.audiencelabs.com.br\/wp-json\/wp\/v2\/posts\/681\/revisions\/684"}],"wp:featuredmedia":[{"embeddable":true,"href":"https:\/\/acriticatrends.audiencelabs.com.br\/wp-json\/wp\/v2\/media\/683"}],"wp:attachment":[{"href":"https:\/\/acriticatrends.audiencelabs.com.br\/wp-json\/wp\/v2\/media?parent=681"}],"wp:term":[{"taxonomy":"category","embeddable":true,"href":"https:\/\/acriticatrends.audiencelabs.com.br\/wp-json\/wp\/v2\/categories?post=681"},{"taxonomy":"post_tag","embeddable":true,"href":"https:\/\/acriticatrends.audiencelabs.com.br\/wp-json\/wp\/v2\/tags?post=681"}],"curies":[{"name":"wp","href":"https:\/\/api.w.org\/{rel}","templated":true}]}}