{"id":6947,"date":"2026-05-01T15:15:40","date_gmt":"2026-05-01T18:15:40","guid":{"rendered":"https:\/\/acriticatrends.audiencelabs.com.br\/?p=6947"},"modified":"2026-04-27T09:09:58","modified_gmt":"2026-04-27T12:09:58","slug":"ciencia-determina-se-micro-ondas-sao-capazes-de-causar-serios-problemas-de-saude","status":"publish","type":"post","link":"https:\/\/acriticatrends.audiencelabs.com.br\/ciencia-determina-se-micro-ondas-sao-capazes-de-causar-serios-problemas-de-saude\/","title":{"rendered":"Ci\u00eancia determina se micro-ondas s\u00e3o capazes de causar s\u00e9rios problemas de sa\u00fade"},"content":{"rendered":"\n<p>O funcionamento do micro-ondas ainda levanta d\u00favidas entre consumidores, especialmente sobre poss\u00edveis riscos \u00e0 sa\u00fade. No entanto, pesquisas cient\u00edficas indicam que o aparelho \u00e9 seguro quando utilizado corretamente. O consenso atual afasta a rela\u00e7\u00e3o direta com doen\u00e7as graves.<\/p>\n\n\n\n<p>Diferente de outras formas de radia\u00e7\u00e3o, o equipamento utiliza ondas eletromagn\u00e9ticas n\u00e3o ionizantes. Esse tipo de radia\u00e7\u00e3o n\u00e3o altera o DNA humano. Por isso, n\u00e3o est\u00e1 associado ao desenvolvimento de c\u00e2ncer ou problemas similares.<\/p>\n\n\n\n<h2 class=\"wp-block-heading\">Como o aquecimento acontece na pr\u00e1tica<\/h2>\n\n\n\n<p>O micro-ondas aquece os alimentos por meio da vibra\u00e7\u00e3o das mol\u00e9culas de \u00e1gua. Esse movimento gera calor de forma r\u00e1pida e eficiente. O processo n\u00e3o modifica a estrutura dos alimentos de maneira perigosa.<\/p>\n\n\n\n<p>De acordo com a Organiza\u00e7\u00e3o Mundial da Sa\u00fade, n\u00e3o h\u00e1 evid\u00eancias de danos \u00e0 sa\u00fade causados pelo uso adequado do aparelho. No Brasil, a Ag\u00eancia Nacional de Vigil\u00e2ncia Sanit\u00e1ria tamb\u00e9m considera o equipamento seguro. As normas garantem que a radia\u00e7\u00e3o permane\u00e7a confinada.<\/p>\n\n\n\n<p>Os aparelhos modernos contam com sistemas de veda\u00e7\u00e3o que impedem vazamentos. Isso assegura que as ondas fiquem restritas ao interior do equipamento. Dessa forma, o uso cotidiano n\u00e3o representa risco significativo.<\/p>\n\n\n\n<figure class=\"wp-block-image size-large\"><img loading=\"lazy\" decoding=\"async\" width=\"1024\" height=\"683\" src=\"https:\/\/acriticatrends.audiencelabs.com.br\/wp-content\/uploads\/2026\/04\/2147764664-1-1024x683.jpg\" alt=\"\" class=\"wp-image-6950\" srcset=\"https:\/\/acriticatrends.audiencelabs.com.br\/wp-content\/uploads\/2026\/04\/2147764664-1-1024x683.jpg 1024w, https:\/\/acriticatrends.audiencelabs.com.br\/wp-content\/uploads\/2026\/04\/2147764664-1-300x200.jpg 300w, https:\/\/acriticatrends.audiencelabs.com.br\/wp-content\/uploads\/2026\/04\/2147764664-1-768x512.jpg 768w, https:\/\/acriticatrends.audiencelabs.com.br\/wp-content\/uploads\/2026\/04\/2147764664-1-750x500.jpg 750w, https:\/\/acriticatrends.audiencelabs.com.br\/wp-content\/uploads\/2026\/04\/2147764664-1-1140x760.jpg 1140w, https:\/\/acriticatrends.audiencelabs.com.br\/wp-content\/uploads\/2026\/04\/2147764664-1.jpg 1500w\" sizes=\"auto, (max-width: 1024px) 100vw, 1024px\" \/><figcaption class=\"wp-element-caption\">Cr\u00e9ditos: Freepik<\/figcaption><\/figure>\n\n\n\n<h2 class=\"wp-block-heading\">Cuidados no uso evitam acidentes dom\u00e9sticos<\/h2>\n\n\n\n<p>Os principais problemas est\u00e3o ligados ao uso inadequado do micro-ondas. Aquecer l\u00edquidos por tempo excessivo pode provocar superaquecimento. Esse fen\u00f4meno aumenta o risco de queimaduras ao manusear o recipiente.<\/p>\n\n\n\n<p>Outro ponto importante envolve o tipo de material utilizado. Alguns pl\u00e1sticos podem liberar subst\u00e2ncias indesejadas quando aquecidos. Por isso, \u00e9 recomendado optar por recipientes pr\u00f3prios para altas temperaturas.<\/p>\n\n\n\n<p>A conserva\u00e7\u00e3o do equipamento tamb\u00e9m merece aten\u00e7\u00e3o. Portas danificadas ou falhas na veda\u00e7\u00e3o podem comprometer o funcionamento. Mesmo assim, eventuais perdas de radia\u00e7\u00e3o permanecem dentro de limites considerados seguros.<\/p>\n","protected":false},"excerpt":{"rendered":"<p>O funcionamento do micro-ondas ainda levanta d\u00favidas entre consumidores, especialmente sobre poss\u00edveis riscos \u00e0 sa\u00fade. No entanto, pesquisas cient\u00edficas indicam que o aparelho \u00e9 seguro quando utilizado corretamente. O consenso atual afasta a rela\u00e7\u00e3o direta com doen\u00e7as graves. Diferente de outras formas de radia\u00e7\u00e3o, o equipamento utiliza ondas eletromagn\u00e9ticas n\u00e3o ionizantes. Esse tipo de radia\u00e7\u00e3o [&hellip;]<\/p>\n","protected":false},"author":12,"featured_media":6949,"comment_status":"open","ping_status":"closed","sticky":false,"template":"","format":"standard","meta":{"jnews-multi-image_gallery":[],"jnews_single_post":{"format":"standard"},"jnews_primary_category":[],"jnews_social_meta":[],"jnews_post_split":[],"footnotes":""},"categories":[55],"tags":[],"class_list":["post-6947","post","type-post","status-publish","format-standard","has-post-thumbnail","hentry","category-trends"],"_links":{"self":[{"href":"https:\/\/acriticatrends.audiencelabs.com.br\/wp-json\/wp\/v2\/posts\/6947","targetHints":{"allow":["GET"]}}],"collection":[{"href":"https:\/\/acriticatrends.audiencelabs.com.br\/wp-json\/wp\/v2\/posts"}],"about":[{"href":"https:\/\/acriticatrends.audiencelabs.com.br\/wp-json\/wp\/v2\/types\/post"}],"author":[{"embeddable":true,"href":"https:\/\/acriticatrends.audiencelabs.com.br\/wp-json\/wp\/v2\/users\/12"}],"replies":[{"embeddable":true,"href":"https:\/\/acriticatrends.audiencelabs.com.br\/wp-json\/wp\/v2\/comments?post=6947"}],"version-history":[{"count":1,"href":"https:\/\/acriticatrends.audiencelabs.com.br\/wp-json\/wp\/v2\/posts\/6947\/revisions"}],"predecessor-version":[{"id":6951,"href":"https:\/\/acriticatrends.audiencelabs.com.br\/wp-json\/wp\/v2\/posts\/6947\/revisions\/6951"}],"wp:featuredmedia":[{"embeddable":true,"href":"https:\/\/acriticatrends.audiencelabs.com.br\/wp-json\/wp\/v2\/media\/6949"}],"wp:attachment":[{"href":"https:\/\/acriticatrends.audiencelabs.com.br\/wp-json\/wp\/v2\/media?parent=6947"}],"wp:term":[{"taxonomy":"category","embeddable":true,"href":"https:\/\/acriticatrends.audiencelabs.com.br\/wp-json\/wp\/v2\/categories?post=6947"},{"taxonomy":"post_tag","embeddable":true,"href":"https:\/\/acriticatrends.audiencelabs.com.br\/wp-json\/wp\/v2\/tags?post=6947"}],"curies":[{"name":"wp","href":"https:\/\/api.w.org\/{rel}","templated":true}]}}