{"id":7030,"date":"2026-05-01T20:45:08","date_gmt":"2026-05-01T23:45:08","guid":{"rendered":"https:\/\/acriticatrends.audiencelabs.com.br\/?p=7030"},"modified":"2026-04-27T09:08:45","modified_gmt":"2026-04-27T12:08:45","slug":"que-dia-da-semana-vai-cair-o-natal-em-2026","status":"publish","type":"post","link":"https:\/\/acriticatrends.audiencelabs.com.br\/que-dia-da-semana-vai-cair-o-natal-em-2026\/","title":{"rendered":"Que dia da semana vai cair o Natal em 2026?"},"content":{"rendered":"\n<p>O Natal de 2026 j\u00e1 tem data e dia da semana definidos: ser\u00e1 celebrado em uma sexta-feira. A coincid\u00eancia com o fim de semana prolongado tende a favorecer viagens, encontros familiares e movimentar setores como com\u00e9rcio, turismo e eventos em todo o Brasil.<\/p>\n\n\n\n<p>Tradicionalmente comemorado em 25 de dezembro, o Natal \u00e9 considerado um dos per\u00edodos mais relevantes do calend\u00e1rio tanto do ponto de vista cultural quanto econ\u00f4mico. A v\u00e9spera, no dia 24, embora n\u00e3o seja feriado oficial, costuma concentrar as principais confraterniza\u00e7\u00f5es, especialmente a ceia em fam\u00edlia.<\/p>\n\n\n\n<h2 class=\"wp-block-heading\">Data refor\u00e7a planejamento antecipado das fam\u00edlias<\/h2>\n\n\n\n<p>Saber com anteced\u00eancia em que dia da semana a data ser\u00e1 celebrada permite que muitas fam\u00edlias se organizem melhor. Com o Natal em uma sexta-feira em 2026, a expectativa \u00e9 de que haja maior ades\u00e3o a viagens curtas e encontros prolongados, aproveitando o final de semana.<\/p>\n\n\n\n<p>Al\u00e9m disso, empresas e trabalhadores tamb\u00e9m ajustam suas agendas com base no calend\u00e1rio, seja para programar folgas, seja para intensificar atividades comerciais. O per\u00edodo natalino costuma ser estrat\u00e9gico para diversos setores, especialmente o varejo, que registra aumento significativo nas vendas.<\/p>\n\n\n\n<h2 class=\"wp-block-heading\">Origem do Natal mistura tradi\u00e7\u00f5es antigas e crist\u00e3s<\/h2>\n\n\n\n<p>Embora amplamente associado ao nascimento de Jesus Cristo, o Natal tem origens mais antigas. Antes de sua consolida\u00e7\u00e3o como celebra\u00e7\u00e3o crist\u00e3, festividades eram realizadas no hemisf\u00e9rio norte durante o solst\u00edcio de inverno, marcando a transi\u00e7\u00e3o das esta\u00e7\u00f5es.<\/p>\n\n\n\n<p>Entre os romanos, a festividade conhecida como Saturn\u00e1lia reunia pr\u00e1ticas como troca de presentes, banquetes e decora\u00e7\u00e3o com elementos naturais. Com o avan\u00e7o do cristianismo, a Igreja incorporou essas tradi\u00e7\u00f5es, estabelecendo o dia 25 de dezembro como marco simb\u00f3lico do nascimento de Cristo.<\/p>\n\n\n\n<figure class=\"wp-block-image size-full\"><img loading=\"lazy\" decoding=\"async\" width=\"1024\" height=\"768\" src=\"https:\/\/acriticatrends.audiencelabs.com.br\/wp-content\/uploads\/2026\/04\/projeto_brasilia_iluminada_mcajr_abr_0006231221.webp\" alt=\"\" class=\"wp-image-7061\" srcset=\"https:\/\/acriticatrends.audiencelabs.com.br\/wp-content\/uploads\/2026\/04\/projeto_brasilia_iluminada_mcajr_abr_0006231221.webp 1024w, https:\/\/acriticatrends.audiencelabs.com.br\/wp-content\/uploads\/2026\/04\/projeto_brasilia_iluminada_mcajr_abr_0006231221-300x225.webp 300w, https:\/\/acriticatrends.audiencelabs.com.br\/wp-content\/uploads\/2026\/04\/projeto_brasilia_iluminada_mcajr_abr_0006231221-768x576.webp 768w, https:\/\/acriticatrends.audiencelabs.com.br\/wp-content\/uploads\/2026\/04\/projeto_brasilia_iluminada_mcajr_abr_0006231221-750x563.webp 750w\" sizes=\"auto, (max-width: 1024px) 100vw, 1024px\" \/><figcaption class=\"wp-element-caption\">Cr\u00e9ditos: Marcello Casal Jr\/ Ag\u00eancia Brasil<\/figcaption><\/figure>\n\n\n\n<p>A escolha da data n\u00e3o possui confirma\u00e7\u00e3o hist\u00f3rica nos textos b\u00edblicos, mas foi adotada como estrat\u00e9gia de adapta\u00e7\u00e3o cultural, facilitando a aceita\u00e7\u00e3o da nova religi\u00e3o entre povos que j\u00e1 celebravam nesse per\u00edodo.<\/p>\n\n\n\n<h2 class=\"wp-block-heading\">Tradi\u00e7\u00f5es natalinas permanecem fortes no Brasil<\/h2>\n\n\n\n<p>No Brasil, o Natal \u00e9 marcado por uma combina\u00e7\u00e3o de pr\u00e1ticas religiosas e costumes populares. A ceia realizada na noite de 24 de dezembro segue como uma das principais tradi\u00e7\u00f5es, reunindo familiares em torno de pratos t\u00edpicos como peru, tender, farofa, rabanada e panetone.<\/p>\n\n\n\n<p>Outro s\u00edmbolo presente na maioria dos lares \u00e9 a \u00e1rvore de Natal, decorada com luzes, enfeites e elementos simb\u00f3licos. A montagem costuma envolver toda a fam\u00edlia, refor\u00e7ando o car\u00e1ter afetivo da data.<\/p>\n\n\n\n<p>A troca de presentes tamb\u00e9m \u00e9 um dos momentos mais aguardados, especialmente pelas crian\u00e7as, muitas vezes associada \u00e0 figura do Papai Noel. J\u00e1 entre adultos, o \u201camigo secreto\u201d se mant\u00e9m como alternativa popular, sobretudo em ambientes de trabalho e grupos de amigos.<\/p>\n\n\n\n<p>Al\u00e9m disso, celebra\u00e7\u00f5es religiosas, como a tradicional Missa do Galo, seguem reunindo fi\u00e9is na noite de Natal, destacando o aspecto espiritual da data.<\/p>\n\n\n\n<h2 class=\"wp-block-heading\">Impactos econ\u00f4micos e aumento do consumo<\/h2>\n\n\n\n<p>O per\u00edodo natalino \u00e9 considerado um dos mais importantes para a economia brasileira. O aumento na procura por presentes, alimentos e servi\u00e7os gera aquecimento no com\u00e9rcio e impulsiona diversos setores.<\/p>\n\n\n\n<p>Promo\u00e7\u00f5es e campanhas de vendas se intensificam nas semanas que antecedem o Natal, acompanhando uma tend\u00eancia global de consumo. Al\u00e9m do varejo, o setor de turismo tamb\u00e9m se beneficia, com aumento na procura por passagens, hospedagens e pacotes de fim de ano.<\/p>\n\n\n\n<p>Apesar do forte apelo comercial, o Natal mant\u00e9m um significado que vai al\u00e9m das compras. A data \u00e9 tradicionalmente associada \u00e0 uni\u00e3o familiar, \u00e0 reflex\u00e3o sobre o ano que passou e \u00e0 renova\u00e7\u00e3o de expectativas para o futuro.<\/p>\n\n\n\n<p>No Brasil, tamb\u00e9m \u00e9 comum a realiza\u00e7\u00e3o de a\u00e7\u00f5es solid\u00e1rias durante esse per\u00edodo. Campanhas de arrecada\u00e7\u00e3o de alimentos, brinquedos e roupas mobilizam pessoas e institui\u00e7\u00f5es, com o objetivo de proporcionar uma celebra\u00e7\u00e3o mais digna para comunidades em situa\u00e7\u00e3o de vulnerabilidade.<\/p>\n\n\n\n<figure class=\"wp-block-image size-large\"><img loading=\"lazy\" decoding=\"async\" width=\"1024\" height=\"613\" src=\"https:\/\/acriticatrends.audiencelabs.com.br\/wp-content\/uploads\/2026\/04\/comercio_decoracao_de_natal_rvrsa_abr_2511213977-1024x613.webp\" alt=\"\" class=\"wp-image-7062\" srcset=\"https:\/\/acriticatrends.audiencelabs.com.br\/wp-content\/uploads\/2026\/04\/comercio_decoracao_de_natal_rvrsa_abr_2511213977-1024x613.webp 1024w, https:\/\/acriticatrends.audiencelabs.com.br\/wp-content\/uploads\/2026\/04\/comercio_decoracao_de_natal_rvrsa_abr_2511213977-300x179.webp 300w, https:\/\/acriticatrends.audiencelabs.com.br\/wp-content\/uploads\/2026\/04\/comercio_decoracao_de_natal_rvrsa_abr_2511213977-768x459.webp 768w, https:\/\/acriticatrends.audiencelabs.com.br\/wp-content\/uploads\/2026\/04\/comercio_decoracao_de_natal_rvrsa_abr_2511213977-750x449.webp 750w, https:\/\/acriticatrends.audiencelabs.com.br\/wp-content\/uploads\/2026\/04\/comercio_decoracao_de_natal_rvrsa_abr_2511213977-1140x682.webp 1140w, https:\/\/acriticatrends.audiencelabs.com.br\/wp-content\/uploads\/2026\/04\/comercio_decoracao_de_natal_rvrsa_abr_2511213977.webp 1170w\" sizes=\"auto, (max-width: 1024px) 100vw, 1024px\" \/><figcaption class=\"wp-element-caption\">Cr\u00e9ditos: Rovena Rosa\/ Ag\u00eancia Brasil<\/figcaption><\/figure>\n","protected":false},"excerpt":{"rendered":"<p>O Natal de 2026 j\u00e1 tem data e dia da semana definidos: ser\u00e1 celebrado em uma sexta-feira. A coincid\u00eancia com o fim de semana prolongado tende a favorecer viagens, encontros familiares e movimentar setores como com\u00e9rcio, turismo e eventos em todo o Brasil. Tradicionalmente comemorado em 25 de dezembro, o Natal \u00e9 considerado um dos [&hellip;]<\/p>\n","protected":false},"author":2,"featured_media":7060,"comment_status":"open","ping_status":"closed","sticky":false,"template":"","format":"standard","meta":{"jnews-multi-image_gallery":[],"jnews_single_post":{"format":"standard"},"jnews_primary_category":[],"jnews_social_meta":[],"jnews_post_split":[],"footnotes":""},"categories":[55],"tags":[],"class_list":["post-7030","post","type-post","status-publish","format-standard","has-post-thumbnail","hentry","category-trends"],"_links":{"self":[{"href":"https:\/\/acriticatrends.audiencelabs.com.br\/wp-json\/wp\/v2\/posts\/7030","targetHints":{"allow":["GET"]}}],"collection":[{"href":"https:\/\/acriticatrends.audiencelabs.com.br\/wp-json\/wp\/v2\/posts"}],"about":[{"href":"https:\/\/acriticatrends.audiencelabs.com.br\/wp-json\/wp\/v2\/types\/post"}],"author":[{"embeddable":true,"href":"https:\/\/acriticatrends.audiencelabs.com.br\/wp-json\/wp\/v2\/users\/2"}],"replies":[{"embeddable":true,"href":"https:\/\/acriticatrends.audiencelabs.com.br\/wp-json\/wp\/v2\/comments?post=7030"}],"version-history":[{"count":1,"href":"https:\/\/acriticatrends.audiencelabs.com.br\/wp-json\/wp\/v2\/posts\/7030\/revisions"}],"predecessor-version":[{"id":7063,"href":"https:\/\/acriticatrends.audiencelabs.com.br\/wp-json\/wp\/v2\/posts\/7030\/revisions\/7063"}],"wp:featuredmedia":[{"embeddable":true,"href":"https:\/\/acriticatrends.audiencelabs.com.br\/wp-json\/wp\/v2\/media\/7060"}],"wp:attachment":[{"href":"https:\/\/acriticatrends.audiencelabs.com.br\/wp-json\/wp\/v2\/media?parent=7030"}],"wp:term":[{"taxonomy":"category","embeddable":true,"href":"https:\/\/acriticatrends.audiencelabs.com.br\/wp-json\/wp\/v2\/categories?post=7030"},{"taxonomy":"post_tag","embeddable":true,"href":"https:\/\/acriticatrends.audiencelabs.com.br\/wp-json\/wp\/v2\/tags?post=7030"}],"curies":[{"name":"wp","href":"https:\/\/api.w.org\/{rel}","templated":true}]}}