{"id":7209,"date":"2026-04-12T06:15:00","date_gmt":"2026-04-12T09:15:00","guid":{"rendered":"https:\/\/acriticatrends.audiencelabs.com.br\/?p=7209"},"modified":"2026-04-08T15:07:49","modified_gmt":"2026-04-08T18:07:49","slug":"ilha-no-sul-do-brasil-abriga-mamifero-considerado-raro-em-todo-o-mundo","status":"publish","type":"post","link":"https:\/\/acriticatrends.audiencelabs.com.br\/ilha-no-sul-do-brasil-abriga-mamifero-considerado-raro-em-todo-o-mundo\/","title":{"rendered":"Ilha no Sul do Brasil abriga mam\u00edfero considerado raro em todo o mundo"},"content":{"rendered":"\n<p>Um pequeno territ\u00f3rio isolado no litoral brasileiro guarda um dos maiores s\u00edmbolos da biodiversidade nacional, chamando aten\u00e7\u00e3o de pesquisadores e autoridades ambientais. No entanto, o que torna esse local t\u00e3o especial vai al\u00e9m da paisagem, envolvendo justamente a sobreviv\u00eancia de uma esp\u00e9cie extremamente rara.<\/p>\n\n\n\n<p>O <strong>arquip\u00e9lago de Moleques do Sul<\/strong>, localizado a cerca de oito quil\u00f4metros da costa de Florian\u00f3polis, integra o Parque Estadual da Serra do Tabuleiro e abriga o <strong>pre\u00e1-de-Moleques-do-Sul<\/strong>. Esse mam\u00edfero \u00e9 considerado o mais raro do mundo, vivendo exclusivamente em uma \u00e1rea muito limitada.<\/p>\n\n\n\n<p>A esp\u00e9cie ocupa pouco mais de dez hectares, sendo que apenas cerca de quatro hectares de vegeta\u00e7\u00e3o aberta s\u00e3o utilizados no dia a dia. Justamente por isso, sua distribui\u00e7\u00e3o \u00e9 considerada a menor j\u00e1 registrada entre mam\u00edferos terrestres.<\/p>\n\n\n\n<p>Durante o dia, os animais permanecem escondidos, evitando exposi\u00e7\u00e3o ao sol, e saem para se alimentar em hor\u00e1rios mais amenos. Esse comportamento, no entanto, est\u00e1 diretamente ligado \u00e0s condi\u00e7\u00f5es ambientais da ilha.<\/p>\n\n\n\n<p>A popula\u00e7\u00e3o do pre\u00e1-de-Moleques-do-Sul \u00e9 bastante reduzida, variando entre 40 e 60. Esse n\u00famero pode mudar conforme a oferta de alimentos e outros fatores naturais presentes no ambiente.<\/p>\n\n\n\n<p>Na ilha, n\u00e3o h\u00e1 predadores conhecidos, o que faz com que a disponibilidade de gram\u00edneas seja o principal elemento de controle populacional. At\u00e9 mesmo pequenas mudan\u00e7as nesse equil\u00edbrio podem impactar diretamente a sobreviv\u00eancia da esp\u00e9cie.<\/p>\n\n\n\n<figure class=\"wp-block-image size-large\"><img loading=\"lazy\" decoding=\"async\" width=\"1024\" height=\"768\" src=\"https:\/\/acriticatrends.audiencelabs.com.br\/wp-content\/uploads\/2026\/04\/Cavia_intermedia_f825-1024x768.jpg\" alt=\"\" class=\"wp-image-7211\" srcset=\"https:\/\/acriticatrends.audiencelabs.com.br\/wp-content\/uploads\/2026\/04\/Cavia_intermedia_f825-1024x768.jpg 1024w, https:\/\/acriticatrends.audiencelabs.com.br\/wp-content\/uploads\/2026\/04\/Cavia_intermedia_f825-300x225.jpg 300w, https:\/\/acriticatrends.audiencelabs.com.br\/wp-content\/uploads\/2026\/04\/Cavia_intermedia_f825-768x576.jpg 768w, https:\/\/acriticatrends.audiencelabs.com.br\/wp-content\/uploads\/2026\/04\/Cavia_intermedia_f825-750x563.jpg 750w, https:\/\/acriticatrends.audiencelabs.com.br\/wp-content\/uploads\/2026\/04\/Cavia_intermedia_f825-1140x855.jpg 1140w, https:\/\/acriticatrends.audiencelabs.com.br\/wp-content\/uploads\/2026\/04\/Cavia_intermedia_f825.jpg 1200w\" sizes=\"auto, (max-width: 1024px) 100vw, 1024px\" \/><figcaption class=\"wp-element-caption\">Cr\u00e9ditos: Wikimedia Commons<\/figcaption><\/figure>\n\n\n\n<h2 class=\"wp-block-heading\">Prote\u00e7\u00e3o rigorosa garante sobreviv\u00eancia<\/h2>\n\n\n\n<p>A origem desse animal remonta a cerca de oito mil anos, quando o aumento do n\u00edvel do mar isolou popula\u00e7\u00f5es em \u00e1reas elevadas, formando ilhas. D\u00e9cadas depois, nos anos 1970, a cria\u00e7\u00e3o do parque foi essencial para preservar o habitat antes mesmo da identifica\u00e7\u00e3o da esp\u00e9cie, que ocorreu apenas na d\u00e9cada de 1980.<\/p>\n\n\n\n<p>Atualmente, medidas r\u00edgidas est\u00e3o em vigor para garantir a prote\u00e7\u00e3o do local, com o Governo Federal proibindo o desembarque de turistas. O acesso \u00e9 restrito a pesquisadores, j\u00e1 que qualquer interfer\u00eancia humana representa risco direto \u00e0 continuidade do pre\u00e1-de-Moleques-do-Sul.<\/p>\n","protected":false},"excerpt":{"rendered":"<p>Um pequeno territ\u00f3rio isolado no litoral brasileiro guarda um dos maiores s\u00edmbolos da biodiversidade nacional, chamando aten\u00e7\u00e3o de pesquisadores e autoridades ambientais. No entanto, o que torna esse local t\u00e3o especial vai al\u00e9m da paisagem, envolvendo justamente a sobreviv\u00eancia de uma esp\u00e9cie extremamente rara. O arquip\u00e9lago de Moleques do Sul, localizado a cerca de oito [&hellip;]<\/p>\n","protected":false},"author":4,"featured_media":7210,"comment_status":"open","ping_status":"closed","sticky":false,"template":"","format":"standard","meta":{"jnews-multi-image_gallery":[],"jnews_single_post":{"format":"standard"},"jnews_primary_category":[],"jnews_social_meta":[],"jnews_post_split":[],"footnotes":""},"categories":[55],"tags":[],"class_list":["post-7209","post","type-post","status-publish","format-standard","has-post-thumbnail","hentry","category-trends"],"_links":{"self":[{"href":"https:\/\/acriticatrends.audiencelabs.com.br\/wp-json\/wp\/v2\/posts\/7209","targetHints":{"allow":["GET"]}}],"collection":[{"href":"https:\/\/acriticatrends.audiencelabs.com.br\/wp-json\/wp\/v2\/posts"}],"about":[{"href":"https:\/\/acriticatrends.audiencelabs.com.br\/wp-json\/wp\/v2\/types\/post"}],"author":[{"embeddable":true,"href":"https:\/\/acriticatrends.audiencelabs.com.br\/wp-json\/wp\/v2\/users\/4"}],"replies":[{"embeddable":true,"href":"https:\/\/acriticatrends.audiencelabs.com.br\/wp-json\/wp\/v2\/comments?post=7209"}],"version-history":[{"count":2,"href":"https:\/\/acriticatrends.audiencelabs.com.br\/wp-json\/wp\/v2\/posts\/7209\/revisions"}],"predecessor-version":[{"id":7573,"href":"https:\/\/acriticatrends.audiencelabs.com.br\/wp-json\/wp\/v2\/posts\/7209\/revisions\/7573"}],"wp:featuredmedia":[{"embeddable":true,"href":"https:\/\/acriticatrends.audiencelabs.com.br\/wp-json\/wp\/v2\/media\/7210"}],"wp:attachment":[{"href":"https:\/\/acriticatrends.audiencelabs.com.br\/wp-json\/wp\/v2\/media?parent=7209"}],"wp:term":[{"taxonomy":"category","embeddable":true,"href":"https:\/\/acriticatrends.audiencelabs.com.br\/wp-json\/wp\/v2\/categories?post=7209"},{"taxonomy":"post_tag","embeddable":true,"href":"https:\/\/acriticatrends.audiencelabs.com.br\/wp-json\/wp\/v2\/tags?post=7209"}],"curies":[{"name":"wp","href":"https:\/\/api.w.org\/{rel}","templated":true}]}}