{"id":7867,"date":"2026-04-30T16:45:53","date_gmt":"2026-04-30T19:45:53","guid":{"rendered":"https:\/\/acriticatrends.audiencelabs.com.br\/?p=7867"},"modified":"2026-04-30T14:52:19","modified_gmt":"2026-04-30T17:52:19","slug":"7-atividades-ideais-para-reduzir-ansiedade-e-estresse","status":"publish","type":"post","link":"https:\/\/acriticatrends.audiencelabs.com.br\/7-atividades-ideais-para-reduzir-ansiedade-e-estresse\/","title":{"rendered":"7 atividades ideais para reduzir ansiedade e estresse"},"content":{"rendered":"\n<p>Em um contexto marcado por press\u00f5es profissionais, excesso de informa\u00e7\u00f5es e ritmo acelerado, cresce a preocupa\u00e7\u00e3o com a sa\u00fade mental. Cada vez mais, especialistas refor\u00e7am que o cuidado com o corpo tamb\u00e9m exerce impacto direto sobre o equil\u00edbrio emocional. Nesse cen\u00e1rio, a pr\u00e1tica regular de exerc\u00edcios f\u00edsicos surge como uma estrat\u00e9gia eficaz para reduzir sintomas de ansiedade e estresse.<\/p>\n\n\n\n<p>Pesquisas cient\u00edficas internacionais apontam que manter uma rotina ativa pode diminuir significativamente as chances de desenvolver transtornos ansiosos. Al\u00e9m disso, para quem j\u00e1 enfrenta o problema, o movimento corporal atua como um importante complemento \u00e0s abordagens terap\u00eauticas, ajudando a estabilizar o humor e melhorar a qualidade de vida.<\/p>\n\n\n\n<h2 class=\"wp-block-heading\">Corpo em movimento influencia diretamente o bem-estar emocional<\/h2>\n\n\n\n<p>A rela\u00e7\u00e3o entre atividade f\u00edsica e sa\u00fade mental est\u00e1 ligada a processos qu\u00edmicos do organismo. Durante o exerc\u00edcio, o corpo libera subst\u00e2ncias como endorfina e serotonina, respons\u00e1veis por sensa\u00e7\u00f5es de prazer, relaxamento e bem-estar. Ao mesmo tempo, h\u00e1 redu\u00e7\u00e3o dos n\u00edveis de cortisol, horm\u00f4nio associado ao estresse.<\/p>\n\n\n\n<p>Outro fator relevante \u00e9 a respira\u00e7\u00e3o. Exerc\u00edcios que exigem maior controle respirat\u00f3rio favorecem o relaxamento e contribuem para a redu\u00e7\u00e3o da tens\u00e3o. Esse conjunto de efeitos ajuda a quebrar o ciclo de ansiedade, promovendo maior estabilidade emocional.<\/p>\n\n\n\n<p>Al\u00e9m disso, a pr\u00e1tica regular de atividades f\u00edsicas est\u00e1 associada a melhorias na qualidade do sono \u2014 um aspecto frequentemente prejudicado em pessoas ansiosas e que pode agravar ainda mais o quadro.<\/p>\n\n\n\n<h2 class=\"wp-block-heading\">Pr\u00e1ticas que unem mente e corpo ganham espa\u00e7o<\/h2>\n\n\n\n<p>Entre as atividades mais indicadas est\u00e1 a yoga, que combina posturas, respira\u00e7\u00e3o e concentra\u00e7\u00e3o. A pr\u00e1tica \u00e9 reconhecida por proporcionar relaxamento profundo, ao mesmo tempo em que fortalece o corpo e melhora a flexibilidade.<\/p>\n\n\n\n<p>Por ser de baixo impacto, a yoga pode ser adaptada a diferentes perfis, desde iniciantes at\u00e9 pessoas com limita\u00e7\u00f5es f\u00edsicas. Outro benef\u00edcio est\u00e1 na promo\u00e7\u00e3o do autoconhecimento, que ajuda a lidar melhor com emo\u00e7\u00f5es intensas.<\/p>\n\n\n\n<h2 class=\"wp-block-heading\">Exerc\u00edcios aer\u00f3bicos s\u00e3o op\u00e7\u00f5es acess\u00edveis e eficientes<\/h2>\n\n\n\n<p>Atividades como caminhada e corrida continuam entre as mais recomendadas por especialistas. Simples de serem incorporadas \u00e0 rotina, elas contribuem para a libera\u00e7\u00e3o de horm\u00f4nios ligados ao bem-estar e ajudam a aliviar tens\u00f5es acumuladas ao longo do dia.<\/p>\n\n\n\n<p>A regularidade \u00e9 um fator determinante para os resultados. Dedicar alguns minutos por semana j\u00e1 pode trazer impactos positivos tanto na sa\u00fade f\u00edsica quanto mental, al\u00e9m de favorecer o condicionamento cardiovascular.<\/p>\n\n\n\n<figure class=\"wp-block-image size-large\"><img loading=\"lazy\" decoding=\"async\" width=\"1024\" height=\"682\" src=\"https:\/\/acriticatrends.audiencelabs.com.br\/wp-content\/uploads\/2026\/04\/Cardio_Zone_Treadmills_Starcomplex-1024x682.jpg\" alt=\"\" class=\"wp-image-7875\" srcset=\"https:\/\/acriticatrends.audiencelabs.com.br\/wp-content\/uploads\/2026\/04\/Cardio_Zone_Treadmills_Starcomplex-1024x682.jpg 1024w, https:\/\/acriticatrends.audiencelabs.com.br\/wp-content\/uploads\/2026\/04\/Cardio_Zone_Treadmills_Starcomplex-300x200.jpg 300w, https:\/\/acriticatrends.audiencelabs.com.br\/wp-content\/uploads\/2026\/04\/Cardio_Zone_Treadmills_Starcomplex-768x512.jpg 768w, https:\/\/acriticatrends.audiencelabs.com.br\/wp-content\/uploads\/2026\/04\/Cardio_Zone_Treadmills_Starcomplex-750x500.jpg 750w, https:\/\/acriticatrends.audiencelabs.com.br\/wp-content\/uploads\/2026\/04\/Cardio_Zone_Treadmills_Starcomplex-1140x760.jpg 1140w, https:\/\/acriticatrends.audiencelabs.com.br\/wp-content\/uploads\/2026\/04\/Cardio_Zone_Treadmills_Starcomplex.jpg 1280w\" sizes=\"auto, (max-width: 1024px) 100vw, 1024px\" \/><figcaption class=\"wp-element-caption\">Cr\u00e9ditos: Nicolau Pan\u0447\u0435\u043d\u043a\u043e\/ Wikimedia Commons<\/figcaption><\/figure>\n\n\n\n<h2 class=\"wp-block-heading\">Alongamento e gin\u00e1stica ajudam a reduzir tens\u00f5es do dia a dia<\/h2>\n\n\n\n<p>Exerc\u00edcios que trabalham diferentes grupos musculares, como a gin\u00e1stica, s\u00e3o apontados como aliados na diminui\u00e7\u00e3o da ansiedade. Isso ocorre porque o movimento corporal contribui para a libera\u00e7\u00e3o de tens\u00f5es f\u00edsicas, muitas vezes associadas ao estresse emocional.<\/p>\n\n\n\n<p>J\u00e1 o alongamento se destaca pela praticidade. Pode ser realizado em casa ou at\u00e9 mesmo no ambiente de trabalho, ajudando a melhorar a postura e proporcionando relaxamento imediato. Quando combinado com respira\u00e7\u00e3o profunda, seus efeitos s\u00e3o potencializados.<\/p>\n\n\n\n<h2 class=\"wp-block-heading\">Pilates refor\u00e7a a conex\u00e3o entre respira\u00e7\u00e3o e controle emocional<\/h2>\n\n\n\n<p>O pilates tamb\u00e9m aparece como uma alternativa eficaz, principalmente por integrar fortalecimento muscular e t\u00e9cnicas respirat\u00f3rias. A pr\u00e1tica estimula a consci\u00eancia corporal e favorece o equil\u00edbrio entre mente e corpo.<\/p>\n\n\n\n<p>Al\u00e9m disso, \u00e9 frequentemente indicado para pessoas que buscam n\u00e3o apenas prevenir, mas tamb\u00e9m aliviar sintomas relacionados \u00e0 ansiedade, j\u00e1 que promove maior controle dos movimentos e da respira\u00e7\u00e3o.<\/p>\n\n\n\n<figure class=\"wp-block-image size-large\"><img loading=\"lazy\" decoding=\"async\" width=\"1024\" height=\"682\" src=\"https:\/\/acriticatrends.audiencelabs.com.br\/wp-content\/uploads\/2026\/04\/Pilates_9956559243-1024x682.jpg\" alt=\"\" class=\"wp-image-7877\" srcset=\"https:\/\/acriticatrends.audiencelabs.com.br\/wp-content\/uploads\/2026\/04\/Pilates_9956559243-1024x682.jpg 1024w, https:\/\/acriticatrends.audiencelabs.com.br\/wp-content\/uploads\/2026\/04\/Pilates_9956559243-300x200.jpg 300w, https:\/\/acriticatrends.audiencelabs.com.br\/wp-content\/uploads\/2026\/04\/Pilates_9956559243-768x512.jpg 768w, https:\/\/acriticatrends.audiencelabs.com.br\/wp-content\/uploads\/2026\/04\/Pilates_9956559243-750x500.jpg 750w, https:\/\/acriticatrends.audiencelabs.com.br\/wp-content\/uploads\/2026\/04\/Pilates_9956559243-1140x760.jpg 1140w, https:\/\/acriticatrends.audiencelabs.com.br\/wp-content\/uploads\/2026\/04\/Pilates_9956559243.jpg 1280w\" sizes=\"auto, (max-width: 1024px) 100vw, 1024px\" \/><figcaption class=\"wp-element-caption\">Cr\u00e9ditos: Red CreaDeporte\/ Wikimedia Commons<\/figcaption><\/figure>\n\n\n\n<h2 class=\"wp-block-heading\">Dan\u00e7a e muscula\u00e7\u00e3o oferecem benef\u00edcios al\u00e9m do f\u00edsico<\/h2>\n\n\n\n<p>Para quem prefere atividades mais din\u00e2micas, a dan\u00e7a pode ser uma excelente escolha. Ao unir m\u00fasica e movimento, ela proporciona prazer e ajuda a reduzir o estresse de forma natural. Outro ponto positivo \u00e9 o impacto na autoestima e na socializa\u00e7\u00e3o.<\/p>\n\n\n\n<p>J\u00e1 a muscula\u00e7\u00e3o, embora muitas vezes associada apenas \u00e0 est\u00e9tica, tamb\u00e9m desempenha papel importante na sa\u00fade mental. O esfor\u00e7o f\u00edsico contribui para o relaxamento ap\u00f3s o treino e auxilia na melhora do sono, fator essencial para o equil\u00edbrio emocional.<\/p>\n\n\n\n<p>Apesar dos benef\u00edcios comprovados dos exerc\u00edcios f\u00edsicos, especialistas ressaltam que eles n\u00e3o devem ser vistos como solu\u00e7\u00e3o isolada. A combina\u00e7\u00e3o com uma alimenta\u00e7\u00e3o equilibrada e o acompanhamento profissional, especialmente psicol\u00f3gico, \u00e9 fundamental para um cuidado completo.<\/p>\n\n\n\n<p>Mesmo quadros leves de ansiedade merecem aten\u00e7\u00e3o e orienta\u00e7\u00e3o adequada. A ado\u00e7\u00e3o de h\u00e1bitos saud\u00e1veis, aliada \u00e0 pr\u00e1tica regular de atividades f\u00edsicas, pode fazer a diferen\u00e7a na preven\u00e7\u00e3o e no controle dos sintomas.<\/p>\n","protected":false},"excerpt":{"rendered":"<p>Em um contexto marcado por press\u00f5es profissionais, excesso de informa\u00e7\u00f5es e ritmo acelerado, cresce a preocupa\u00e7\u00e3o com a sa\u00fade mental. Cada vez mais, especialistas refor\u00e7am que o cuidado com o corpo tamb\u00e9m exerce impacto direto sobre o equil\u00edbrio emocional. Nesse cen\u00e1rio, a pr\u00e1tica regular de exerc\u00edcios f\u00edsicos surge como uma estrat\u00e9gia eficaz para reduzir sintomas [&hellip;]<\/p>\n","protected":false},"author":2,"featured_media":7876,"comment_status":"open","ping_status":"closed","sticky":false,"template":"","format":"standard","meta":{"jnews-multi-image_gallery":[],"jnews_single_post":{"format":"standard"},"jnews_primary_category":[],"jnews_social_meta":[],"jnews_post_split":[],"footnotes":""},"categories":[55],"tags":[],"class_list":["post-7867","post","type-post","status-publish","format-standard","has-post-thumbnail","hentry","category-trends"],"_links":{"self":[{"href":"https:\/\/acriticatrends.audiencelabs.com.br\/wp-json\/wp\/v2\/posts\/7867","targetHints":{"allow":["GET"]}}],"collection":[{"href":"https:\/\/acriticatrends.audiencelabs.com.br\/wp-json\/wp\/v2\/posts"}],"about":[{"href":"https:\/\/acriticatrends.audiencelabs.com.br\/wp-json\/wp\/v2\/types\/post"}],"author":[{"embeddable":true,"href":"https:\/\/acriticatrends.audiencelabs.com.br\/wp-json\/wp\/v2\/users\/2"}],"replies":[{"embeddable":true,"href":"https:\/\/acriticatrends.audiencelabs.com.br\/wp-json\/wp\/v2\/comments?post=7867"}],"version-history":[{"count":1,"href":"https:\/\/acriticatrends.audiencelabs.com.br\/wp-json\/wp\/v2\/posts\/7867\/revisions"}],"predecessor-version":[{"id":7882,"href":"https:\/\/acriticatrends.audiencelabs.com.br\/wp-json\/wp\/v2\/posts\/7867\/revisions\/7882"}],"wp:featuredmedia":[{"embeddable":true,"href":"https:\/\/acriticatrends.audiencelabs.com.br\/wp-json\/wp\/v2\/media\/7876"}],"wp:attachment":[{"href":"https:\/\/acriticatrends.audiencelabs.com.br\/wp-json\/wp\/v2\/media?parent=7867"}],"wp:term":[{"taxonomy":"category","embeddable":true,"href":"https:\/\/acriticatrends.audiencelabs.com.br\/wp-json\/wp\/v2\/categories?post=7867"},{"taxonomy":"post_tag","embeddable":true,"href":"https:\/\/acriticatrends.audiencelabs.com.br\/wp-json\/wp\/v2\/tags?post=7867"}],"curies":[{"name":"wp","href":"https:\/\/api.w.org\/{rel}","templated":true}]}}