{"id":7883,"date":"2026-05-03T09:45:18","date_gmt":"2026-05-03T12:45:18","guid":{"rendered":"https:\/\/acriticatrends.audiencelabs.com.br\/?p=7883"},"modified":"2026-04-30T14:37:42","modified_gmt":"2026-04-30T17:37:42","slug":"7-direitos-das-gestantes-que-nem-todas-sabem-que-possuem","status":"publish","type":"post","link":"https:\/\/acriticatrends.audiencelabs.com.br\/7-direitos-das-gestantes-que-nem-todas-sabem-que-possuem\/","title":{"rendered":"7 direitos das gestantes que nem todas sabem que possuem"},"content":{"rendered":"\n<p>A gravidez \u00e9 um per\u00edodo que exige aten\u00e7\u00e3o especial \u00e0 sa\u00fade f\u00edsica, emocional e tamb\u00e9m aos direitos legais da mulher. Embora muitas garantias j\u00e1 sejam amplamente divulgadas, como a licen\u00e7a-maternidade, h\u00e1 uma s\u00e9rie de direitos assegurados pela legisla\u00e7\u00e3o brasileira que ainda s\u00e3o desconhecidos por grande parte das gestantes.<\/p>\n\n\n\n<p>Essas normas t\u00eam como objetivo proteger n\u00e3o apenas a m\u00e3e, mas tamb\u00e9m o beb\u00ea, garantindo condi\u00e7\u00f5es adequadas durante a gesta\u00e7\u00e3o e nos primeiros meses de vida da crian\u00e7a. Especialistas alertam que a falta de informa\u00e7\u00e3o pode fazer com que mulheres deixem de exercer direitos importantes no ambiente de trabalho e nos servi\u00e7os de sa\u00fade.<\/p>\n\n\n\n<h2 class=\"wp-block-heading\">Estabilidade no emprego vai al\u00e9m do que muitos imaginam<\/h2>\n\n\n\n<p>Um dos direitos mais relevantes \u00e9 a estabilidade no emprego. A legisla\u00e7\u00e3o garante que a gestante n\u00e3o pode ser demitida sem justa causa desde a confirma\u00e7\u00e3o da gravidez at\u00e9 cinco meses ap\u00f3s o parto. O que muitas mulheres n\u00e3o sabem \u00e9 que essa prote\u00e7\u00e3o tamb\u00e9m vale nos casos em que a gesta\u00e7\u00e3o \u00e9 descoberta ap\u00f3s a demiss\u00e3o ou durante o per\u00edodo de aviso pr\u00e9vio.<\/p>\n\n\n\n<p>Nessas situa\u00e7\u00f5es, a trabalhadora pode solicitar a reintegra\u00e7\u00e3o ao emprego ou indeniza\u00e7\u00e3o correspondente. A medida busca assegurar seguran\u00e7a financeira em um momento de maior vulnerabilidade.<\/p>\n\n\n\n<h2 class=\"wp-block-heading\">Mudan\u00e7a de fun\u00e7\u00e3o protege sa\u00fade da m\u00e3e e do beb\u00ea<\/h2>\n\n\n\n<p>Outro ponto pouco conhecido \u00e9 o direito \u00e0 mudan\u00e7a de fun\u00e7\u00e3o dentro da empresa. Caso a atividade exercida ofere\u00e7a riscos \u00e0 gestante ou ao desenvolvimento do beb\u00ea, \u00e9 poss\u00edvel solicitar a transfer\u00eancia para outro setor, mediante recomenda\u00e7\u00e3o m\u00e9dica.<\/p>\n\n\n\n<p>A legisla\u00e7\u00e3o tamb\u00e9m prev\u00ea que a profissional n\u00e3o pode ser isolada ou prejudicada por essa altera\u00e7\u00e3o, garantindo a manuten\u00e7\u00e3o de seus direitos e da conviv\u00eancia no ambiente de trabalho.<\/p>\n\n\n\n<h2 class=\"wp-block-heading\">Aus\u00eancias para consultas n\u00e3o podem ser descontadas<\/h2>\n\n\n\n<p>O acompanhamento pr\u00e9-natal \u00e9 essencial para uma gesta\u00e7\u00e3o saud\u00e1vel, e a lei assegura que a trabalhadora possa se ausentar do trabalho para realizar consultas e exames. S\u00e3o permitidas at\u00e9 seis faltas sem preju\u00edzo salarial, podendo esse n\u00famero ser ampliado em casos de gravidez de risco.<\/p>\n\n\n\n<p>Al\u00e9m disso, o acesso ao sistema p\u00fablico de sa\u00fade garante a realiza\u00e7\u00e3o gratuita de exames importantes, bem como atendimento priorit\u00e1rio em hospitais e demais servi\u00e7os.<\/p>\n\n\n\n<h2 class=\"wp-block-heading\">Intervalo para amamenta\u00e7\u00e3o \u00e9 garantido por lei<\/h2>\n\n\n\n<p>Ap\u00f3s o nascimento do beb\u00ea, outro direito relevante entra em vigor: o intervalo para amamenta\u00e7\u00e3o. At\u00e9 os seis meses de vida da crian\u00e7a, a m\u00e3e tem direito a dois per\u00edodos di\u00e1rios de 30 minutos durante a jornada de trabalho para amamentar.<\/p>\n\n\n\n<p>Esse tempo pode ser ajustado mediante acordo com o empregador, permitindo, por exemplo, a sa\u00edda antecipada ou entrada tardia. A medida visa incentivar o aleitamento materno, reconhecido como fundamental para o desenvolvimento infantil.<\/p>\n\n\n\n<figure class=\"wp-block-image size-large\"><img loading=\"lazy\" decoding=\"async\" width=\"1024\" height=\"696\" src=\"https:\/\/acriticatrends.audiencelabs.com.br\/wp-content\/uploads\/2026\/04\/Baby_breastfeeding_Social_networks_Moscow_Russia-1024x696.jpg\" alt=\"\" class=\"wp-image-7886\" srcset=\"https:\/\/acriticatrends.audiencelabs.com.br\/wp-content\/uploads\/2026\/04\/Baby_breastfeeding_Social_networks_Moscow_Russia-1024x696.jpg 1024w, https:\/\/acriticatrends.audiencelabs.com.br\/wp-content\/uploads\/2026\/04\/Baby_breastfeeding_Social_networks_Moscow_Russia-300x204.jpg 300w, https:\/\/acriticatrends.audiencelabs.com.br\/wp-content\/uploads\/2026\/04\/Baby_breastfeeding_Social_networks_Moscow_Russia-768x522.jpg 768w, https:\/\/acriticatrends.audiencelabs.com.br\/wp-content\/uploads\/2026\/04\/Baby_breastfeeding_Social_networks_Moscow_Russia-750x510.jpg 750w, https:\/\/acriticatrends.audiencelabs.com.br\/wp-content\/uploads\/2026\/04\/Baby_breastfeeding_Social_networks_Moscow_Russia-1140x775.jpg 1140w, https:\/\/acriticatrends.audiencelabs.com.br\/wp-content\/uploads\/2026\/04\/Baby_breastfeeding_Social_networks_Moscow_Russia.jpg 1280w\" sizes=\"auto, (max-width: 1024px) 100vw, 1024px\" \/><figcaption class=\"wp-element-caption\">Cr\u00e9ditos: \tVyacheslav Argenberg\/ Wikimedia Commons<\/figcaption><\/figure>\n\n\n\n<h2 class=\"wp-block-heading\">Direito \u00e0 creche ainda \u00e9 pouco conhecido<\/h2>\n\n\n\n<p>Empresas com determinado n\u00famero de funcion\u00e1rias tamb\u00e9m possuem obriga\u00e7\u00f5es relacionadas ao cuidado com os filhos das colaboradoras. Em locais com pelo menos 30 mulheres maiores de 16 anos, deve ser oferecido um espa\u00e7o adequado para os beb\u00eas durante o per\u00edodo de amamenta\u00e7\u00e3o.<\/p>\n\n\n\n<p>Alternativamente, pode ser disponibilizado o chamado aux\u00edlio-creche, negociado por meio de acordos coletivos. Apesar de previsto em lei, esse direito ainda \u00e9 pouco divulgado.<\/p>\n\n\n\n<h2 class=\"wp-block-heading\">Despesas da gesta\u00e7\u00e3o podem ser compartilhadas<\/h2>\n\n\n\n<p>Outro aspecto que costuma gerar d\u00favidas diz respeito \u00e0s responsabilidades financeiras durante a gravidez. A legisla\u00e7\u00e3o brasileira determina que o pai deve contribuir com os custos relacionados \u00e0 gesta\u00e7\u00e3o, incluindo exames, medicamentos e alimenta\u00e7\u00e3o.<\/p>\n\n\n\n<p>Esse suporte, conhecido como alimentos grav\u00eddicos, pode ser solicitado judicialmente e tem como objetivo garantir melhores condi\u00e7\u00f5es para a sa\u00fade da m\u00e3e e do beb\u00ea.<\/p>\n\n\n\n<h2 class=\"wp-block-heading\">Direito de amamentar em p\u00fablico \u00e9 assegurado<\/h2>\n\n\n\n<p>Embora pare\u00e7a b\u00e1sico, o direito de amamentar em locais p\u00fablicos ainda enfrenta resist\u00eancia em alguns contextos. No entanto, a pr\u00e1tica \u00e9 protegida por lei, e qualquer tentativa de impedir ou constranger a m\u00e3e pode resultar em penalidades. A medida refor\u00e7a a import\u00e2ncia do aleitamento materno e busca combater o preconceito, assegurando liberdade e dignidade \u00e0s mulheres.<\/p>\n\n\n\n<p>Apesar de a legisla\u00e7\u00e3o brasileira oferecer uma rede de prote\u00e7\u00e3o significativa \u00e0s gestantes, a falta de informa\u00e7\u00e3o ainda \u00e9 um obst\u00e1culo. Muitas mulheres desconhecem seus direitos e, por isso, acabam n\u00e3o usufruindo de garantias importantes durante a gravidez e o p\u00f3s-parto.<\/p>\n\n\n\n<figure class=\"wp-block-image size-large\"><img loading=\"lazy\" decoding=\"async\" width=\"1024\" height=\"768\" src=\"https:\/\/acriticatrends.audiencelabs.com.br\/wp-content\/uploads\/2026\/04\/Breastfeeding_on_the_Museum_Island_Berlin-1024x768.jpg\" alt=\"\" class=\"wp-image-7885\" srcset=\"https:\/\/acriticatrends.audiencelabs.com.br\/wp-content\/uploads\/2026\/04\/Breastfeeding_on_the_Museum_Island_Berlin-1024x768.jpg 1024w, https:\/\/acriticatrends.audiencelabs.com.br\/wp-content\/uploads\/2026\/04\/Breastfeeding_on_the_Museum_Island_Berlin-300x225.jpg 300w, https:\/\/acriticatrends.audiencelabs.com.br\/wp-content\/uploads\/2026\/04\/Breastfeeding_on_the_Museum_Island_Berlin-768x576.jpg 768w, https:\/\/acriticatrends.audiencelabs.com.br\/wp-content\/uploads\/2026\/04\/Breastfeeding_on_the_Museum_Island_Berlin-750x563.jpg 750w, https:\/\/acriticatrends.audiencelabs.com.br\/wp-content\/uploads\/2026\/04\/Breastfeeding_on_the_Museum_Island_Berlin-1140x855.jpg 1140w, https:\/\/acriticatrends.audiencelabs.com.br\/wp-content\/uploads\/2026\/04\/Breastfeeding_on_the_Museum_Island_Berlin.jpg 1280w\" sizes=\"auto, (max-width: 1024px) 100vw, 1024px\" \/><figcaption class=\"wp-element-caption\">Cr\u00e9ditos: Chris Alban Hansen\/ Wikimedia Commons<br><\/figcaption><\/figure>\n","protected":false},"excerpt":{"rendered":"<p>A gravidez \u00e9 um per\u00edodo que exige aten\u00e7\u00e3o especial \u00e0 sa\u00fade f\u00edsica, emocional e tamb\u00e9m aos direitos legais da mulher. Embora muitas garantias j\u00e1 sejam amplamente divulgadas, como a licen\u00e7a-maternidade, h\u00e1 uma s\u00e9rie de direitos assegurados pela legisla\u00e7\u00e3o brasileira que ainda s\u00e3o desconhecidos por grande parte das gestantes. Essas normas t\u00eam como objetivo proteger n\u00e3o [&hellip;]<\/p>\n","protected":false},"author":2,"featured_media":7766,"comment_status":"open","ping_status":"closed","sticky":false,"template":"","format":"standard","meta":{"jnews-multi-image_gallery":[],"jnews_single_post":{"format":"standard"},"jnews_primary_category":[],"jnews_social_meta":[],"jnews_post_split":[],"footnotes":""},"categories":[55],"tags":[],"class_list":["post-7883","post","type-post","status-publish","format-standard","has-post-thumbnail","hentry","category-trends"],"_links":{"self":[{"href":"https:\/\/acriticatrends.audiencelabs.com.br\/wp-json\/wp\/v2\/posts\/7883","targetHints":{"allow":["GET"]}}],"collection":[{"href":"https:\/\/acriticatrends.audiencelabs.com.br\/wp-json\/wp\/v2\/posts"}],"about":[{"href":"https:\/\/acriticatrends.audiencelabs.com.br\/wp-json\/wp\/v2\/types\/post"}],"author":[{"embeddable":true,"href":"https:\/\/acriticatrends.audiencelabs.com.br\/wp-json\/wp\/v2\/users\/2"}],"replies":[{"embeddable":true,"href":"https:\/\/acriticatrends.audiencelabs.com.br\/wp-json\/wp\/v2\/comments?post=7883"}],"version-history":[{"count":1,"href":"https:\/\/acriticatrends.audiencelabs.com.br\/wp-json\/wp\/v2\/posts\/7883\/revisions"}],"predecessor-version":[{"id":7887,"href":"https:\/\/acriticatrends.audiencelabs.com.br\/wp-json\/wp\/v2\/posts\/7883\/revisions\/7887"}],"wp:featuredmedia":[{"embeddable":true,"href":"https:\/\/acriticatrends.audiencelabs.com.br\/wp-json\/wp\/v2\/media\/7766"}],"wp:attachment":[{"href":"https:\/\/acriticatrends.audiencelabs.com.br\/wp-json\/wp\/v2\/media?parent=7883"}],"wp:term":[{"taxonomy":"category","embeddable":true,"href":"https:\/\/acriticatrends.audiencelabs.com.br\/wp-json\/wp\/v2\/categories?post=7883"},{"taxonomy":"post_tag","embeddable":true,"href":"https:\/\/acriticatrends.audiencelabs.com.br\/wp-json\/wp\/v2\/tags?post=7883"}],"curies":[{"name":"wp","href":"https:\/\/api.w.org\/{rel}","templated":true}]}}