{"id":7906,"date":"2026-05-01T06:45:30","date_gmt":"2026-05-01T09:45:30","guid":{"rendered":"https:\/\/acriticatrends.audiencelabs.com.br\/?p=7906"},"modified":"2026-04-27T08:55:42","modified_gmt":"2026-04-27T11:55:42","slug":"como-fazer-maquiagem-depois-dos-65-anos","status":"publish","type":"post","link":"https:\/\/acriticatrends.audiencelabs.com.br\/como-fazer-maquiagem-depois-dos-65-anos\/","title":{"rendered":"Como fazer maquiagem depois dos 65 anos?"},"content":{"rendered":"\n<p>Com o avan\u00e7o da idade, a pele passa por transforma\u00e7\u00f5es que influenciam diretamente a forma como a maquiagem deve ser aplicada. Ap\u00f3s os 65 anos, caracter\u00edsticas como ressecamento, perda de elasticidade e surgimento de rugas tornam necess\u00e1rio adaptar produtos e t\u00e9cnicas. <\/p>\n\n\n\n<p>Especialistas em beleza e dermatologia apontam que, mais do que esconder imperfei\u00e7\u00f5es, a maquiagem nessa fase deve valorizar a luminosidade e proporcionar um aspecto saud\u00e1vel.A busca por um visual mais leve e natural tem se consolidado como tend\u00eancia entre mulheres maduras, substituindo camadas pesadas por acabamentos suaves e estrat\u00e9gicos.<\/p>\n\n\n\n<h2 class=\"wp-block-heading\">Hidrata\u00e7\u00e3o \u00e9 o primeiro passo para um bom resultado<\/h2>\n\n\n\n<p>Antes de qualquer produto de maquiagem, o cuidado com a pele \u00e9 essencial. A hidrata\u00e7\u00e3o adequada ajuda a suavizar linhas de express\u00e3o e melhora a fixa\u00e7\u00e3o dos cosm\u00e9ticos. O uso de s\u00e9runs e cremes hidratantes, tanto pela manh\u00e3 quanto \u00e0 noite, contribui para devolver o vi\u00e7o \u00e0 pele, que tende a se tornar mais seca com o passar dos anos.<\/p>\n\n\n\n<p>Al\u00e9m disso, uma pele bem cuidada permite que a maquiagem tenha acabamento mais uniforme, evitando o ac\u00famulo de produto nas rugas, o que pode acentuar os sinais do tempo.<\/p>\n\n\n\n<h2 class=\"wp-block-heading\">Menos \u00e9 mais: base leve e acabamento natural<\/h2>\n\n\n\n<p>Na hora de preparar a pele, a recomenda\u00e7\u00e3o \u00e9 optar por bases leves ou hidratantes com cobertura suave. Produtos muito densos podem marcar ainda mais as linhas de express\u00e3o, enquanto f\u00f3rmulas mais fluidas ajudam a uniformizar o tom sem pesar.<\/p>\n\n\n\n<p>O corretivo deve ser aplicado com modera\u00e7\u00e3o, especialmente na regi\u00e3o dos olhos, onde a pele \u00e9 mais fina e sens\u00edvel. A ideia \u00e9 iluminar o olhar sem evidenciar olheiras profundas ou marcas.<\/p>\n\n\n\n<figure class=\"wp-block-image size-large\"><img loading=\"lazy\" decoding=\"async\" width=\"1024\" height=\"683\" src=\"https:\/\/acriticatrends.audiencelabs.com.br\/wp-content\/uploads\/2026\/04\/7812-1-1024x683.jpg\" alt=\"\" class=\"wp-image-7352\" srcset=\"https:\/\/acriticatrends.audiencelabs.com.br\/wp-content\/uploads\/2026\/04\/7812-1-1024x683.jpg 1024w, https:\/\/acriticatrends.audiencelabs.com.br\/wp-content\/uploads\/2026\/04\/7812-1-300x200.jpg 300w, https:\/\/acriticatrends.audiencelabs.com.br\/wp-content\/uploads\/2026\/04\/7812-1-768x513.jpg 768w, https:\/\/acriticatrends.audiencelabs.com.br\/wp-content\/uploads\/2026\/04\/7812-1-750x501.jpg 750w, https:\/\/acriticatrends.audiencelabs.com.br\/wp-content\/uploads\/2026\/04\/7812-1-1140x761.jpg 1140w, https:\/\/acriticatrends.audiencelabs.com.br\/wp-content\/uploads\/2026\/04\/7812-1.jpg 1500w\" sizes=\"auto, (max-width: 1024px) 100vw, 1024px\" \/><figcaption class=\"wp-element-caption\">Cr\u00e9ditos: Freepik<\/figcaption><\/figure>\n\n\n\n<h2 class=\"wp-block-heading\">Olhos e sobrancelhas pedem aten\u00e7\u00e3o especial<\/h2>\n\n\n\n<p>Com o envelhecimento, as sobrancelhas tendem a ficar mais finas e menos definidas, o que pode impactar a express\u00e3o facial. Por isso, preench\u00ea-las de forma sutil ajuda a emoldurar o rosto e rejuvenescer o olhar.<\/p>\n\n\n\n<p>Nos olhos, sombras em tons claros e neutros s\u00e3o as mais indicadas, pois evitam pesar a express\u00e3o. T\u00e9cnicas que criam efeito de eleva\u00e7\u00e3o, como iluminar o canto interno e suavizar o c\u00f4ncavo, contribuem para um visual mais descansado. O uso de m\u00e1scara de c\u00edlios tamb\u00e9m pode fazer diferen\u00e7a, destacando o olhar sem exageros.<\/p>\n\n\n\n<h2 class=\"wp-block-heading\">L\u00e1bios hidratados e com leve brilho valorizam o rosto<\/h2>\n\n\n\n<p>Os l\u00e1bios tamb\u00e9m sofrem altera\u00e7\u00f5es com o tempo, tornando-se mais finos e ressecados. Para um melhor resultado, \u00e9 importante come\u00e7ar com a hidrata\u00e7\u00e3o, utilizando balms ou produtos espec\u00edficos.<\/p>\n\n\n\n<p>Batons com acabamento cremoso ou levemente brilhante s\u00e3o mais indicados, pois ajudam a dar volume e evitam o aspecto r\u00edgido que vers\u00f5es matte podem causar. Delinear suavemente os l\u00e1bios tamb\u00e9m contribui para definir o contorno, que tende a perder nitidez com a idade.<\/p>\n\n\n\n<h2 class=\"wp-block-heading\">Finaliza\u00e7\u00e3o estrat\u00e9gica garante durabilidade e frescor<\/h2>\n\n\n\n<p>A etapa final da maquiagem deve focar na fixa\u00e7\u00e3o e na manuten\u00e7\u00e3o do aspecto natural. O uso de p\u00f3s deve ser moderado, aplicado apenas em \u00e1reas espec\u00edficas para evitar o excesso de produto.<\/p>\n\n\n\n<p>Iluminadores e p\u00f3s com leve brilho podem ser utilizados de forma estrat\u00e9gica para devolver luminosidade \u00e0 pele, especialmente em regi\u00f5es como t\u00eamporas e topo das ma\u00e7\u00e3s do rosto. Finalizar com uma bruma facial ou \u00e1gua termal ajuda a integrar os produtos e garantir um acabamento mais leve e duradouro.<\/p>\n\n\n\n<figure class=\"wp-block-image size-large\"><img loading=\"lazy\" decoding=\"async\" width=\"717\" height=\"1024\" src=\"https:\/\/acriticatrends.audiencelabs.com.br\/wp-content\/uploads\/2026\/04\/7854-1-717x1024.jpg\" alt=\"\" class=\"wp-image-7354\"\/><figcaption class=\"wp-element-caption\">Cr\u00e9ditos: Freepik<\/figcaption><\/figure>\n","protected":false},"excerpt":{"rendered":"<p>Com o avan\u00e7o da idade, a pele passa por transforma\u00e7\u00f5es que influenciam diretamente a forma como a maquiagem deve ser aplicada. Ap\u00f3s os 65 anos, caracter\u00edsticas como ressecamento, perda de elasticidade e surgimento de rugas tornam necess\u00e1rio adaptar produtos e t\u00e9cnicas. Especialistas em beleza e dermatologia apontam que, mais do que esconder imperfei\u00e7\u00f5es, a maquiagem [&hellip;]<\/p>\n","protected":false},"author":2,"featured_media":7908,"comment_status":"open","ping_status":"closed","sticky":false,"template":"","format":"standard","meta":{"jnews-multi-image_gallery":[],"jnews_single_post":{"format":"standard"},"jnews_primary_category":[],"jnews_social_meta":[],"jnews_post_split":[],"footnotes":""},"categories":[55],"tags":[],"class_list":["post-7906","post","type-post","status-publish","format-standard","has-post-thumbnail","hentry","category-trends"],"_links":{"self":[{"href":"https:\/\/acriticatrends.audiencelabs.com.br\/wp-json\/wp\/v2\/posts\/7906","targetHints":{"allow":["GET"]}}],"collection":[{"href":"https:\/\/acriticatrends.audiencelabs.com.br\/wp-json\/wp\/v2\/posts"}],"about":[{"href":"https:\/\/acriticatrends.audiencelabs.com.br\/wp-json\/wp\/v2\/types\/post"}],"author":[{"embeddable":true,"href":"https:\/\/acriticatrends.audiencelabs.com.br\/wp-json\/wp\/v2\/users\/2"}],"replies":[{"embeddable":true,"href":"https:\/\/acriticatrends.audiencelabs.com.br\/wp-json\/wp\/v2\/comments?post=7906"}],"version-history":[{"count":1,"href":"https:\/\/acriticatrends.audiencelabs.com.br\/wp-json\/wp\/v2\/posts\/7906\/revisions"}],"predecessor-version":[{"id":7909,"href":"https:\/\/acriticatrends.audiencelabs.com.br\/wp-json\/wp\/v2\/posts\/7906\/revisions\/7909"}],"wp:featuredmedia":[{"embeddable":true,"href":"https:\/\/acriticatrends.audiencelabs.com.br\/wp-json\/wp\/v2\/media\/7908"}],"wp:attachment":[{"href":"https:\/\/acriticatrends.audiencelabs.com.br\/wp-json\/wp\/v2\/media?parent=7906"}],"wp:term":[{"taxonomy":"category","embeddable":true,"href":"https:\/\/acriticatrends.audiencelabs.com.br\/wp-json\/wp\/v2\/categories?post=7906"},{"taxonomy":"post_tag","embeddable":true,"href":"https:\/\/acriticatrends.audiencelabs.com.br\/wp-json\/wp\/v2\/tags?post=7906"}],"curies":[{"name":"wp","href":"https:\/\/api.w.org\/{rel}","templated":true}]}}