{"id":8506,"date":"2026-04-26T20:32:00","date_gmt":"2026-04-26T23:32:00","guid":{"rendered":"https:\/\/acriticatrends.audiencelabs.com.br\/?p=8506"},"modified":"2026-04-20T11:44:14","modified_gmt":"2026-04-20T14:44:14","slug":"psicologia-revela-por-que-nascidos-nas-decadas-de-1960-e-1970-se-tornaram-emocionalmente-fortes","status":"publish","type":"post","link":"https:\/\/acriticatrends.audiencelabs.com.br\/psicologia-revela-por-que-nascidos-nas-decadas-de-1960-e-1970-se-tornaram-emocionalmente-fortes\/","title":{"rendered":"Psicologia revela por que nascidos nas d\u00e9cadas de 1960 e 1970 se tornaram emocionalmente fortes"},"content":{"rendered":"\n<p>Pesquisas psicol\u00f3gicas indicam que crian\u00e7as dos anos 1960 e 1970 forjaram for\u00e7a interior por meio de autonomia di\u00e1ria. Aus\u00eancia de supervis\u00e3o constante ensinou autorregula\u00e7\u00e3o precoce e solu\u00e7\u00e3o independente de conflitos. Liberdades como brincar sem rastreamento fomentaram adapta\u00e7\u00e3o natural.<\/p>\n\n\n\n<p>Meta-an\u00e1lises recentes destacam excessos de prote\u00e7\u00e3o parental elevando ansiedade em jovens. Adultos intervindo em min\u00facias impedem aprendizado de frustra\u00e7\u00f5es leves. Padr\u00f5es globais confirmam essa din\u00e2mica em diversas culturas.<\/p>\n\n\n\n<h3 class=\"wp-block-heading\">Descobertas de Estudos Amplos<\/h3>\n\n\n\n<p>An\u00e1lise de 52 pesquisas, liderada por Qi Zhang e Wongeun Ji, revela la\u00e7os entre superprote\u00e7\u00e3o e sintomas internalizantes como depress\u00e3o. Participantes na faixa dos 20 anos mostram padr\u00f5es consistentes de isolamento e preocupa\u00e7\u00e3o. Rela\u00e7\u00f5es persistem independentemente de renda ou origem \u00e9tnica.<\/p>\n\n\n\n<p>Sobreprote\u00e7\u00e3o difere de envolvimento saud\u00e1vel por interven\u00e7\u00f5es excessivas em disputas triviais. Revis\u00e3o de 2022 por Stine L. Vigdal alerta para ciclos viciosos de ansiedade m\u00fatua. Evid\u00eancias sugerem bidirecionalidade sem causalidade absoluta.<\/p>\n\n\n\n<h3 class=\"wp-block-heading\">Autorregula\u00e7\u00e3o via Jogo Livre<\/h3>\n\n\n\n<p>Resili\u00eancia baseia-se em gerir emo\u00e7\u00f5es sem aux\u00edlio externo constante. Marc Brackett, de Yale, define-a como habilidades intencionais aprimoradas por pr\u00e1tica desordenada. Crian\u00e7as experimentam desconfortos para descobrir estrat\u00e9gias eficazes.<\/p>\n\n\n\n<p>Estudo australiano de Yeshe Colliver rastreou 2213 crian\u00e7as, ligando jogo n\u00e3o estruturado a melhor autocontrole anos depois. Brincadeiras &#8220;arriscadas&#8221; como escaladas promovem desenvolvimento social. Revis\u00e3o de Mariana Brussoni refor\u00e7a benef\u00edcios de explora\u00e7\u00f5es ao ar livre.<\/p>\n\n\n\n<figure class=\"wp-block-image size-large\"><img loading=\"lazy\" decoding=\"async\" width=\"1024\" height=\"683\" src=\"https:\/\/acriticatrends.audiencelabs.com.br\/wp-content\/uploads\/2026\/04\/elliott-colburn-diU9gdfkRo-unsplash-1024x683.jpg\" alt=\"\" class=\"wp-image-8508\" srcset=\"https:\/\/acriticatrends.audiencelabs.com.br\/wp-content\/uploads\/2026\/04\/elliott-colburn-diU9gdfkRo-unsplash-1024x683.jpg 1024w, https:\/\/acriticatrends.audiencelabs.com.br\/wp-content\/uploads\/2026\/04\/elliott-colburn-diU9gdfkRo-unsplash-300x200.jpg 300w, https:\/\/acriticatrends.audiencelabs.com.br\/wp-content\/uploads\/2026\/04\/elliott-colburn-diU9gdfkRo-unsplash-768x512.jpg 768w, https:\/\/acriticatrends.audiencelabs.com.br\/wp-content\/uploads\/2026\/04\/elliott-colburn-diU9gdfkRo-unsplash-1536x1024.jpg 1536w, https:\/\/acriticatrends.audiencelabs.com.br\/wp-content\/uploads\/2026\/04\/elliott-colburn-diU9gdfkRo-unsplash-750x500.jpg 750w, https:\/\/acriticatrends.audiencelabs.com.br\/wp-content\/uploads\/2026\/04\/elliott-colburn-diU9gdfkRo-unsplash-1140x760.jpg 1140w, https:\/\/acriticatrends.audiencelabs.com.br\/wp-content\/uploads\/2026\/04\/elliott-colburn-diU9gdfkRo-unsplash.jpg 1920w\" sizes=\"auto, (max-width: 1024px) 100vw, 1024px\" \/><figcaption class=\"wp-element-caption\">Cr\u00e9ditos: Elliott Colburn \/ Unsplash<\/figcaption><\/figure>\n\n\n\n<h3 class=\"wp-block-heading\">Fatores Ambientais e Mudan\u00e7as Sociais<\/h3>\n\n\n\n<p>Tr\u00e1fego intenso limita mobilidade independente de crian\u00e7as atuais, conforme relat\u00f3rio do Policy Studies Institute em 16 pa\u00edses. Escolas priorizam gest\u00e3o de riscos sobre promo\u00e7\u00e3o de atividades livres. Pol\u00edticas r\u00edgidas reduzem chances de avalia\u00e7\u00e3o real de perigos.<\/p>\n\n\n\n<p>Pesquisa de 2024 por Alethea Jerebine critica normas escolares excessivamente cautelosas. Menos deambula\u00e7\u00e3o di\u00e1ria afeta aprendizado pr\u00e1tico de autonomia. Entornos urbanos demandam equil\u00edbrio entre seguran\u00e7a e liberdade gradual.<\/p>\n","protected":false},"excerpt":{"rendered":"<p>Pesquisas psicol\u00f3gicas indicam que crian\u00e7as dos anos 1960 e 1970 forjaram for\u00e7a interior por meio de autonomia di\u00e1ria. Aus\u00eancia de supervis\u00e3o constante ensinou autorregula\u00e7\u00e3o precoce e solu\u00e7\u00e3o independente de conflitos. Liberdades como brincar sem rastreamento fomentaram adapta\u00e7\u00e3o natural. Meta-an\u00e1lises recentes destacam excessos de prote\u00e7\u00e3o parental elevando ansiedade em jovens. Adultos intervindo em min\u00facias impedem aprendizado [&hellip;]<\/p>\n","protected":false},"author":12,"featured_media":8507,"comment_status":"open","ping_status":"closed","sticky":false,"template":"","format":"standard","meta":{"jnews-multi-image_gallery":[],"jnews_single_post":{"format":"standard"},"jnews_primary_category":[],"jnews_social_meta":[],"jnews_post_split":[],"footnotes":""},"categories":[55],"tags":[],"class_list":["post-8506","post","type-post","status-publish","format-standard","has-post-thumbnail","hentry","category-trends"],"_links":{"self":[{"href":"https:\/\/acriticatrends.audiencelabs.com.br\/wp-json\/wp\/v2\/posts\/8506","targetHints":{"allow":["GET"]}}],"collection":[{"href":"https:\/\/acriticatrends.audiencelabs.com.br\/wp-json\/wp\/v2\/posts"}],"about":[{"href":"https:\/\/acriticatrends.audiencelabs.com.br\/wp-json\/wp\/v2\/types\/post"}],"author":[{"embeddable":true,"href":"https:\/\/acriticatrends.audiencelabs.com.br\/wp-json\/wp\/v2\/users\/12"}],"replies":[{"embeddable":true,"href":"https:\/\/acriticatrends.audiencelabs.com.br\/wp-json\/wp\/v2\/comments?post=8506"}],"version-history":[{"count":1,"href":"https:\/\/acriticatrends.audiencelabs.com.br\/wp-json\/wp\/v2\/posts\/8506\/revisions"}],"predecessor-version":[{"id":8509,"href":"https:\/\/acriticatrends.audiencelabs.com.br\/wp-json\/wp\/v2\/posts\/8506\/revisions\/8509"}],"wp:featuredmedia":[{"embeddable":true,"href":"https:\/\/acriticatrends.audiencelabs.com.br\/wp-json\/wp\/v2\/media\/8507"}],"wp:attachment":[{"href":"https:\/\/acriticatrends.audiencelabs.com.br\/wp-json\/wp\/v2\/media?parent=8506"}],"wp:term":[{"taxonomy":"category","embeddable":true,"href":"https:\/\/acriticatrends.audiencelabs.com.br\/wp-json\/wp\/v2\/categories?post=8506"},{"taxonomy":"post_tag","embeddable":true,"href":"https:\/\/acriticatrends.audiencelabs.com.br\/wp-json\/wp\/v2\/tags?post=8506"}],"curies":[{"name":"wp","href":"https:\/\/api.w.org\/{rel}","templated":true}]}}