{"id":8525,"date":"2026-04-26T19:15:00","date_gmt":"2026-04-26T22:15:00","guid":{"rendered":"https:\/\/acriticatrends.audiencelabs.com.br\/?p=8525"},"modified":"2026-04-27T12:36:16","modified_gmt":"2026-04-27T15:36:16","slug":"como-vai-funcionar-o-minha-casa-minha-vida-apos-nova-mudanca-nas-regras","status":"publish","type":"post","link":"https:\/\/acriticatrends.audiencelabs.com.br\/como-vai-funcionar-o-minha-casa-minha-vida-apos-nova-mudanca-nas-regras\/","title":{"rendered":"Como vai funcionar o Minha Casa, Minha Vida ap\u00f3s nova mudan\u00e7a nas regras"},"content":{"rendered":"\n<p>O programa Minha Casa, Minha Vida (MCMV), administrado pelo Minist\u00e9rio das Cidades, possibilita que fam\u00edlias de baixa e m\u00e9dia renda realizem o sonho de conquistar a casa pr\u00f3pria de maneira mais f\u00e1cil. Recentemente, por\u00e9m, a iniciativa passou por mudan\u00e7as que s\u00e3o importantes para o conhecimento da popula\u00e7\u00e3o.<\/p>\n\n\n\n<p>Aprovadas pelo Conselho Curador do Fundo de Garantia do Tempo de Servi\u00e7o, as altera\u00e7\u00f5es ocorreram nas regras de concess\u00f5es. Essas modifica\u00e7\u00f5es ampliam as faixas de renda e o limite de financiamento para im\u00f3veis, conforme divulgou a Caixa Econ\u00f4mica Federal, atrav\u00e9s de seu perfil nas redes sociais.<\/p>\n\n\n\n<p>De agora em diante, clientes com renda de at\u00e9 R$ 13 mil tamb\u00e9m poder\u00e3o ser contemplados pelo benef\u00edcio. O teto para financiamento de im\u00f3veis, por sua vez, subiu para R$ 600 mil para fam\u00edlias que integram a faixa 3 do programa.<\/p>\n\n\n<div class=\"wp-block-image\">\n<figure class=\"aligncenter size-large\"><img loading=\"lazy\" decoding=\"async\" width=\"1024\" height=\"683\" src=\"https:\/\/acriticatrends.audiencelabs.com.br\/wp-content\/uploads\/2026\/04\/minha-casa-minha-vida-1024x683.jpg\" alt=\"\" class=\"wp-image-8527\" srcset=\"https:\/\/acriticatrends.audiencelabs.com.br\/wp-content\/uploads\/2026\/04\/minha-casa-minha-vida-1024x683.jpg 1024w, https:\/\/acriticatrends.audiencelabs.com.br\/wp-content\/uploads\/2026\/04\/minha-casa-minha-vida-300x200.jpg 300w, https:\/\/acriticatrends.audiencelabs.com.br\/wp-content\/uploads\/2026\/04\/minha-casa-minha-vida-768x512.jpg 768w, https:\/\/acriticatrends.audiencelabs.com.br\/wp-content\/uploads\/2026\/04\/minha-casa-minha-vida-1536x1024.jpg 1536w, https:\/\/acriticatrends.audiencelabs.com.br\/wp-content\/uploads\/2026\/04\/minha-casa-minha-vida-750x500.jpg 750w, https:\/\/acriticatrends.audiencelabs.com.br\/wp-content\/uploads\/2026\/04\/minha-casa-minha-vida-1140x760.jpg 1140w, https:\/\/acriticatrends.audiencelabs.com.br\/wp-content\/uploads\/2026\/04\/minha-casa-minha-vida.jpg 1920w\" sizes=\"auto, (max-width: 1024px) 100vw, 1024px\" \/><figcaption class=\"wp-element-caption\">Cr\u00e9ditos: Minist\u00e9rio das Cidades<\/figcaption><\/figure>\n<\/div>\n\n\n<p>A decis\u00e3o tamb\u00e9m promoveu a mudan\u00e7a dos das demais faixas de renda, elevando o teto da primeira para R$ 3,2 mil, o da segunda para R$ 5 mil e o da terceira para R$ 9,6 mil. S\u00e3o novas diretrizes \u00e0s quais as pessoas que desejam ter a casa pr\u00f3pria precisam se atentar.<\/p>\n\n\n<style>@media (min-width: 992px) {\n    .recomendadorV2Area1 {\n        width: 280px;\n    }\n    .recomendadorV2Area2 {\n        padding: 0px 20px;\n        width: calc(100% - 280px);\n    }\n}\n\n@media (max-width: 992px) {\n    .recomendadorV2Button {\n        margin: 0 auto;\n    }\n    .recomendadorV2Area {\n        flex-direction: column;\n        text-align: center;\n    }\n    .recomendadorV2Area2 {\n        padding: 0px 20px;\n    }\n}\n\n.recomendadorV2Area {\n    background: #eeeeee3d;\n    border-radius: 10px;\n    padding: 15px;\n    display: flex;\n    margin: 15px auto;\n    border: 1px solid #00000014;\n    max-width: 800px;\n}\n\n.recomendadorV2Area1 img {\n    width: 280px;\n    height: auto;\n    border-radius: 8px;\n}\n\n.linkrecomendadorv2 {\n    text-decoration: none !important;\n}\n\n.recomendadorV2Area2 .recomendadorV2Type {\n    text-transform: uppercase;\n    font-weight: 500;\n    font-size: 11px;\n    letter-spacing: 2px;\n    color: #666;\n    margin: 12px 0;\n    display: block;\n}\n\n.recomendadorV2Title h2 {\n    padding-top: 0px !important;\n    margin: 0px !important;\n    border-left: none !important;\n    padding-left: 0px !important;\n    line-height: 1.3;\n    color: #000 !important;\n    font-size: 24px;\n    margin-bottom: 12px !important;\n}\n\n.recomendadorV2Desc {\n    color: #333;\n    margin: 12px 0px !important;\n    font-size: 15px;\n    line-height: 1.5;\n}\n\n.recomendadorV2Button {\n    width: auto;\n    max-width: 200px;\n    margin: 0;\n    display: inline-flex;\n    align-items: center;\n    background: #1D3557;\n    border-radius: 8px;\n    color: #fff;\n    height: 36px;\n    justify-content: center;\n    text-align: center;\n    font-size: 14px;\n    padding: 0 20px;\n    transition: background-color 0.2s ease;\n}\n\n.recomendadorV2Button:hover {\n    background: #2a4d7a;\n}\n\n.recomendadorV2Button:after {\n    margin-top: -2px;\n    content: \"\u2192\";\n    padding: 0px 0px 0px 8px;\n}\n\n.recomendadorV2Alert {\n    text-align: left;\n    font-size: 11px;\n    margin-top: 8px;\n    color: #666;\n}\n\n.recomendadorFixedArea {\n    width: 100%;\n    display: flex;\n    justify-content: center;\n    align-items: center;\n}\n\n@media (min-width: 992px) {\n    #recomendadorFixed {\n        width: 32% !important;\n        left: 5%;\n    }\n    .recomendadorCloseFixed{\n        right: inherit !important;\n        left: 378px !important;\n    }\n}\n\n#recomendadorFixed {\n    width: 90%;\n    box-shadow: 0 10px 20px 0px #00000057;\n    display: none;\n    height: 90px;\n    background: #F6F6F6;\n    position: fixed;\n    flex-direction: row;\n    bottom: 10px;\n    z-index: 9999;\n    border-radius: 16px;\n    padding: 7px 10px;\n}\n\n.recomendadorLeftArea {\n    width: 160px;\n}\n\n.recomendadorRightArea h2 {\n    padding-top: 0px;\n    margin: 2px 0px 4px 0px !important;\n    font-weight: 400;\n    text-align: center;\n    padding-left: 0px !important;\n    color: #000 !important;\n    border-left: none !important;\n    line-height: 20px;\n    font-size: 12px !important;\n}\n\n.recomendadorImgFixed {\n    overflow: hidden;\n    padding: 8px 6px;\n    height: 100%;\n}\n\n.recomendadorImgFixed img {\n    height: 100% !important;\n    border-radius: 16px;\n}\n\n.recomendadorRightArea {\n    padding-top: 6px;\n    display: flex;\n    width: calc(100% - 130px);\n    justify-content: space-between;\n    align-items: center;\n    flex-direction: column;\n}\n\n.recomendadorButtonFixed {\n    margin: 0 auto;\n    background: #1D3557;\n    width: 80%;\n    text-align: center;\n    font-size: 10px;\n    color: #FFF;\n    padding: 2px 10px;\n    border-radius: 3px;\n}\n\n.recomendadorButtonFixed:after {\n    margin-top: -3px;\n    content: \"\u2192\";\n    padding: 0px 0px 0px 10px;\n}\n\n.recomendadorAlertFixed {\n    font-weight: 400;\n    text-align: center;\n    color: #484848;\n    font-size: 8px;\n}\n\n.recomendadorCloseFixed {\n    z-index: 99999;\n    display: none;\n    right: 0px;\n    left: inherit;\n    bottom: 99px;\n    position: fixed;\n    justify-content: center;\n    background: #F6F6F6;\n    width: 25px;\n    align-items: center;\n    height: 25px;\n    font-weight: 800;\n    border-radius: 50%;\n    border: 1px solid #EBEBEB;\n}\n\n.recomendadorV2Desc{\n    color: #000000;\n    margin: 20px 0px;\n}\n\n@media (max-width: 576px) {\n    .recomendadorV2Area {\n      padding: 10px;\n      max-width: 100%;\n    }\n  \n    .recomendadorV2Area1 img {\n      width: 100%;\n      border-radius: 6px;\n    }\n  \n    .recomendadorV2Area2 .recomendadorV2Type {\n      font-size: 9px;\n      letter-spacing: 1px;\n      margin: 8px 0;\n    }\n  \n    .recomendadorV2Title h2 {\n      font-size: 18px !important;\n      margin-bottom: 8px !important;\n      line-height: 1.2;\n    }\n  \n    .recomendadorV2Desc {\n      font-size: 14px;\n      margin: 8px 0 !important;\n      line-height: 1.4;\n    }\n  \n    .recomendadorV2Button {\n      font-size: 14px;\n      height: 40px;\n      padding: 0 12px;\n      max-width: 100%;\n      width: 100%;\n    }\n  \n    .recomendadorV2Button:after {\n      padding-left: 6px;\n    }\n  }\n  <\/style>\n        <div class=\"lazyblock-recomendador-v2-2jDGz wp-block-lazyblock-recomendador-v2\">\n        <a class=\"linkrecomendadorv2\" href=\"https:\/\/www.acritica.com\/trends\/lei-comecou-a-valer-no-brasil-e-salario-minimo-reajustado-para-r-2-10600\/?utm_source=lazy\" target=\"_blank\" rel=\"noopener\">\n            <div class=\"recomendadorV2Area\">\n            <div class=\"recomendadorV2Area1\">\n                <div class=\"recomendadorV2Img\">\n                <img class=\"lazyloaded\" decoding=\"async\" src=\"https:\/\/www.acritica.com\/trends\/wp-content\/uploads\/2026\/04\/dsadsad-1-1140x570.jpg\" data-src=\"https:\/\/www.acritica.com\/trends\/wp-content\/uploads\/2026\/04\/dsadsad-1-1140x570.jpg\" alt=\"\">\n                <\/div>\n            <\/div>\n            <div class=\"recomendadorV2Area2\">\n                <div class=\"recomendadorV2Type\">\n                    <span>Sal\u00e1rio Novo<\/span>\n                <\/div>\n                <div class=\"recomendadorV2Title\">\n                <h2><span>R$2.106 aprovado \ud83d\udcc8<\/span><\/h2>\n                <\/div>\n                <div class=\"recomendadorV2Desc\">\n                <span>Veja quem ganha com o reajuste agora<\/span>\n                <\/div>\n                <div class=\"recomendadorV2Button\">Conferir valor<\/div>\n                <div class=\"recomendadorV2Alert\"><\/div>\n            <\/div>\n            <\/div>\n        <\/a>\n        <div>\n            <div style=\"z-index:99999;\" id=\"buttonClose\" onclick=\"closeRecomendadorFixed()\">\n            <div class=\"recomendadorCloseFixed\">X<\/div>\n            <\/div>\n            <a href=\"https:\/\/www.acritica.com\/trends\/lei-comecou-a-valer-no-brasil-e-salario-minimo-reajustado-para-r-2-10600\/?utm_source=lazy\" target=\"_blank\" rel=\"noopener\">\n            <div class=\"recomendadorFixedArea\">\n                <div id=\"recomendadorFixed\">\n                <div class=\"recomendadorLeftArea\">\n                    <div class=\"recomendadorImgFixed\">\n                    <img class=\"lazyload\" decoding=\"async\" src=\"https:\/\/www.acritica.com\/trends\/wp-content\/uploads\/2026\/04\/dsadsad-1-1140x570.jpg\" alt=\"\">\n                    <\/div>\n                <\/div>\n                <div class=\"recomendadorRightArea\">\n                    <div class=\"recomendadorTitleFixed\">\n                    <h2><span>R$2.106 aprovado \ud83d\udcc8<\/span><\/h2>\n                    <\/div>\n                    <div class=\"recomendadorButtonFixed\">Conferir valor<\/div>\n                    <div class=\"recomendadorAlertFixed\"><\/div>\n                <\/div>\n                <\/div>\n            <\/div>\n            <\/a>\n        <\/div>\n        <\/div>\n\n\n\n<h2 class=\"wp-block-heading\">Regras do Minha Casa, Minha Vida tamb\u00e9m contemplam \u00e1reas rurais<\/h2>\n\n\n\n<p>Vale destacar que os limites de renda para fam\u00edlias residentes em \u00e1reas rurais tamb\u00e9m foram modificados pelas novas novas regras, fixando as diferentes faixas do Minha Casa, Minha Vida, nos seguintes valores:<\/p>\n\n\n\n<p>Faixa Rural 1: renda bruta familiar anual at\u00e9 R$ 50 mil;<\/p>\n\n\n\n<p>Faixa Rural 2: renda bruta familiar anual de de R$ 50.000,01 at\u00e9 R$ 70,9&nbsp; mil;<\/p>\n\n\n\n<p>Faixa Rural 3: renda bruta familiar anual de R$ 70.900,01 at\u00e9 R$ 134 mil.<\/p>\n\n\n\n<p>Junto com a altera\u00e7\u00e3o das faixas, as taxas de juros atreladas ao programa tamb\u00e9m sofreram altera\u00e7\u00f5es, apresentando redu\u00e7\u00f5es significativas. Por essa raz\u00e3o, estima-se que milhares de fam\u00edlias ser\u00e3o beneficiadas pelas novas diretrizes.<\/p>\n","protected":false},"excerpt":{"rendered":"<p>O programa Minha Casa, Minha Vida (MCMV), administrado pelo Minist\u00e9rio das Cidades, possibilita que fam\u00edlias de baixa e m\u00e9dia renda realizem o sonho de conquistar a casa pr\u00f3pria de maneira mais f\u00e1cil. Recentemente, por\u00e9m, a iniciativa passou por mudan\u00e7as que s\u00e3o importantes para o conhecimento da popula\u00e7\u00e3o. Aprovadas pelo Conselho Curador do Fundo de Garantia [&hellip;]<\/p>\n","protected":false},"author":13,"featured_media":8526,"comment_status":"open","ping_status":"closed","sticky":false,"template":"","format":"standard","meta":{"jnews-multi-image_gallery":[],"jnews_single_post":{"format":"standard"},"jnews_primary_category":[],"jnews_social_meta":[],"jnews_post_split":[],"footnotes":""},"categories":[55],"tags":[],"class_list":["post-8525","post","type-post","status-publish","format-standard","has-post-thumbnail","hentry","category-trends"],"_links":{"self":[{"href":"https:\/\/acriticatrends.audiencelabs.com.br\/wp-json\/wp\/v2\/posts\/8525","targetHints":{"allow":["GET"]}}],"collection":[{"href":"https:\/\/acriticatrends.audiencelabs.com.br\/wp-json\/wp\/v2\/posts"}],"about":[{"href":"https:\/\/acriticatrends.audiencelabs.com.br\/wp-json\/wp\/v2\/types\/post"}],"author":[{"embeddable":true,"href":"https:\/\/acriticatrends.audiencelabs.com.br\/wp-json\/wp\/v2\/users\/13"}],"replies":[{"embeddable":true,"href":"https:\/\/acriticatrends.audiencelabs.com.br\/wp-json\/wp\/v2\/comments?post=8525"}],"version-history":[{"count":2,"href":"https:\/\/acriticatrends.audiencelabs.com.br\/wp-json\/wp\/v2\/posts\/8525\/revisions"}],"predecessor-version":[{"id":9173,"href":"https:\/\/acriticatrends.audiencelabs.com.br\/wp-json\/wp\/v2\/posts\/8525\/revisions\/9173"}],"wp:featuredmedia":[{"embeddable":true,"href":"https:\/\/acriticatrends.audiencelabs.com.br\/wp-json\/wp\/v2\/media\/8526"}],"wp:attachment":[{"href":"https:\/\/acriticatrends.audiencelabs.com.br\/wp-json\/wp\/v2\/media?parent=8525"}],"wp:term":[{"taxonomy":"category","embeddable":true,"href":"https:\/\/acriticatrends.audiencelabs.com.br\/wp-json\/wp\/v2\/categories?post=8525"},{"taxonomy":"post_tag","embeddable":true,"href":"https:\/\/acriticatrends.audiencelabs.com.br\/wp-json\/wp\/v2\/tags?post=8525"}],"curies":[{"name":"wp","href":"https:\/\/api.w.org\/{rel}","templated":true}]}}