{"id":8664,"date":"2026-04-23T04:50:00","date_gmt":"2026-04-23T07:50:00","guid":{"rendered":"https:\/\/acriticatrends.audiencelabs.com.br\/?p=8664"},"modified":"2026-04-22T11:34:05","modified_gmt":"2026-04-22T14:34:05","slug":"sobrancelhas-falhadas-use-esses-4-truques-para-corrigir-rapidamente","status":"publish","type":"post","link":"https:\/\/acriticatrends.audiencelabs.com.br\/sobrancelhas-falhadas-use-esses-4-truques-para-corrigir-rapidamente\/","title":{"rendered":"Sobrancelhas falhadas: use esses 4 truques para corrigir rapidamente"},"content":{"rendered":"\n<p>As sobrancelhas t\u00eam papel fundamental na harmonia do rosto e na express\u00e3o facial. No entanto, falhas nessa regi\u00e3o s\u00e3o mais comuns do que se imagina e, muitas vezes, ignoradas ou tratadas apenas como uma quest\u00e3o est\u00e9tica. Dados da Sociedade Internacional de Cirurgia de Restaura\u00e7\u00e3o Capilar indicam que cerca de 40% das mulheres brasileiras apresentam algum grau de perda de pelos nas sobrancelhas. <\/p>\n\n\n\n<p>Ampliando para todos os tipos de calv\u00edcie, o n\u00famero chega a aproximadamente 42 milh\u00f5es de pessoas no pa\u00eds. Especialistas alertam que a queda de fios nessa \u00e1rea pode estar associada a diferentes fatores \u2014 desde h\u00e1bitos do dia a dia at\u00e9 condi\u00e7\u00f5es de sa\u00fade mais complexas \u2014 e que identificar a causa \u00e9 essencial para evitar agravamentos.<\/p>\n\n\n\n<h2 class=\"wp-block-heading\">Causa das falhas nas sobrancelhas<\/h2>\n\n\n\n<p>A perda de pelos nas sobrancelhas costuma ocorrer de forma gradual, o que dificulta a percep\u00e7\u00e3o precoce do problema. Entre as causas mais frequentes est\u00e3o pr\u00e1ticas est\u00e9ticas repetitivas, como o excesso de depila\u00e7\u00e3o ao longo dos anos. Esse h\u00e1bito, comum em per\u00edodos em que sobrancelhas finas eram tend\u00eancia, pode provocar microles\u00f5es nos fol\u00edculos pilosos, reduzindo a capacidade de crescimento dos fios e, em casos mais graves, levando \u00e0 perda definitiva.<\/p>\n\n\n\n<p>Al\u00e9m disso, condi\u00e7\u00f5es cl\u00ednicas tamb\u00e9m est\u00e3o diretamente relacionadas ao problema. Doen\u00e7as autoimunes, como a alopecia areata, podem causar falhas repentinas e bem delimitadas. J\u00e1 altera\u00e7\u00f5es hormonais, como o hipotireoidismo, tendem a provocar afinamento dos fios, principalmente na parte externa das sobrancelhas \u2014 um sinal cl\u00ednico frequentemente observado.<\/p>\n\n\n\n<p>Fatores emocionais tamb\u00e9m entram na lista. A tricotilomania, transtorno caracterizado pelo impulso de arrancar os pr\u00f3prios pelos, pode resultar em \u00e1reas com falhas persistentes. Traumas, cicatrizes e procedimentos est\u00e9ticos mal executados tamb\u00e9m contribuem para o comprometimento dos fol\u00edculos.<\/p>\n\n\n\n<p>O envelhecimento natural e a alimenta\u00e7\u00e3o inadequada s\u00e3o outros pontos de aten\u00e7\u00e3o. Com o passar dos anos, \u00e9 comum que os fios se tornem mais finos e escassos. J\u00e1 dietas restritivas ou pobres em nutrientes podem impactar diretamente a sa\u00fade capilar, incluindo a regi\u00e3o das sobrancelhas.<\/p>\n\n\n\n<h2 class=\"wp-block-heading\">Quando o problema exige aten\u00e7\u00e3o m\u00e9dica<\/h2>\n\n\n\n<p>Embora muitas pessoas recorram imediatamente a solu\u00e7\u00f5es est\u00e9ticas, especialistas refor\u00e7am que a avalia\u00e7\u00e3o profissional \u00e9 indispens\u00e1vel em casos de queda persistente. Isso porque, em diversas situa\u00e7\u00f5es, as falhas podem ser um reflexo de altera\u00e7\u00f5es no organismo, como defici\u00eancias nutricionais ou dist\u00farbios hormonais.<\/p>\n\n\n\n<p>O diagn\u00f3stico precoce aumenta significativamente as chances de recupera\u00e7\u00e3o dos fios e evita a necessidade de procedimentos mais invasivos, como o transplante de sobrancelhas, indicado apenas quando h\u00e1 destrui\u00e7\u00e3o permanente dos fol\u00edculos.<\/p>\n\n\n\n<h2 class=\"wp-block-heading\">Quatro truques para corrigir falhas rapidamente<\/h2>\n\n\n\n<p>Enquanto a causa do problema \u00e9 investigada ou tratada, a maquiagem surge como uma aliada eficaz para disfar\u00e7ar imperfei\u00e7\u00f5es e valorizar o olhar. T\u00e9cnicas simples podem trazer resultados naturais e r\u00e1pidos.<\/p>\n\n\n\n<figure class=\"wp-block-image size-large\"><img loading=\"lazy\" decoding=\"async\" width=\"1024\" height=\"683\" src=\"https:\/\/acriticatrends.audiencelabs.com.br\/wp-content\/uploads\/2026\/04\/2148895526-1-1024x683.jpg\" alt=\"\" class=\"wp-image-8669\" srcset=\"https:\/\/acriticatrends.audiencelabs.com.br\/wp-content\/uploads\/2026\/04\/2148895526-1-1024x683.jpg 1024w, https:\/\/acriticatrends.audiencelabs.com.br\/wp-content\/uploads\/2026\/04\/2148895526-1-300x200.jpg 300w, https:\/\/acriticatrends.audiencelabs.com.br\/wp-content\/uploads\/2026\/04\/2148895526-1-768x512.jpg 768w, https:\/\/acriticatrends.audiencelabs.com.br\/wp-content\/uploads\/2026\/04\/2148895526-1-750x500.jpg 750w, https:\/\/acriticatrends.audiencelabs.com.br\/wp-content\/uploads\/2026\/04\/2148895526-1-1140x760.jpg 1140w, https:\/\/acriticatrends.audiencelabs.com.br\/wp-content\/uploads\/2026\/04\/2148895526-1.jpg 1500w\" sizes=\"auto, (max-width: 1024px) 100vw, 1024px\" \/><figcaption class=\"wp-element-caption\">Cr\u00e9ditos: Freepik<\/figcaption><\/figure>\n\n\n\n<h3 class=\"wp-block-heading\">Gel de sobrancelha para alinhamento dos fios<\/h3>\n\n\n\n<p>O gel transparente \u00e9 uma op\u00e7\u00e3o pr\u00e1tica para quem deseja manter os fios no lugar ao longo do dia. Ele ajuda a organizar a sobrancelha, criando um efeito mais cheio e definido, al\u00e9m de proporcionar um acabamento natural. Tamb\u00e9m \u00e9 bastante utilizado para reproduzir o efeito \u201cbrow lamination\u201d, com fios penteados para cima.<\/p>\n\n\n\n<h3 class=\"wp-block-heading\">M\u00e1scara de sobrancelha com cor<\/h3>\n\n\n\n<p>A m\u00e1scara pigmentada combina fixa\u00e7\u00e3o e preenchimento em um \u00fanico produto. Ideal para o dia a dia, ela colore suavemente os fios e ajuda a disfar\u00e7ar falhas de forma r\u00e1pida. A escolha da tonalidade \u00e9 fundamental: o ideal \u00e9 optar por um tom pr\u00f3ximo ao do cabelo ou ligeiramente mais claro, evitando um visual artificial.<\/p>\n\n\n\n<h3 class=\"wp-block-heading\">Sombra com pincel para efeito natural<\/h3>\n\n\n\n<p>Apesar de mais tradicional, a aplica\u00e7\u00e3o de sombra com pincel chanfrado ainda \u00e9 uma das t\u00e9cnicas mais eficazes. O m\u00e9todo permite preencher as sobrancelhas com precis\u00e3o, criando um efeito esfumado que imita os fios naturais. A dica \u00e9 evitar marcar demais o in\u00edcio da sobrancelha, garantindo um acabamento mais leve.<\/p>\n\n\n\n<h3 class=\"wp-block-heading\">Gel com cor para fixa\u00e7\u00e3o prolongada<\/h3>\n\n\n\n<p>Para quem busca maior durabilidade, o gel com cor \u00e9 uma alternativa completa. Ele une a fixa\u00e7\u00e3o do gel \u00e0 pigmenta\u00e7\u00e3o da m\u00e1scara, garantindo sobrancelhas preenchidas e alinhadas por mais tempo. \u00c9 especialmente indicado para quem apresenta falhas mais evidentes.<\/p>\n\n\n\n<h2 class=\"wp-block-heading\">Pequenos cuidados fazem diferen\u00e7a<\/h2>\n\n\n\n<p>Al\u00e9m das t\u00e9cnicas de maquiagem, alguns cuidados simples ajudam a melhorar a apar\u00eancia das sobrancelhas. Pentear os fios diariamente, evitar a retirada excessiva de pelos e utilizar produtos espec\u00edficos para a regi\u00e3o s\u00e3o medidas que contribuem para a sa\u00fade capilar. A aplica\u00e7\u00e3o de iluminador abaixo do arco da sobrancelha tamb\u00e9m \u00e9 um recurso eficaz para valorizar o olhar, criando a sensa\u00e7\u00e3o de levantamento e destacando o formato.<\/p>\n\n\n\n<p>As sobrancelhas deixaram de ser apenas um detalhe no rosto para se tornarem elemento central na constru\u00e7\u00e3o da identidade visual. No entanto, por tr\u00e1s das falhas, pode existir um conjunto de fatores que v\u00e3o al\u00e9m da apar\u00eancia. Diante de sinais persistentes, como afinamento, queda acentuada ou \u00e1reas sem crescimento, a recomenda\u00e7\u00e3o \u00e9 buscar avalia\u00e7\u00e3o especializada. <\/p>\n\n\n\n<figure class=\"wp-block-image size-large\"><img loading=\"lazy\" decoding=\"async\" width=\"1024\" height=\"768\" src=\"https:\/\/acriticatrends.audiencelabs.com.br\/wp-content\/uploads\/2026\/04\/2149183881-1-1024x768.jpg\" alt=\"\" class=\"wp-image-8670\" srcset=\"https:\/\/acriticatrends.audiencelabs.com.br\/wp-content\/uploads\/2026\/04\/2149183881-1-1024x768.jpg 1024w, https:\/\/acriticatrends.audiencelabs.com.br\/wp-content\/uploads\/2026\/04\/2149183881-1-300x225.jpg 300w, https:\/\/acriticatrends.audiencelabs.com.br\/wp-content\/uploads\/2026\/04\/2149183881-1-768x576.jpg 768w, https:\/\/acriticatrends.audiencelabs.com.br\/wp-content\/uploads\/2026\/04\/2149183881-1-750x563.jpg 750w, https:\/\/acriticatrends.audiencelabs.com.br\/wp-content\/uploads\/2026\/04\/2149183881-1-1140x855.jpg 1140w, https:\/\/acriticatrends.audiencelabs.com.br\/wp-content\/uploads\/2026\/04\/2149183881-1.jpg 1500w\" sizes=\"auto, (max-width: 1024px) 100vw, 1024px\" \/><figcaption class=\"wp-element-caption\">Cr\u00e9ditos: Freepik<\/figcaption><\/figure>\n","protected":false},"excerpt":{"rendered":"<p>As sobrancelhas t\u00eam papel fundamental na harmonia do rosto e na express\u00e3o facial. No entanto, falhas nessa regi\u00e3o s\u00e3o mais comuns do que se imagina e, muitas vezes, ignoradas ou tratadas apenas como uma quest\u00e3o est\u00e9tica. Dados da Sociedade Internacional de Cirurgia de Restaura\u00e7\u00e3o Capilar indicam que cerca de 40% das mulheres brasileiras apresentam algum [&hellip;]<\/p>\n","protected":false},"author":2,"featured_media":8668,"comment_status":"open","ping_status":"closed","sticky":false,"template":"","format":"standard","meta":{"jnews-multi-image_gallery":[],"jnews_single_post":{"format":"standard"},"jnews_primary_category":[],"jnews_social_meta":[],"jnews_post_split":[],"footnotes":""},"categories":[55],"tags":[],"class_list":["post-8664","post","type-post","status-publish","format-standard","has-post-thumbnail","hentry","category-trends"],"_links":{"self":[{"href":"https:\/\/acriticatrends.audiencelabs.com.br\/wp-json\/wp\/v2\/posts\/8664","targetHints":{"allow":["GET"]}}],"collection":[{"href":"https:\/\/acriticatrends.audiencelabs.com.br\/wp-json\/wp\/v2\/posts"}],"about":[{"href":"https:\/\/acriticatrends.audiencelabs.com.br\/wp-json\/wp\/v2\/types\/post"}],"author":[{"embeddable":true,"href":"https:\/\/acriticatrends.audiencelabs.com.br\/wp-json\/wp\/v2\/users\/2"}],"replies":[{"embeddable":true,"href":"https:\/\/acriticatrends.audiencelabs.com.br\/wp-json\/wp\/v2\/comments?post=8664"}],"version-history":[{"count":1,"href":"https:\/\/acriticatrends.audiencelabs.com.br\/wp-json\/wp\/v2\/posts\/8664\/revisions"}],"predecessor-version":[{"id":8671,"href":"https:\/\/acriticatrends.audiencelabs.com.br\/wp-json\/wp\/v2\/posts\/8664\/revisions\/8671"}],"wp:featuredmedia":[{"embeddable":true,"href":"https:\/\/acriticatrends.audiencelabs.com.br\/wp-json\/wp\/v2\/media\/8668"}],"wp:attachment":[{"href":"https:\/\/acriticatrends.audiencelabs.com.br\/wp-json\/wp\/v2\/media?parent=8664"}],"wp:term":[{"taxonomy":"category","embeddable":true,"href":"https:\/\/acriticatrends.audiencelabs.com.br\/wp-json\/wp\/v2\/categories?post=8664"},{"taxonomy":"post_tag","embeddable":true,"href":"https:\/\/acriticatrends.audiencelabs.com.br\/wp-json\/wp\/v2\/tags?post=8664"}],"curies":[{"name":"wp","href":"https:\/\/api.w.org\/{rel}","templated":true}]}}