{"id":8696,"date":"2026-04-26T06:15:00","date_gmt":"2026-04-26T09:15:00","guid":{"rendered":"https:\/\/acriticatrends.audiencelabs.com.br\/?p=8696"},"modified":"2026-04-22T13:24:52","modified_gmt":"2026-04-22T16:24:52","slug":"maior-ponte-da-america-latina-sera-construida-no-brasil-com-ajuda-da-china-em-maio","status":"publish","type":"post","link":"https:\/\/acriticatrends.audiencelabs.com.br\/maior-ponte-da-america-latina-sera-construida-no-brasil-com-ajuda-da-china-em-maio\/","title":{"rendered":"Maior ponte da Am\u00e9rica Latina ser\u00e1 constru\u00edda no Brasil com ajuda da China em maio"},"content":{"rendered":"\n<p>Uma nova etapa de infraestrutura come\u00e7a a ganhar forma no Brasil e promete mudar a rotina de milhares de pessoas, embora ainda dependa de etapas burocr\u00e1ticas importantes. No entanto, o avan\u00e7o recente j\u00e1 indica que o projeto est\u00e1 mais pr\u00f3ximo de sair do papel ap\u00f3s anos de espera.<\/p>\n\n\n\n<p>A constru\u00e7\u00e3o envolve a liga\u00e7\u00e3o entre <strong>Salvador e a Ilha de Itaparica<\/strong>, justamente com a chegada de equipamentos vindos da China para dar in\u00edcio \u00e0s primeiras fases. Um navio com mais de 800 toneladas de materiais partiu no dia 30 de mar\u00e7o e deve chegar \u00e0 Bahia na segunda quinzena de maio.<\/p>\n\n\n\n<p>Essa estrutura ter\u00e1 12,4 quil\u00f4metros sobre o mar, sendo considerada o maior trecho cont\u00ednuo desse tipo na Am\u00e9rica Latina, superando at\u00e9 mesmo refer\u00eancias existentes. Atualmente, a ponte Rio-Niter\u00f3i tem extens\u00e3o maior no total, mas apenas cerca de 9 quil\u00f4metros est\u00e3o sobre a \u00e1gua.<\/p>\n\n\n\n<p>A obra ser\u00e1 conduzida pela concession\u00e1ria formada pelas estatais China Communications Construction Company (CCCC) e China Railway Construction Corporation (CRCC). Al\u00e9m disso, os alvar\u00e1s j\u00e1 foram solicitados \u00e0s prefeituras de Salvador e Vera Cruz, com previs\u00e3o de libera\u00e7\u00e3o em at\u00e9 30 dias.<\/p>\n\n\n\n<p>Um dos destaques \u00e9 a tecnologia chinesa in\u00e9dita na Am\u00e9rica Latina, com uma plataforma lateral fixada no fundo do mar para apoiar a constru\u00e7\u00e3o. Segundo Carlos Prates, porta-voz da concession\u00e1ria Ponte Salvador-Itaparica, essa solu\u00e7\u00e3o reduz em at\u00e9 70% o uso de embarca\u00e7\u00f5es durante a obra.<\/p>\n\n\n\n<p>O projeto prev\u00ea cinco anos de constru\u00e7\u00e3o, com inaugura\u00e7\u00e3o estimada para junho de 2031, al\u00e9m de opera\u00e7\u00e3o por 29 anos dentro do contrato total. Ao todo, cerca de 7 mil empregos devem ser gerados, enquanto o investimento gira em torno de R$ 15 bilh\u00f5es.<\/p>\n\n\n\n<figure class=\"wp-block-image size-large\"><img loading=\"lazy\" decoding=\"async\" width=\"1024\" height=\"571\" src=\"https:\/\/acriticatrends.audiencelabs.com.br\/wp-content\/uploads\/2026\/04\/54516546051_3ebf955f51_o-1-1024x571.jpg\" alt=\"\" class=\"wp-image-8710\" srcset=\"https:\/\/acriticatrends.audiencelabs.com.br\/wp-content\/uploads\/2026\/04\/54516546051_3ebf955f51_o-1-1024x571.jpg 1024w, https:\/\/acriticatrends.audiencelabs.com.br\/wp-content\/uploads\/2026\/04\/54516546051_3ebf955f51_o-1-300x167.jpg 300w, https:\/\/acriticatrends.audiencelabs.com.br\/wp-content\/uploads\/2026\/04\/54516546051_3ebf955f51_o-1-768x428.jpg 768w, https:\/\/acriticatrends.audiencelabs.com.br\/wp-content\/uploads\/2026\/04\/54516546051_3ebf955f51_o-1-750x418.jpg 750w, https:\/\/acriticatrends.audiencelabs.com.br\/wp-content\/uploads\/2026\/04\/54516546051_3ebf955f51_o-1-1140x635.jpg 1140w, https:\/\/acriticatrends.audiencelabs.com.br\/wp-content\/uploads\/2026\/04\/54516546051_3ebf955f51_o-1.jpg 1256w\" sizes=\"auto, (max-width: 1024px) 100vw, 1024px\" \/><figcaption class=\"wp-element-caption\">Cr\u00e9ditos: Ricardo Stuckert\/PR<\/figcaption><\/figure>\n\n\n\n<h2 class=\"wp-block-heading\">Projeto avan\u00e7a ap\u00f3s anos de espera<\/h2>\n\n\n\n<p>A ponte \u00e9 uma promessa antiga e passou por diferentes governos at\u00e9 ganhar for\u00e7a, com articula\u00e7\u00f5es desde a gest\u00e3o de Jaques Wagner. Posteriormente, o projeto avan\u00e7ou no governo de Rui Costa e recebeu apoio direto do presidente Luiz In\u00e1cio Lula da Silva.<\/p>\n\n\n\n<p>Inclusive, Lula chegou a mencionar conversas com Xi Jinping sobre a obra, refor\u00e7ando a parceria entre os pa\u00edses. At\u00e9 mesmo o governo baiano destaca que cerca de 10 milh\u00f5es de pessoas em 250 munic\u00edpios podem ser impactadas pela nova liga\u00e7\u00e3o.<\/p>\n","protected":false},"excerpt":{"rendered":"<p>Uma nova etapa de infraestrutura come\u00e7a a ganhar forma no Brasil e promete mudar a rotina de milhares de pessoas, embora ainda dependa de etapas burocr\u00e1ticas importantes. No entanto, o avan\u00e7o recente j\u00e1 indica que o projeto est\u00e1 mais pr\u00f3ximo de sair do papel ap\u00f3s anos de espera. A constru\u00e7\u00e3o envolve a liga\u00e7\u00e3o entre Salvador [&hellip;]<\/p>\n","protected":false},"author":4,"featured_media":8709,"comment_status":"open","ping_status":"closed","sticky":false,"template":"","format":"standard","meta":{"jnews-multi-image_gallery":[],"jnews_single_post":{"format":"standard"},"jnews_primary_category":[],"jnews_social_meta":[],"jnews_post_split":[],"footnotes":""},"categories":[55],"tags":[],"class_list":["post-8696","post","type-post","status-publish","format-standard","has-post-thumbnail","hentry","category-trends"],"_links":{"self":[{"href":"https:\/\/acriticatrends.audiencelabs.com.br\/wp-json\/wp\/v2\/posts\/8696","targetHints":{"allow":["GET"]}}],"collection":[{"href":"https:\/\/acriticatrends.audiencelabs.com.br\/wp-json\/wp\/v2\/posts"}],"about":[{"href":"https:\/\/acriticatrends.audiencelabs.com.br\/wp-json\/wp\/v2\/types\/post"}],"author":[{"embeddable":true,"href":"https:\/\/acriticatrends.audiencelabs.com.br\/wp-json\/wp\/v2\/users\/4"}],"replies":[{"embeddable":true,"href":"https:\/\/acriticatrends.audiencelabs.com.br\/wp-json\/wp\/v2\/comments?post=8696"}],"version-history":[{"count":1,"href":"https:\/\/acriticatrends.audiencelabs.com.br\/wp-json\/wp\/v2\/posts\/8696\/revisions"}],"predecessor-version":[{"id":8711,"href":"https:\/\/acriticatrends.audiencelabs.com.br\/wp-json\/wp\/v2\/posts\/8696\/revisions\/8711"}],"wp:featuredmedia":[{"embeddable":true,"href":"https:\/\/acriticatrends.audiencelabs.com.br\/wp-json\/wp\/v2\/media\/8709"}],"wp:attachment":[{"href":"https:\/\/acriticatrends.audiencelabs.com.br\/wp-json\/wp\/v2\/media?parent=8696"}],"wp:term":[{"taxonomy":"category","embeddable":true,"href":"https:\/\/acriticatrends.audiencelabs.com.br\/wp-json\/wp\/v2\/categories?post=8696"},{"taxonomy":"post_tag","embeddable":true,"href":"https:\/\/acriticatrends.audiencelabs.com.br\/wp-json\/wp\/v2\/tags?post=8696"}],"curies":[{"name":"wp","href":"https:\/\/api.w.org\/{rel}","templated":true}]}}