{"id":8722,"date":"2026-04-23T05:15:00","date_gmt":"2026-04-23T08:15:00","guid":{"rendered":"https:\/\/acriticatrends.audiencelabs.com.br\/?p=8722"},"modified":"2026-04-22T15:32:35","modified_gmt":"2026-04-22T18:32:35","slug":"sentir-dores-nas-costas-com-frequencia-pode-indicar-um-problema-mais-grave","status":"publish","type":"post","link":"https:\/\/acriticatrends.audiencelabs.com.br\/sentir-dores-nas-costas-com-frequencia-pode-indicar-um-problema-mais-grave\/","title":{"rendered":"Sentir dores nas costas com frequ\u00eancia pode indicar um problema mais grave"},"content":{"rendered":"\n<p>Muita gente convive diariamente com um inc\u00f4modo f\u00edsico que parece comum, mas que nem sempre recebe a devida aten\u00e7\u00e3o. No entanto, quando esse desconforto passa a se repetir com frequ\u00eancia, ele pode esconder algo mais relevante.<\/p>\n\n\n\n<p>Sentir dores nas costas de forma constante n\u00e3o deve ser tratado como algo normal, justamente quando se torna recorrente ou intenso. Embora muitas vezes esteja ligado \u00e0 m\u00e1 postura ou longos per\u00edodos sentado, o problema pode ir al\u00e9m disso.<\/p>\n\n\n\n<p>Entre as causas mais simples est\u00e3o tens\u00f5es musculares e inflama\u00e7\u00f5es leves, que costumam melhorar com repouso. No entanto, quando a dor persiste e come\u00e7a a atrapalhar tarefas b\u00e1sicas, \u00e9 um sinal claro de que algo precisa ser investigado.<\/p>\n\n\n\n<p>Um dos problemas que podem surgir \u00e9 a h\u00e9rnia de disco, que provoca dor cont\u00ednua e at\u00e9 mesmo formigamento. Al\u00e9m disso, fraqueza nas pernas e dificuldade para se locomover tamb\u00e9m podem aparecer nesses casos.<\/p>\n\n\n\n<p>Outra condi\u00e7\u00e3o poss\u00edvel \u00e9 a escoliose, que altera o alinhamento da coluna ao longo do tempo. J\u00e1 a osteoporose, mais comum em pessoas mais velhas, pode causar microfraturas que inicialmente se manifestam apenas como dor.<\/p>\n\n\n\n<p>Em situa\u00e7\u00f5es mais raras, o problema pode estar ligado a infec\u00e7\u00f5es ou at\u00e9 tumores na regi\u00e3o da coluna. At\u00e9 mesmo altera\u00e7\u00f5es em outros \u00f3rg\u00e3os, como os rins, podem gerar dores que confundem o diagn\u00f3stico.<\/p>\n\n\n\n<figure class=\"wp-block-image size-large\"><img loading=\"lazy\" decoding=\"async\" width=\"1024\" height=\"683\" src=\"https:\/\/acriticatrends.audiencelabs.com.br\/wp-content\/uploads\/2026\/04\/15764-1-1-1024x683.jpg\" alt=\"\" class=\"wp-image-8724\" srcset=\"https:\/\/acriticatrends.audiencelabs.com.br\/wp-content\/uploads\/2026\/04\/15764-1-1-1024x683.jpg 1024w, https:\/\/acriticatrends.audiencelabs.com.br\/wp-content\/uploads\/2026\/04\/15764-1-1-300x200.jpg 300w, https:\/\/acriticatrends.audiencelabs.com.br\/wp-content\/uploads\/2026\/04\/15764-1-1-768x512.jpg 768w, https:\/\/acriticatrends.audiencelabs.com.br\/wp-content\/uploads\/2026\/04\/15764-1-1-750x500.jpg 750w, https:\/\/acriticatrends.audiencelabs.com.br\/wp-content\/uploads\/2026\/04\/15764-1-1-1140x760.jpg 1140w, https:\/\/acriticatrends.audiencelabs.com.br\/wp-content\/uploads\/2026\/04\/15764-1-1.jpg 1200w\" sizes=\"auto, (max-width: 1024px) 100vw, 1024px\" \/><figcaption class=\"wp-element-caption\">Cr\u00e9ditos: Freepik<\/figcaption><\/figure>\n\n\n\n<h2 class=\"wp-block-heading\">Quando a dor nas costas exige aten\u00e7\u00e3o imediata<\/h2>\n\n\n\n<p>Alguns sinais devem acender um alerta importante, como dor que piora durante a noite ou perda de peso sem explica\u00e7\u00e3o. Febre associada, hist\u00f3rico de trauma e dificuldade para controlar fun\u00e7\u00f5es b\u00e1sicas tamb\u00e9m exigem avalia\u00e7\u00e3o r\u00e1pida.<\/p>\n\n\n\n<p>A recomenda\u00e7\u00e3o \u00e9 procurar um profissional de sa\u00fade caso a dor dure v\u00e1rios dias ou se torne frequente. Ignorar esses sinais pode agravar o quadro, justamente porque observar a intensidade e os sintomas faz toda a diferen\u00e7a no diagn\u00f3stico.<\/p>\n","protected":false},"excerpt":{"rendered":"<p>Muita gente convive diariamente com um inc\u00f4modo f\u00edsico que parece comum, mas que nem sempre recebe a devida aten\u00e7\u00e3o. No entanto, quando esse desconforto passa a se repetir com frequ\u00eancia, ele pode esconder algo mais relevante. Sentir dores nas costas de forma constante n\u00e3o deve ser tratado como algo normal, justamente quando se torna recorrente [&hellip;]<\/p>\n","protected":false},"author":4,"featured_media":8725,"comment_status":"open","ping_status":"closed","sticky":false,"template":"","format":"standard","meta":{"jnews-multi-image_gallery":[],"jnews_single_post":{"format":"standard"},"jnews_primary_category":[],"jnews_social_meta":[],"jnews_post_split":[],"footnotes":""},"categories":[55],"tags":[],"class_list":["post-8722","post","type-post","status-publish","format-standard","has-post-thumbnail","hentry","category-trends"],"_links":{"self":[{"href":"https:\/\/acriticatrends.audiencelabs.com.br\/wp-json\/wp\/v2\/posts\/8722","targetHints":{"allow":["GET"]}}],"collection":[{"href":"https:\/\/acriticatrends.audiencelabs.com.br\/wp-json\/wp\/v2\/posts"}],"about":[{"href":"https:\/\/acriticatrends.audiencelabs.com.br\/wp-json\/wp\/v2\/types\/post"}],"author":[{"embeddable":true,"href":"https:\/\/acriticatrends.audiencelabs.com.br\/wp-json\/wp\/v2\/users\/4"}],"replies":[{"embeddable":true,"href":"https:\/\/acriticatrends.audiencelabs.com.br\/wp-json\/wp\/v2\/comments?post=8722"}],"version-history":[{"count":1,"href":"https:\/\/acriticatrends.audiencelabs.com.br\/wp-json\/wp\/v2\/posts\/8722\/revisions"}],"predecessor-version":[{"id":8726,"href":"https:\/\/acriticatrends.audiencelabs.com.br\/wp-json\/wp\/v2\/posts\/8722\/revisions\/8726"}],"wp:featuredmedia":[{"embeddable":true,"href":"https:\/\/acriticatrends.audiencelabs.com.br\/wp-json\/wp\/v2\/media\/8725"}],"wp:attachment":[{"href":"https:\/\/acriticatrends.audiencelabs.com.br\/wp-json\/wp\/v2\/media?parent=8722"}],"wp:term":[{"taxonomy":"category","embeddable":true,"href":"https:\/\/acriticatrends.audiencelabs.com.br\/wp-json\/wp\/v2\/categories?post=8722"},{"taxonomy":"post_tag","embeddable":true,"href":"https:\/\/acriticatrends.audiencelabs.com.br\/wp-json\/wp\/v2\/tags?post=8722"}],"curies":[{"name":"wp","href":"https:\/\/api.w.org\/{rel}","templated":true}]}}