{"id":8806,"date":"2026-04-26T08:15:00","date_gmt":"2026-04-26T11:15:00","guid":{"rendered":"https:\/\/acriticatrends.audiencelabs.com.br\/?p=8806"},"modified":"2026-04-24T17:41:46","modified_gmt":"2026-04-24T20:41:46","slug":"palmeiras-vai-parar-de-atuar-no-allianz-parque-em-2026","status":"publish","type":"post","link":"https:\/\/acriticatrends.audiencelabs.com.br\/palmeiras-vai-parar-de-atuar-no-allianz-parque-em-2026\/","title":{"rendered":"Palmeiras vai parar de atuar no Allianz Parque em 2026"},"content":{"rendered":"\n<p>O Palmeiras deixar\u00e1 de jogar no Allianz Parque ainda em 2026. Mas n\u00e3o se trata de uma mudan\u00e7a de casa, e sim de uma troca de nome. A casa do clube paulista, que carrega o nome da seguradora desde sua inaugura\u00e7\u00e3o, em 2014, passar\u00e1 a ter a identidade do Nubank, novo dono dos naming rights.<\/p>\n\n\n\n<p>O est\u00e1dio continuar\u00e1 sendo oficialmente Allianz Parque at\u00e9 o dia 4 de maio, data em que ser\u00e1 anunciado o novo nome. Respons\u00e1vel pela aquisi\u00e7\u00e3o dos direitos, a institui\u00e7\u00e3o financeira deu in\u00edcio a vota\u00e7\u00e3o popular que ir\u00e1 definir a identidade: Nubank Parque, Nubank Arena ou Parque Nubank. A vota\u00e7\u00e3o se encerra em 30 de abril.<\/p>\n\n\n<div class=\"wp-block-image\">\n<figure class=\"aligncenter size-large\"><img loading=\"lazy\" decoding=\"async\" width=\"1024\" height=\"877\" src=\"https:\/\/acriticatrends.audiencelabs.com.br\/wp-content\/uploads\/2026\/04\/SaveClip.App_672149395_1536291701189377_5692967142391253967_n-1-e1776955834869-1024x877.jpg\" alt=\"\" class=\"wp-image-8810\" srcset=\"https:\/\/acriticatrends.audiencelabs.com.br\/wp-content\/uploads\/2026\/04\/SaveClip.App_672149395_1536291701189377_5692967142391253967_n-1-e1776955834869-1024x877.jpg 1024w, https:\/\/acriticatrends.audiencelabs.com.br\/wp-content\/uploads\/2026\/04\/SaveClip.App_672149395_1536291701189377_5692967142391253967_n-1-e1776955834869-300x257.jpg 300w, https:\/\/acriticatrends.audiencelabs.com.br\/wp-content\/uploads\/2026\/04\/SaveClip.App_672149395_1536291701189377_5692967142391253967_n-1-e1776955834869-768x658.jpg 768w, https:\/\/acriticatrends.audiencelabs.com.br\/wp-content\/uploads\/2026\/04\/SaveClip.App_672149395_1536291701189377_5692967142391253967_n-1-e1776955834869-750x643.jpg 750w, https:\/\/acriticatrends.audiencelabs.com.br\/wp-content\/uploads\/2026\/04\/SaveClip.App_672149395_1536291701189377_5692967142391253967_n-1-e1776955834869-1140x977.jpg 1140w, https:\/\/acriticatrends.audiencelabs.com.br\/wp-content\/uploads\/2026\/04\/SaveClip.App_672149395_1536291701189377_5692967142391253967_n-1-e1776955834869.jpg 1200w\" sizes=\"auto, (max-width: 1024px) 100vw, 1024px\" \/><figcaption class=\"wp-element-caption\">Cr\u00e9ditos: Instagram\/Palmeiras<\/figcaption><\/figure>\n<\/div>\n\n\n<p>A \u00faltima partida com o nome da seguradora ser\u00e1 contra o Santos, no dia 2 de maio, v\u00e1lida pelo Campeonato Brasileiro. Internamente, o Verd\u00e3o n\u00e3o v\u00ea a necessidade de preparar uma despedida, uma vez que o acordo \u00e9 entre Nubank e WTorre e n\u00e3o envolve a institui\u00e7\u00e3o.&nbsp;<\/p>\n\n\n\n<p>O contrato firmado entre as partes \u00e9 v\u00e1lido at\u00e9 2044. O v\u00ednculo assinado pelo banco digital e a construtora respons\u00e1vel pela administra\u00e7\u00e3o da arena \u00e9 de R$ 50 milh\u00f5es por ano.&nbsp;<\/p>\n\n\n\n<h2 class=\"wp-block-heading\">Novo nome do est\u00e1dio do Palmeiras est\u00e1 em vota\u00e7\u00e3o<\/h2>\n\n\n\n<p>Pelo menos por enquanto, tudo caminha para que o Allianz vire \u201cNubank Parque\u201d. \u00c9 isso o que mostra a parcial mais recente da vota\u00e7\u00e3o, que est\u00e1 sendo realizada em uma p\u00e1gina exclusiva feita pela fintech. O nome se destaca entre as tr\u00eas sugest\u00f5es colocadas \u00e0 disposi\u00e7\u00e3o da torcida que canta e vibra.<\/p>\n\n\n\n<ul class=\"wp-block-list\">\n<li>Nubank Parque \u2013 39%<\/li>\n\n\n\n<li>Parque Nubank \u2013 30,6%<\/li>\n\n\n\n<li>Nubank Arena \u2013 30,3%<\/li>\n<\/ul>\n\n\n\n<p>Para participar da vota\u00e7\u00e3o, \u00e9 preciso informar o CPF e um endere\u00e7o de e-mail. Tamb\u00e9m \u00e9 poss\u00edvel fazer alguma sugest\u00e3o de melhoria na estrutura do est\u00e1dio. O resultado final da enquete ser\u00e1 divulgado no dia 4 de maio, pelo Nubank, oficializando a transi\u00e7\u00e3o da identidade da casa palmeirense.<\/p>\n","protected":false},"excerpt":{"rendered":"<p>O Palmeiras deixar\u00e1 de jogar no Allianz Parque ainda em 2026. Mas n\u00e3o se trata de uma mudan\u00e7a de casa, e sim de uma troca de nome. A casa do clube paulista, que carrega o nome da seguradora desde sua inaugura\u00e7\u00e3o, em 2014, passar\u00e1 a ter a identidade do Nubank, novo dono dos naming rights. [&hellip;]<\/p>\n","protected":false},"author":13,"featured_media":8809,"comment_status":"open","ping_status":"closed","sticky":false,"template":"","format":"standard","meta":{"jnews-multi-image_gallery":[],"jnews_single_post":{"format":"standard"},"jnews_primary_category":[],"jnews_social_meta":[],"jnews_post_split":[],"footnotes":""},"categories":[55],"tags":[],"class_list":["post-8806","post","type-post","status-publish","format-standard","has-post-thumbnail","hentry","category-trends"],"_links":{"self":[{"href":"https:\/\/acriticatrends.audiencelabs.com.br\/wp-json\/wp\/v2\/posts\/8806","targetHints":{"allow":["GET"]}}],"collection":[{"href":"https:\/\/acriticatrends.audiencelabs.com.br\/wp-json\/wp\/v2\/posts"}],"about":[{"href":"https:\/\/acriticatrends.audiencelabs.com.br\/wp-json\/wp\/v2\/types\/post"}],"author":[{"embeddable":true,"href":"https:\/\/acriticatrends.audiencelabs.com.br\/wp-json\/wp\/v2\/users\/13"}],"replies":[{"embeddable":true,"href":"https:\/\/acriticatrends.audiencelabs.com.br\/wp-json\/wp\/v2\/comments?post=8806"}],"version-history":[{"count":1,"href":"https:\/\/acriticatrends.audiencelabs.com.br\/wp-json\/wp\/v2\/posts\/8806\/revisions"}],"predecessor-version":[{"id":8811,"href":"https:\/\/acriticatrends.audiencelabs.com.br\/wp-json\/wp\/v2\/posts\/8806\/revisions\/8811"}],"wp:featuredmedia":[{"embeddable":true,"href":"https:\/\/acriticatrends.audiencelabs.com.br\/wp-json\/wp\/v2\/media\/8809"}],"wp:attachment":[{"href":"https:\/\/acriticatrends.audiencelabs.com.br\/wp-json\/wp\/v2\/media?parent=8806"}],"wp:term":[{"taxonomy":"category","embeddable":true,"href":"https:\/\/acriticatrends.audiencelabs.com.br\/wp-json\/wp\/v2\/categories?post=8806"},{"taxonomy":"post_tag","embeddable":true,"href":"https:\/\/acriticatrends.audiencelabs.com.br\/wp-json\/wp\/v2\/tags?post=8806"}],"curies":[{"name":"wp","href":"https:\/\/api.w.org\/{rel}","templated":true}]}}