{"id":8975,"date":"2026-04-27T11:15:00","date_gmt":"2026-04-27T14:15:00","guid":{"rendered":"https:\/\/acriticatrends.audiencelabs.com.br\/?p=8975"},"modified":"2026-04-24T11:29:02","modified_gmt":"2026-04-24T14:29:02","slug":"tomar-cafe-com-canela-pela-manha-traz-esses-beneficios","status":"publish","type":"post","link":"https:\/\/acriticatrends.audiencelabs.com.br\/tomar-cafe-com-canela-pela-manha-traz-esses-beneficios\/","title":{"rendered":"Tomar caf\u00e9 com canela pela manh\u00e3 traz esses benef\u00edcios"},"content":{"rendered":"\n<p>A combina\u00e7\u00e3o de caf\u00e9 com canela tem se tornado cada vez mais comum na rotina de brasileiros que buscam come\u00e7ar o dia com mais disposi\u00e7\u00e3o e sabor. A mistura chama aten\u00e7\u00e3o n\u00e3o apenas pelo aroma marcante, mas tamb\u00e9m pela associa\u00e7\u00e3o com benef\u00edcios \u00e0 sa\u00fade, como melhora da energia, aux\u00edlio na digest\u00e3o e at\u00e9 apoio em dietas de emagrecimento.<\/p>\n\n\n\n<p>Especialistas, no entanto, apontam que, embora existam propriedades interessantes nos dois ingredientes, \u00e9 importante entender o que h\u00e1 de comprovado e o que ainda se baseia em percep\u00e7\u00f5es individuais.<\/p>\n\n\n\n<h2 class=\"wp-block-heading\">Por que a mistura faz sucesso logo pela manh\u00e3<\/h2>\n\n\n\n<p>O caf\u00e9 j\u00e1 \u00e9, por si s\u00f3, uma das bebidas mais consumidas no pa\u00eds, principalmente nas primeiras horas do dia. Rico em cafe\u00edna, ele atua como estimulante do sistema nervoso central, contribuindo para o aumento do estado de alerta e da concentra\u00e7\u00e3o.<\/p>\n\n\n\n<p>A adi\u00e7\u00e3o da canela, por sua vez, acrescenta um aroma mais intenso e um sabor levemente adocicado, o que pode reduzir a necessidade de a\u00e7\u00facar. Esse fator tem sido um dos principais motivos para a populariza\u00e7\u00e3o da combina\u00e7\u00e3o, especialmente entre pessoas que buscam alternativas mais equilibradas para o caf\u00e9 da manh\u00e3.<\/p>\n\n\n\n<p>Al\u00e9m disso, o ritual de preparo \u2014 adicionar uma pitada da especiaria \u00e0 bebida \u2014 tem sido associado a um momento de pausa e organiza\u00e7\u00e3o da rotina, o que tamb\u00e9m contribui para a sensa\u00e7\u00e3o de bem-estar relatada por muitos consumidores.<\/p>\n\n\n\n<h2 class=\"wp-block-heading\">Propriedades da canela ajudam a explicar os efeitos<\/h2>\n\n\n\n<p>A canela \u00e9 conhecida por conter compostos antioxidantes e subst\u00e2ncias que podem influenciar o metabolismo. Estudos sugerem que o consumo moderado da especiaria pode contribuir para o controle dos n\u00edveis de glicose no sangue, o que \u00e9 especialmente relevante para pessoas com resist\u00eancia \u00e0 insulina ou diabetes tipo 2.<\/p>\n\n\n\n<figure class=\"wp-block-image size-large\"><img loading=\"lazy\" decoding=\"async\" width=\"1024\" height=\"918\" src=\"https:\/\/acriticatrends.audiencelabs.com.br\/wp-content\/uploads\/2026\/04\/14375-1-1024x918.jpg\" alt=\"\" class=\"wp-image-8985\" srcset=\"https:\/\/acriticatrends.audiencelabs.com.br\/wp-content\/uploads\/2026\/04\/14375-1-1024x918.jpg 1024w, https:\/\/acriticatrends.audiencelabs.com.br\/wp-content\/uploads\/2026\/04\/14375-1-300x269.jpg 300w, https:\/\/acriticatrends.audiencelabs.com.br\/wp-content\/uploads\/2026\/04\/14375-1-768x689.jpg 768w, https:\/\/acriticatrends.audiencelabs.com.br\/wp-content\/uploads\/2026\/04\/14375-1-750x673.jpg 750w, https:\/\/acriticatrends.audiencelabs.com.br\/wp-content\/uploads\/2026\/04\/14375-1-1140x1022.jpg 1140w, https:\/\/acriticatrends.audiencelabs.com.br\/wp-content\/uploads\/2026\/04\/14375-1.jpg 1500w\" sizes=\"auto, (max-width: 1024px) 100vw, 1024px\" \/><figcaption class=\"wp-element-caption\">Cr\u00e9ditos: Freepik<\/figcaption><\/figure>\n\n\n\n<p>Outro ponto frequentemente citado \u00e9 o chamado efeito termog\u00eanico, que pode aumentar levemente o gasto energ\u00e9tico do organismo. Na pr\u00e1tica, isso significa que o corpo pode consumir mais energia durante o processo digestivo, embora esse impacto seja considerado modesto quando analisado isoladamente.<\/p>\n\n\n\n<p>Quando combinada ao caf\u00e9, que tamb\u00e9m possui leve a\u00e7\u00e3o termog\u00eanica, a mistura acaba sendo associada \u00e0 ideia de est\u00edmulo metab\u00f3lico, o que explica sua presen\u00e7a em muitas rotinas voltadas \u00e0 perda de peso.<\/p>\n\n\n\n<h2 class=\"wp-block-heading\">Energia, saciedade e digest\u00e3o: o que \u00e9 poss\u00edvel afirmar<\/h2>\n\n\n\n<p>Entre os principais relatos de quem consome caf\u00e9 com canela pela manh\u00e3 est\u00e3o o aumento da disposi\u00e7\u00e3o e a sensa\u00e7\u00e3o de saciedade. A cafe\u00edna contribui diretamente para a energia, enquanto o sabor mais encorpado da bebida pode ajudar a reduzir o consumo de outros alimentos logo nas primeiras horas do dia.<\/p>\n\n\n\n<p>H\u00e1 tamb\u00e9m quem perceba melhora na digest\u00e3o, embora esse efeito n\u00e3o seja universal. A canela, tradicionalmente utilizada em prepara\u00e7\u00f5es culin\u00e1rias, pode ajudar a tornar a bebida mais leve ao paladar, o que refor\u00e7a essa percep\u00e7\u00e3o.<\/p>\n\n\n\n<p>Ainda assim, especialistas destacam que esses benef\u00edcios variam de acordo com o organismo e n\u00e3o substituem h\u00e1bitos fundamentais, como alimenta\u00e7\u00e3o equilibrada, hidrata\u00e7\u00e3o adequada e sono de qualidade.<\/p>\n\n\n\n<h2 class=\"wp-block-heading\">Forma de preparo influencia o consumo<\/h2>\n\n\n\n<p>A forma mais comum de preparo \u00e9 simples: o caf\u00e9 \u00e9 feito normalmente e, ap\u00f3s pronto, recebe uma pequena quantidade de canela em p\u00f3 \u2014 geralmente entre um quarto e meia colher de ch\u00e1 por x\u00edcara. Tamb\u00e9m \u00e9 poss\u00edvel utilizar canela em pau, que libera aroma de forma mais suave.<\/p>\n\n\n\n<p>Algumas varia\u00e7\u00f5es incluem a adi\u00e7\u00e3o de leite ou at\u00e9 ingredientes mais cal\u00f3ricos, como \u00f3leo de coco e manteiga ghee, especialmente em contextos de dietas espec\u00edficas. No entanto, especialistas alertam que essas vers\u00f5es devem ser consumidas com cautela, devido ao aumento no valor energ\u00e9tico.<\/p>\n\n\n\n<p>Apesar dos poss\u00edveis benef\u00edcios, o consumo de caf\u00e9 com canela n\u00e3o \u00e9 indicado para todos. Gestantes, especialmente no in\u00edcio da gravidez, devem evitar a ingest\u00e3o frequente da especiaria. <\/p>\n\n\n\n<p>Pessoas com hipertens\u00e3o ou problemas card\u00edacos tamb\u00e9m precisam ter aten\u00e7\u00e3o, j\u00e1 que tanto o caf\u00e9 quanto a canela podem influenciar a frequ\u00eancia card\u00edaca quando consumidos em excesso. A recomenda\u00e7\u00e3o geral \u00e9 manter o consumo moderado e, em caso de d\u00favidas, buscar orienta\u00e7\u00e3o de profissionais de sa\u00fade, como m\u00e9dicos ou nutricionistas.<\/p>\n\n\n\n<figure class=\"wp-block-image size-large\"><img loading=\"lazy\" decoding=\"async\" width=\"1024\" height=\"683\" src=\"https:\/\/acriticatrends.audiencelabs.com.br\/wp-content\/uploads\/2026\/04\/44769-1-1024x683.jpg\" alt=\"\" class=\"wp-image-8986\" srcset=\"https:\/\/acriticatrends.audiencelabs.com.br\/wp-content\/uploads\/2026\/04\/44769-1-1024x683.jpg 1024w, https:\/\/acriticatrends.audiencelabs.com.br\/wp-content\/uploads\/2026\/04\/44769-1-300x200.jpg 300w, https:\/\/acriticatrends.audiencelabs.com.br\/wp-content\/uploads\/2026\/04\/44769-1-768x512.jpg 768w, https:\/\/acriticatrends.audiencelabs.com.br\/wp-content\/uploads\/2026\/04\/44769-1-750x500.jpg 750w, https:\/\/acriticatrends.audiencelabs.com.br\/wp-content\/uploads\/2026\/04\/44769-1-1140x760.jpg 1140w, https:\/\/acriticatrends.audiencelabs.com.br\/wp-content\/uploads\/2026\/04\/44769-1.jpg 1500w\" sizes=\"auto, (max-width: 1024px) 100vw, 1024px\" \/><figcaption class=\"wp-element-caption\">Cr\u00e9ditos: Freepik<\/figcaption><\/figure>\n","protected":false},"excerpt":{"rendered":"<p>A combina\u00e7\u00e3o de caf\u00e9 com canela tem se tornado cada vez mais comum na rotina de brasileiros que buscam come\u00e7ar o dia com mais disposi\u00e7\u00e3o e sabor. A mistura chama aten\u00e7\u00e3o n\u00e3o apenas pelo aroma marcante, mas tamb\u00e9m pela associa\u00e7\u00e3o com benef\u00edcios \u00e0 sa\u00fade, como melhora da energia, aux\u00edlio na digest\u00e3o e at\u00e9 apoio em [&hellip;]<\/p>\n","protected":false},"author":2,"featured_media":8987,"comment_status":"open","ping_status":"closed","sticky":false,"template":"","format":"standard","meta":{"jnews-multi-image_gallery":[],"jnews_single_post":{"format":"standard"},"jnews_primary_category":[],"jnews_social_meta":[],"jnews_post_split":[],"footnotes":""},"categories":[55],"tags":[],"class_list":["post-8975","post","type-post","status-publish","format-standard","has-post-thumbnail","hentry","category-trends"],"_links":{"self":[{"href":"https:\/\/acriticatrends.audiencelabs.com.br\/wp-json\/wp\/v2\/posts\/8975","targetHints":{"allow":["GET"]}}],"collection":[{"href":"https:\/\/acriticatrends.audiencelabs.com.br\/wp-json\/wp\/v2\/posts"}],"about":[{"href":"https:\/\/acriticatrends.audiencelabs.com.br\/wp-json\/wp\/v2\/types\/post"}],"author":[{"embeddable":true,"href":"https:\/\/acriticatrends.audiencelabs.com.br\/wp-json\/wp\/v2\/users\/2"}],"replies":[{"embeddable":true,"href":"https:\/\/acriticatrends.audiencelabs.com.br\/wp-json\/wp\/v2\/comments?post=8975"}],"version-history":[{"count":1,"href":"https:\/\/acriticatrends.audiencelabs.com.br\/wp-json\/wp\/v2\/posts\/8975\/revisions"}],"predecessor-version":[{"id":8990,"href":"https:\/\/acriticatrends.audiencelabs.com.br\/wp-json\/wp\/v2\/posts\/8975\/revisions\/8990"}],"wp:featuredmedia":[{"embeddable":true,"href":"https:\/\/acriticatrends.audiencelabs.com.br\/wp-json\/wp\/v2\/media\/8987"}],"wp:attachment":[{"href":"https:\/\/acriticatrends.audiencelabs.com.br\/wp-json\/wp\/v2\/media?parent=8975"}],"wp:term":[{"taxonomy":"category","embeddable":true,"href":"https:\/\/acriticatrends.audiencelabs.com.br\/wp-json\/wp\/v2\/categories?post=8975"},{"taxonomy":"post_tag","embeddable":true,"href":"https:\/\/acriticatrends.audiencelabs.com.br\/wp-json\/wp\/v2\/tags?post=8975"}],"curies":[{"name":"wp","href":"https:\/\/api.w.org\/{rel}","templated":true}]}}