{"id":8979,"date":"2026-04-26T08:45:00","date_gmt":"2026-04-26T11:45:00","guid":{"rendered":"https:\/\/acriticatrends.audiencelabs.com.br\/?p=8979"},"modified":"2026-04-24T11:20:42","modified_gmt":"2026-04-24T14:20:42","slug":"mansao-anunciada-por-r-220-milhoes-dara-lugar-a-condominio-de-luxo-com-lotes-a-partir-de-900-metros-quadrados","status":"publish","type":"post","link":"https:\/\/acriticatrends.audiencelabs.com.br\/mansao-anunciada-por-r-220-milhoes-dara-lugar-a-condominio-de-luxo-com-lotes-a-partir-de-900-metros-quadrados\/","title":{"rendered":"Mans\u00e3o anunciada por R$ 220 milh\u00f5es dar\u00e1 lugar a condom\u00ednio de luxo com lotes a partir de 900 metros quadrados"},"content":{"rendered":"\n<p>Uma das propriedades mais valiosas do pa\u00eds ser\u00e1 substitu\u00edda por um novo projeto imobili\u00e1rio de alto padr\u00e3o no Rio de Janeiro. A mans\u00e3o, anunciada por R$ 220 milh\u00f5es, dar\u00e1 lugar a um condom\u00ednio exclusivo. O empreendimento ser\u00e1 erguido no bairro Leblon.<\/p>\n\n\n\n<h2 class=\"wp-block-heading\">Projeto aposta em exclusividade<\/h2>\n\n\n\n<p>O terreno abrigar\u00e1 o condom\u00ednio Est\u00e2ncia Pernambuco, com apenas dez resid\u00eancias. Cada lote ter\u00e1 \u00e1rea m\u00ednima de 900 metros quadrados. Os valores iniciais giram em torno de R$ 23 milh\u00f5es por unidade.<\/p>\n\n\n\n<p>O projeto \u00e9 conduzido pela Mozak, com foco em alto padr\u00e3o. O valor geral de vendas pode alcan\u00e7ar cerca de R$ 360 milh\u00f5es. Parte das unidades j\u00e1 foi comercializada antes mesmo do in\u00edcio das obras.<\/p>\n\n\n\n<p>Um dos diferenciais ser\u00e1 o modelo de personaliza\u00e7\u00e3o das casas. Os compradores participar\u00e3o do desenvolvimento dos projetos desde o in\u00edcio. Isso permite adaptar cada resid\u00eancia \u00e0s prefer\u00eancias individuais.<\/p>\n\n\n\n<h2 class=\"wp-block-heading\">Arquitetura e integra\u00e7\u00e3o com a paisagem<\/h2>\n\n\n\n<p>O empreendimento leva a assinatura do arquiteto Thiago Bernardes. O profissional \u00e9 conhecido por projetos como o Museu de Arte do Rio. A proposta valoriza a integra\u00e7\u00e3o entre arquitetura e natureza.<\/p>\n\n\n\n<p>Mesmo localizado em uma \u00e1rea urbana, o condom\u00ednio ter\u00e1 ampla presen\u00e7a de vegeta\u00e7\u00e3o. O projeto prev\u00ea vistas privilegiadas para o mar, lagoa e o Cristo Redentor. A ideia \u00e9 unir exclusividade com paisagem natural.<\/p>\n\n\n\n<p>As resid\u00eancias contar\u00e3o com estrutura voltada ao conforto e lazer. Entre os itens previstos est\u00e3o quadras esportivas e \u00e1reas de conviv\u00eancia. Tamb\u00e9m haver\u00e1 circula\u00e7\u00e3o interna com ve\u00edculos el\u00e9tricos.<\/p>\n\n\n\n<figure class=\"wp-block-image size-large\"><img loading=\"lazy\" decoding=\"async\" width=\"1024\" height=\"602\" src=\"https:\/\/acriticatrends.audiencelabs.com.br\/wp-content\/uploads\/2026\/04\/c2-fachada-r05-post-1024x602.jpg\" alt=\"\" class=\"wp-image-8981\" srcset=\"https:\/\/acriticatrends.audiencelabs.com.br\/wp-content\/uploads\/2026\/04\/c2-fachada-r05-post-1024x602.jpg 1024w, https:\/\/acriticatrends.audiencelabs.com.br\/wp-content\/uploads\/2026\/04\/c2-fachada-r05-post-300x177.jpg 300w, https:\/\/acriticatrends.audiencelabs.com.br\/wp-content\/uploads\/2026\/04\/c2-fachada-r05-post-768x452.jpg 768w, https:\/\/acriticatrends.audiencelabs.com.br\/wp-content\/uploads\/2026\/04\/c2-fachada-r05-post-750x441.jpg 750w, https:\/\/acriticatrends.audiencelabs.com.br\/wp-content\/uploads\/2026\/04\/c2-fachada-r05-post-1140x671.jpg 1140w, https:\/\/acriticatrends.audiencelabs.com.br\/wp-content\/uploads\/2026\/04\/c2-fachada-r05-post.jpg 1200w\" sizes=\"auto, (max-width: 1024px) 100vw, 1024px\" \/><figcaption class=\"wp-element-caption\">Cr\u00e9ditos: OPY SOLU\u00c7\u00d5ES URBANAS\/DIVULGA\u00c7\u00c3O<\/figcaption><\/figure>\n\n\n\n<h2 class=\"wp-block-heading\">Transforma\u00e7\u00e3o do espa\u00e7o<\/h2>\n\n\n\n<p>A mans\u00e3o atual ocupa cerca de 22% do terreno e ser\u00e1 demolida. O im\u00f3vel pertenceu a uma fam\u00edlia ligada ao setor de supermercados. A substitui\u00e7\u00e3o marca uma mudan\u00e7a no uso da \u00e1rea.<\/p>\n\n\n\n<p>O novo condom\u00ednio tamb\u00e9m incluir\u00e1 um bosque privativo com trilhas. Um mirante exclusivo far\u00e1 parte da \u00e1rea comum do projeto. A proposta amplia o conceito de moradia integrada ao ambiente.<\/p>\n\n\n\n<p>As obras devem come\u00e7ar em breve, conforme cronograma da construtora. O empreendimento j\u00e1 desperta interesse no mercado de luxo. A regi\u00e3o segue entre as mais valorizadas do pa\u00eds.<\/p>\n","protected":false},"excerpt":{"rendered":"<p>Uma das propriedades mais valiosas do pa\u00eds ser\u00e1 substitu\u00edda por um novo projeto imobili\u00e1rio de alto padr\u00e3o no Rio de Janeiro. A mans\u00e3o, anunciada por R$ 220 milh\u00f5es, dar\u00e1 lugar a um condom\u00ednio exclusivo. O empreendimento ser\u00e1 erguido no bairro Leblon. Projeto aposta em exclusividade O terreno abrigar\u00e1 o condom\u00ednio Est\u00e2ncia Pernambuco, com apenas dez [&hellip;]<\/p>\n","protected":false},"author":12,"featured_media":8980,"comment_status":"open","ping_status":"closed","sticky":false,"template":"","format":"standard","meta":{"jnews-multi-image_gallery":[],"jnews_single_post":{"format":"standard"},"jnews_primary_category":[],"jnews_social_meta":[],"jnews_post_split":[],"footnotes":""},"categories":[55],"tags":[],"class_list":["post-8979","post","type-post","status-publish","format-standard","has-post-thumbnail","hentry","category-trends"],"_links":{"self":[{"href":"https:\/\/acriticatrends.audiencelabs.com.br\/wp-json\/wp\/v2\/posts\/8979","targetHints":{"allow":["GET"]}}],"collection":[{"href":"https:\/\/acriticatrends.audiencelabs.com.br\/wp-json\/wp\/v2\/posts"}],"about":[{"href":"https:\/\/acriticatrends.audiencelabs.com.br\/wp-json\/wp\/v2\/types\/post"}],"author":[{"embeddable":true,"href":"https:\/\/acriticatrends.audiencelabs.com.br\/wp-json\/wp\/v2\/users\/12"}],"replies":[{"embeddable":true,"href":"https:\/\/acriticatrends.audiencelabs.com.br\/wp-json\/wp\/v2\/comments?post=8979"}],"version-history":[{"count":1,"href":"https:\/\/acriticatrends.audiencelabs.com.br\/wp-json\/wp\/v2\/posts\/8979\/revisions"}],"predecessor-version":[{"id":8982,"href":"https:\/\/acriticatrends.audiencelabs.com.br\/wp-json\/wp\/v2\/posts\/8979\/revisions\/8982"}],"wp:featuredmedia":[{"embeddable":true,"href":"https:\/\/acriticatrends.audiencelabs.com.br\/wp-json\/wp\/v2\/media\/8980"}],"wp:attachment":[{"href":"https:\/\/acriticatrends.audiencelabs.com.br\/wp-json\/wp\/v2\/media?parent=8979"}],"wp:term":[{"taxonomy":"category","embeddable":true,"href":"https:\/\/acriticatrends.audiencelabs.com.br\/wp-json\/wp\/v2\/categories?post=8979"},{"taxonomy":"post_tag","embeddable":true,"href":"https:\/\/acriticatrends.audiencelabs.com.br\/wp-json\/wp\/v2\/tags?post=8979"}],"curies":[{"name":"wp","href":"https:\/\/api.w.org\/{rel}","templated":true}]}}