{"id":9000,"date":"2026-04-27T07:55:00","date_gmt":"2026-04-27T10:55:00","guid":{"rendered":"https:\/\/acriticatrends.audiencelabs.com.br\/?p=9000"},"modified":"2026-04-24T11:41:38","modified_gmt":"2026-04-24T14:41:38","slug":"lei-comecou-a-valer-no-brasil-e-salario-minimo-reajustado-para-r-2-10600","status":"publish","type":"post","link":"https:\/\/acriticatrends.audiencelabs.com.br\/lei-comecou-a-valer-no-brasil-e-salario-minimo-reajustado-para-r-2-10600\/","title":{"rendered":"Lei come\u00e7ou a valer no Brasil e sal\u00e1rio m\u00ednimo reajustado para R$ 2.106,00"},"content":{"rendered":"\n<p>Uma nova legisla\u00e7\u00e3o j\u00e1 em vigor em Santa Catarina atualizou o sal\u00e1rio m\u00ednimo regional para 2026, com valores que chegam a R$ 2.106. O reajuste coloca o estado entre os maiores pisos salariais do pa\u00eds. A medida foi aprovada ap\u00f3s negocia\u00e7\u00e3o entre trabalhadores e empregadores.<\/p>\n\n\n\n<p>O aumento m\u00e9dio ficou em torno de 6,5%, superando a infla\u00e7\u00e3o do per\u00edodo anterior. A proposta passou pela Assembleia Legislativa de Santa Catarina antes de ser sancionada. O novo valor j\u00e1 est\u00e1 sendo aplicado conforme as categorias profissionais.<\/p>\n\n\n\n<h2 class=\"wp-block-heading\">Faixas salariais definem valores<\/h2>\n\n\n\n<p>O piso regional foi estruturado em quatro n\u00edveis distintos. Cada faixa contempla setores espec\u00edficos da economia. Essa divis\u00e3o permite adequar os sal\u00e1rios \u00e0s caracter\u00edsticas de cada atividade.<\/p>\n\n\n\n<p>A primeira faixa foi fixada em R$ 1.842 e atende \u00e1reas como agricultura e constru\u00e7\u00e3o civil. J\u00e1 a segunda chega a R$ 1.908, abrangendo segmentos como vestu\u00e1rio e comunica\u00e7\u00e3o. A terceira estabelece R$ 2.022 para com\u00e9rcio e ind\u00fastrias.<\/p>\n\n\n\n<p>O maior valor, de R$ 2.106, \u00e9 destinado a setores mais especializados. Entre eles est\u00e3o metalurgia, sa\u00fade e tecnologia. Motoristas tamb\u00e9m est\u00e3o inclu\u00eddos nessa faixa superior.<\/p>\n\n\n\n<h2 class=\"wp-block-heading\">Reajuste acima da infla\u00e7\u00e3o<\/h2>\n\n\n\n<p>O \u00edndice aprovado supera a infla\u00e7\u00e3o registrada no ano anterior. Isso indica ganho real no poder de compra dos trabalhadores. O movimento reflete um cen\u00e1rio econ\u00f4mico considerado positivo no estado.<\/p>\n\n\n\n<p>A pol\u00edtica de valoriza\u00e7\u00e3o segue um modelo baseado em negocia\u00e7\u00e3o direta. Representantes de empresas e sindicatos participam do processo. Esse formato \u00e9 apontado como fator de equil\u00edbrio nas decis\u00f5es.<\/p>\n\n\n\n<p>O piso regional n\u00e3o se aplica a todas as categorias. Ele vale apenas para trabalhadores sem conven\u00e7\u00e3o coletiva ou piso nacional definido. Ainda assim, atinge uma parcela relevante da for\u00e7a de trabalho.<\/p>\n\n\n\n<figure class=\"wp-block-image size-large\"><img loading=\"lazy\" decoding=\"async\" width=\"1024\" height=\"613\" src=\"https:\/\/acriticatrends.audiencelabs.com.br\/wp-content\/uploads\/2026\/04\/realdinheiro_moeda_1310202263-1024x613.jpg\" alt=\"\" class=\"wp-image-7629\" srcset=\"https:\/\/acriticatrends.audiencelabs.com.br\/wp-content\/uploads\/2026\/04\/realdinheiro_moeda_1310202263-1024x613.jpg 1024w, https:\/\/acriticatrends.audiencelabs.com.br\/wp-content\/uploads\/2026\/04\/realdinheiro_moeda_1310202263-300x180.jpg 300w, https:\/\/acriticatrends.audiencelabs.com.br\/wp-content\/uploads\/2026\/04\/realdinheiro_moeda_1310202263-768x460.jpg 768w, https:\/\/acriticatrends.audiencelabs.com.br\/wp-content\/uploads\/2026\/04\/realdinheiro_moeda_1310202263-750x449.jpg 750w, https:\/\/acriticatrends.audiencelabs.com.br\/wp-content\/uploads\/2026\/04\/realdinheiro_moeda_1310202263-1140x682.jpg 1140w, https:\/\/acriticatrends.audiencelabs.com.br\/wp-content\/uploads\/2026\/04\/realdinheiro_moeda_1310202263.jpg 1200w\" sizes=\"auto, (max-width: 1024px) 100vw, 1024px\" \/><figcaption class=\"wp-element-caption\">Cr\u00e9ditos: Marcello Casal Jr\/Ag\u00eancia Brasil<\/figcaption><\/figure>\n\n\n\n<h2 class=\"wp-block-heading\">Mercado de trabalho em destaque<\/h2>\n\n\n\n<p>O reajuste ocorre em um contexto de desempenho econ\u00f4mico consistente. Santa Catarina apresentou uma das menores taxas de desemprego do pa\u00eds. Os dados refor\u00e7am o ambiente favor\u00e1vel ao mercado de trabalho.<\/p>\n\n\n\n<p>Criado em 2009, o modelo de sal\u00e1rio regional \u00e9 atualizado anualmente. A pr\u00e1tica acompanha mudan\u00e7as na economia local. O objetivo \u00e9 manter os rendimentos alinhados ao custo de vida.<\/p>\n","protected":false},"excerpt":{"rendered":"<p>Uma nova legisla\u00e7\u00e3o j\u00e1 em vigor em Santa Catarina atualizou o sal\u00e1rio m\u00ednimo regional para 2026, com valores que chegam a R$ 2.106. O reajuste coloca o estado entre os maiores pisos salariais do pa\u00eds. A medida foi aprovada ap\u00f3s negocia\u00e7\u00e3o entre trabalhadores e empregadores. O aumento m\u00e9dio ficou em torno de 6,5%, superando a [&hellip;]<\/p>\n","protected":false},"author":12,"featured_media":9001,"comment_status":"open","ping_status":"closed","sticky":false,"template":"","format":"standard","meta":{"jnews-multi-image_gallery":[],"jnews_single_post":{"format":"standard"},"jnews_primary_category":[],"jnews_social_meta":[],"jnews_post_split":[],"footnotes":""},"categories":[55],"tags":[],"class_list":["post-9000","post","type-post","status-publish","format-standard","has-post-thumbnail","hentry","category-trends"],"_links":{"self":[{"href":"https:\/\/acriticatrends.audiencelabs.com.br\/wp-json\/wp\/v2\/posts\/9000","targetHints":{"allow":["GET"]}}],"collection":[{"href":"https:\/\/acriticatrends.audiencelabs.com.br\/wp-json\/wp\/v2\/posts"}],"about":[{"href":"https:\/\/acriticatrends.audiencelabs.com.br\/wp-json\/wp\/v2\/types\/post"}],"author":[{"embeddable":true,"href":"https:\/\/acriticatrends.audiencelabs.com.br\/wp-json\/wp\/v2\/users\/12"}],"replies":[{"embeddable":true,"href":"https:\/\/acriticatrends.audiencelabs.com.br\/wp-json\/wp\/v2\/comments?post=9000"}],"version-history":[{"count":1,"href":"https:\/\/acriticatrends.audiencelabs.com.br\/wp-json\/wp\/v2\/posts\/9000\/revisions"}],"predecessor-version":[{"id":9002,"href":"https:\/\/acriticatrends.audiencelabs.com.br\/wp-json\/wp\/v2\/posts\/9000\/revisions\/9002"}],"wp:featuredmedia":[{"embeddable":true,"href":"https:\/\/acriticatrends.audiencelabs.com.br\/wp-json\/wp\/v2\/media\/9001"}],"wp:attachment":[{"href":"https:\/\/acriticatrends.audiencelabs.com.br\/wp-json\/wp\/v2\/media?parent=9000"}],"wp:term":[{"taxonomy":"category","embeddable":true,"href":"https:\/\/acriticatrends.audiencelabs.com.br\/wp-json\/wp\/v2\/categories?post=9000"},{"taxonomy":"post_tag","embeddable":true,"href":"https:\/\/acriticatrends.audiencelabs.com.br\/wp-json\/wp\/v2\/tags?post=9000"}],"curies":[{"name":"wp","href":"https:\/\/api.w.org\/{rel}","templated":true}]}}