{"id":9003,"date":"2026-04-28T18:15:35","date_gmt":"2026-04-28T21:15:35","guid":{"rendered":"https:\/\/acriticatrends.audiencelabs.com.br\/?p=9003"},"modified":"2026-04-28T09:39:32","modified_gmt":"2026-04-28T12:39:32","slug":"descoberta-de-territorio-maior-que-a-india-e-94-submerso-e-confirmada-por-cientistas","status":"publish","type":"post","link":"https:\/\/acriticatrends.audiencelabs.com.br\/descoberta-de-territorio-maior-que-a-india-e-94-submerso-e-confirmada-por-cientistas\/","title":{"rendered":"Descoberta de territ\u00f3rio maior que a \u00cdndia e 94% submerso \u00e9 confirmada por cientistas"},"content":{"rendered":"\n<p>Uma extensa \u00e1rea quase totalmente submersa no Oceano Pac\u00edfico Sul tem chamado a aten\u00e7\u00e3o da comunidade cient\u00edfica. Conhecida como Zel\u00e2ndia, essa forma\u00e7\u00e3o pode alterar conceitos tradicionais da geografia. A descoberta amplia o entendimento sobre a estrutura do planeta.<\/p>\n\n\n\n<p>Com cerca de 5 milh\u00f5es de quil\u00f4metros quadrados, a \u00e1rea supera o tamanho da \u00cdndia. Apesar disso, aproximadamente 94% de sua extens\u00e3o permanece abaixo do n\u00edvel do mar. Apenas regi\u00f5es como a Nova Zel\u00e2ndia e a Nova Caled\u00f4nia ficam vis\u00edveis.<\/p>\n\n\n\n<h2 class=\"wp-block-heading\">Origem remonta a milh\u00f5es de anos<\/h2>\n\n\n\n<p>A Zel\u00e2ndia tem origem ligada ao antigo supercontinente Gondwana. A separa\u00e7\u00e3o come\u00e7ou h\u00e1 cerca de 85 milh\u00f5es de anos. Esse processo ocorreu devido ao movimento das placas tect\u00f4nicas.<\/p>\n\n\n\n<p>Com o tempo, a crosta terrestre na regi\u00e3o passou por afinamento. Esse fen\u00f4meno contribuiu para o afundamento gradual da estrutura. Como resultado, grande parte do territ\u00f3rio ficou submersa por milh\u00f5es de anos.<\/p>\n\n\n\n<p>Mesmo escondida, a massa continental preserva registros importantes. Esses dados ajudam a compreender transforma\u00e7\u00f5es geol\u00f3gicas antigas. A regi\u00e3o funciona como um arquivo natural da hist\u00f3ria da Terra.<\/p>\n\n\n\n<h2 class=\"wp-block-heading\">Caracter\u00edsticas refor\u00e7am \u0441\u0442\u0430\u0442\u0443\u0441 continental<\/h2>\n\n\n\n<p>Estudos indicam que a Zel\u00e2ndia possui crosta continental espessa. Esse \u00e9 um dos principais crit\u00e9rios para defini\u00e7\u00e3o de um continente. Al\u00e9m disso, h\u00e1 diversidade de rochas e limites geol\u00f3gicos bem definidos.<\/p>\n\n\n\n<p>Amostras coletadas revelaram materiais como arenito e rochas vulc\u00e2nicas. Tamb\u00e9m foram identificadas lavas bas\u00e1lticas com milh\u00f5es de anos. Esses elementos diferenciam a \u00e1rea do fundo oce\u00e2nico comum.<\/p>\n\n\n\n<p>Outro destaque s\u00e3o os padr\u00f5es magn\u00e9ticos encontrados no solo marinho. Essas assinaturas permitem mapear a regi\u00e3o com maior precis\u00e3o. Os dados refor\u00e7am a origem continental da estrutura.<\/p>\n\n\n\n<figure class=\"wp-block-image size-large\"><img loading=\"lazy\" decoding=\"async\" width=\"1024\" height=\"683\" src=\"https:\/\/acriticatrends.audiencelabs.com.br\/wp-content\/uploads\/2026\/04\/berenice-melis-McCNhb7Av_4-unsplash-1024x683.jpg\" alt=\"\" class=\"wp-image-8515\" srcset=\"https:\/\/acriticatrends.audiencelabs.com.br\/wp-content\/uploads\/2026\/04\/berenice-melis-McCNhb7Av_4-unsplash-1024x683.jpg 1024w, https:\/\/acriticatrends.audiencelabs.com.br\/wp-content\/uploads\/2026\/04\/berenice-melis-McCNhb7Av_4-unsplash-300x200.jpg 300w, https:\/\/acriticatrends.audiencelabs.com.br\/wp-content\/uploads\/2026\/04\/berenice-melis-McCNhb7Av_4-unsplash-768x512.jpg 768w, https:\/\/acriticatrends.audiencelabs.com.br\/wp-content\/uploads\/2026\/04\/berenice-melis-McCNhb7Av_4-unsplash-1536x1024.jpg 1536w, https:\/\/acriticatrends.audiencelabs.com.br\/wp-content\/uploads\/2026\/04\/berenice-melis-McCNhb7Av_4-unsplash-750x500.jpg 750w, https:\/\/acriticatrends.audiencelabs.com.br\/wp-content\/uploads\/2026\/04\/berenice-melis-McCNhb7Av_4-unsplash-1140x760.jpg 1140w, https:\/\/acriticatrends.audiencelabs.com.br\/wp-content\/uploads\/2026\/04\/berenice-melis-McCNhb7Av_4-unsplash.jpg 1920w\" sizes=\"auto, (max-width: 1024px) 100vw, 1024px\" \/><figcaption class=\"wp-element-caption\">Cr\u00e9ditos: berenice melis \/ Unsplash<\/figcaption><\/figure>\n\n\n\n<h2 class=\"wp-block-heading\">Import\u00e2ncia cient\u00edfica e novos estudos<\/h2>\n\n\n\n<p>A Zel\u00e2ndia \u00e9 considerada um laborat\u00f3rio natural para pesquisas. Cientistas utilizam a \u00e1rea para estudar a forma\u00e7\u00e3o dos continentes. O local tamb\u00e9m ajuda a entender mudan\u00e7as clim\u00e1ticas ao longo do tempo.<\/p>\n\n\n\n<p>H\u00e1 ind\u00edcios de que partes do territ\u00f3rio j\u00e1 ficaram acima do n\u00edvel do mar. Isso sugere a poss\u00edvel exist\u00eancia de ecossistemas terrestres antigos. A hip\u00f3tese amplia o interesse em novas investiga\u00e7\u00f5es.<\/p>\n","protected":false},"excerpt":{"rendered":"<p>Uma extensa \u00e1rea quase totalmente submersa no Oceano Pac\u00edfico Sul tem chamado a aten\u00e7\u00e3o da comunidade cient\u00edfica. Conhecida como Zel\u00e2ndia, essa forma\u00e7\u00e3o pode alterar conceitos tradicionais da geografia. A descoberta amplia o entendimento sobre a estrutura do planeta. Com cerca de 5 milh\u00f5es de quil\u00f4metros quadrados, a \u00e1rea supera o tamanho da \u00cdndia. Apesar disso, [&hellip;]<\/p>\n","protected":false},"author":12,"featured_media":9004,"comment_status":"open","ping_status":"closed","sticky":false,"template":"","format":"standard","meta":{"jnews-multi-image_gallery":[],"jnews_single_post":{"format":"standard"},"jnews_primary_category":[],"jnews_social_meta":[],"jnews_post_split":[],"footnotes":""},"categories":[55],"tags":[],"class_list":["post-9003","post","type-post","status-publish","format-standard","has-post-thumbnail","hentry","category-trends"],"_links":{"self":[{"href":"https:\/\/acriticatrends.audiencelabs.com.br\/wp-json\/wp\/v2\/posts\/9003","targetHints":{"allow":["GET"]}}],"collection":[{"href":"https:\/\/acriticatrends.audiencelabs.com.br\/wp-json\/wp\/v2\/posts"}],"about":[{"href":"https:\/\/acriticatrends.audiencelabs.com.br\/wp-json\/wp\/v2\/types\/post"}],"author":[{"embeddable":true,"href":"https:\/\/acriticatrends.audiencelabs.com.br\/wp-json\/wp\/v2\/users\/12"}],"replies":[{"embeddable":true,"href":"https:\/\/acriticatrends.audiencelabs.com.br\/wp-json\/wp\/v2\/comments?post=9003"}],"version-history":[{"count":1,"href":"https:\/\/acriticatrends.audiencelabs.com.br\/wp-json\/wp\/v2\/posts\/9003\/revisions"}],"predecessor-version":[{"id":9005,"href":"https:\/\/acriticatrends.audiencelabs.com.br\/wp-json\/wp\/v2\/posts\/9003\/revisions\/9005"}],"wp:featuredmedia":[{"embeddable":true,"href":"https:\/\/acriticatrends.audiencelabs.com.br\/wp-json\/wp\/v2\/media\/9004"}],"wp:attachment":[{"href":"https:\/\/acriticatrends.audiencelabs.com.br\/wp-json\/wp\/v2\/media?parent=9003"}],"wp:term":[{"taxonomy":"category","embeddable":true,"href":"https:\/\/acriticatrends.audiencelabs.com.br\/wp-json\/wp\/v2\/categories?post=9003"},{"taxonomy":"post_tag","embeddable":true,"href":"https:\/\/acriticatrends.audiencelabs.com.br\/wp-json\/wp\/v2\/tags?post=9003"}],"curies":[{"name":"wp","href":"https:\/\/api.w.org\/{rel}","templated":true}]}}