{"id":9010,"date":"2026-04-26T11:15:00","date_gmt":"2026-04-26T14:15:00","guid":{"rendered":"https:\/\/acriticatrends.audiencelabs.com.br\/?p=9010"},"modified":"2026-04-24T17:39:58","modified_gmt":"2026-04-24T20:39:58","slug":"honda-confirma-que-vai-encerrar-a-venda-de-automoveis-ate-o-fim-de-2026-neste-pais","status":"publish","type":"post","link":"https:\/\/acriticatrends.audiencelabs.com.br\/honda-confirma-que-vai-encerrar-a-venda-de-automoveis-ate-o-fim-de-2026-neste-pais\/","title":{"rendered":"Honda confirma que vai encerrar a venda de autom\u00f3veis at\u00e9 o fim de 2026 neste pa\u00eds"},"content":{"rendered":"\n<p>A Honda Motor Co., Ltd., uma das principais montadoras de autom\u00f3veis do mundo, confirmou que encerrar\u00e1 suas opera\u00e7\u00f5es na Coreia do Sul at\u00e9 o fim de 2026. A decis\u00e3o integra o plano de reestrutura\u00e7\u00e3o global da companhia, que entende a necessidade de mudan\u00e7a diante do atual cen\u00e1rio do mercado automotivo.<\/p>\n\n\n\n<p>O avan\u00e7o dos ve\u00edculos el\u00e9tricos e o aumento da concorr\u00eancia na \u00c1sia tem mexido com o panorama mundial. Segundo a empresa, o fim das vendas no territ\u00f3rio sul-coreano foi estabelecido ap\u00f3s uma an\u00e1lise estrat\u00e9gica voltada \u00e0 concentra\u00e7\u00e3o de recursos em mercados considerados mais promissores no m\u00e9dio e longo prazo.<\/p>\n\n\n\n<p>Apesar disso, a montadora garantiu que continuar\u00e1 oferecendo suporte completo aos clientes sul-coreanos. Sendo assim, os consumidores contar\u00e3o com servi\u00e7os de manuten\u00e7\u00e3o, fornecimento de pe\u00e7as e cumprimento de garantias para os ve\u00edculos j\u00e1 vendidos no pa\u00eds. A partir do ano que vem, o segmento de motocicletas ser\u00e1 o pilar central de suas opera\u00e7\u00f5es locais, com planos de amplia\u00e7\u00e3o.<\/p>\n\n\n<div class=\"wp-block-image\">\n<figure class=\"aligncenter size-large\"><img loading=\"lazy\" decoding=\"async\" width=\"1024\" height=\"952\" src=\"https:\/\/acriticatrends.audiencelabs.com.br\/wp-content\/uploads\/2026\/04\/mark-chan-veza_bmQ74U-unsplash-1-scaled-e1777042936339-1024x952.jpg\" alt=\"\" class=\"wp-image-9012\" srcset=\"https:\/\/acriticatrends.audiencelabs.com.br\/wp-content\/uploads\/2026\/04\/mark-chan-veza_bmQ74U-unsplash-1-scaled-e1777042936339-1024x952.jpg 1024w, https:\/\/acriticatrends.audiencelabs.com.br\/wp-content\/uploads\/2026\/04\/mark-chan-veza_bmQ74U-unsplash-1-scaled-e1777042936339-300x279.jpg 300w, https:\/\/acriticatrends.audiencelabs.com.br\/wp-content\/uploads\/2026\/04\/mark-chan-veza_bmQ74U-unsplash-1-scaled-e1777042936339-768x714.jpg 768w, https:\/\/acriticatrends.audiencelabs.com.br\/wp-content\/uploads\/2026\/04\/mark-chan-veza_bmQ74U-unsplash-1-scaled-e1777042936339-1536x1428.jpg 1536w, https:\/\/acriticatrends.audiencelabs.com.br\/wp-content\/uploads\/2026\/04\/mark-chan-veza_bmQ74U-unsplash-1-scaled-e1777042936339-750x697.jpg 750w, https:\/\/acriticatrends.audiencelabs.com.br\/wp-content\/uploads\/2026\/04\/mark-chan-veza_bmQ74U-unsplash-1-scaled-e1777042936339-1140x1060.jpg 1140w, https:\/\/acriticatrends.audiencelabs.com.br\/wp-content\/uploads\/2026\/04\/mark-chan-veza_bmQ74U-unsplash-1-scaled-e1777042936339.jpg 1707w\" sizes=\"auto, (max-width: 1024px) 100vw, 1024px\" \/><figcaption class=\"wp-element-caption\">Cr\u00e9ditos: Unplash\/markcjn<br><\/figcaption><\/figure>\n<\/div>\n\n\n<p>Essa movimenta\u00e7\u00e3o da Honda ocorre em meio a forte press\u00e3o competitiva provocada pelas concorrentes chinesas na regi\u00e3o. As vendas da marca no pa\u00eds vinham apresentando desempenho modesto, o que contribuiu para a sa\u00edda do segmento de autom\u00f3veis.<\/p>\n\n\n\n<p>De uma forma geral, as fabricantes t\u00eam se ajustado para lidar com as transforma\u00e7\u00f5es de mercado provocadas pela eletrifica\u00e7\u00e3o do setor, que impacta diretamente nas mudan\u00e7as de comportamento dos consumidores. Isso sem falar nas varia\u00e7\u00f5es cambiais.<\/p>\n\n\n\n<h2 class=\"wp-block-heading\">Atua\u00e7\u00e3o da Honda no Brasil<\/h2>\n\n\n\n<p>Embora o cen\u00e1rio na \u00c1sia n\u00e3o seja dos melhores para a montadora, os n\u00fameros apontam para outra dire\u00e7\u00e3o no Brasil. Por aqui, a companhia mant\u00e9m um crescimento consistente, especialmente nos segmentos de autom\u00f3veis e motocicletas.<\/p>\n\n\n\n<p>Em 2025, por exemplo, registrou aumento de 13% nas vendas de carros, com mais de 103 mil unidades comercializadas. O SUV HR-V alcan\u00e7ou recordes de vendas e consolidou sua relev\u00e2ncia no mercado nacional.<\/p>\n\n\n\n<p>J\u00e1 no segmento de duas rodas, mais de 1,4 milh\u00e3o de motocicletas foram emplacadas no ano passado, marcando o quarto ano consecutivo acima da marca de 1 milh\u00e3o de unidades.<\/p>\n\n\n<style>@media (min-width: 992px) {\n    .recomendadorV2Area1 {\n        width: 280px;\n    }\n    .recomendadorV2Area2 {\n        padding: 0px 20px;\n        width: calc(100% - 280px);\n    }\n}\n\n@media (max-width: 992px) {\n    .recomendadorV2Button {\n        margin: 0 auto;\n    }\n    .recomendadorV2Area {\n        flex-direction: column;\n        text-align: center;\n    }\n    .recomendadorV2Area2 {\n        padding: 0px 20px;\n    }\n}\n\n.recomendadorV2Area {\n    background: #eeeeee3d;\n    border-radius: 10px;\n    padding: 15px;\n    display: flex;\n    margin: 15px auto;\n    border: 1px solid #00000014;\n    max-width: 800px;\n}\n\n.recomendadorV2Area1 img {\n    width: 280px;\n    height: auto;\n    border-radius: 8px;\n}\n\n.linkrecomendadorv2 {\n    text-decoration: none !important;\n}\n\n.recomendadorV2Area2 .recomendadorV2Type {\n    text-transform: uppercase;\n    font-weight: 500;\n    font-size: 11px;\n    letter-spacing: 2px;\n    color: #666;\n    margin: 12px 0;\n    display: block;\n}\n\n.recomendadorV2Title h2 {\n    padding-top: 0px !important;\n    margin: 0px !important;\n    border-left: none !important;\n    padding-left: 0px !important;\n    line-height: 1.3;\n    color: #000 !important;\n    font-size: 24px;\n    margin-bottom: 12px !important;\n}\n\n.recomendadorV2Desc {\n    color: #333;\n    margin: 12px 0px !important;\n    font-size: 15px;\n    line-height: 1.5;\n}\n\n.recomendadorV2Button {\n    width: auto;\n    max-width: 200px;\n    margin: 0;\n    display: inline-flex;\n    align-items: center;\n    background: #1D3557;\n    border-radius: 8px;\n    color: #fff;\n    height: 36px;\n    justify-content: center;\n    text-align: center;\n    font-size: 14px;\n    padding: 0 20px;\n    transition: background-color 0.2s ease;\n}\n\n.recomendadorV2Button:hover {\n    background: #2a4d7a;\n}\n\n.recomendadorV2Button:after {\n    margin-top: -2px;\n    content: \"\u2192\";\n    padding: 0px 0px 0px 8px;\n}\n\n.recomendadorV2Alert {\n    text-align: left;\n    font-size: 11px;\n    margin-top: 8px;\n    color: #666;\n}\n\n.recomendadorFixedArea {\n    width: 100%;\n    display: flex;\n    justify-content: center;\n    align-items: center;\n}\n\n@media (min-width: 992px) {\n    #recomendadorFixed {\n        width: 32% !important;\n        left: 5%;\n    }\n    .recomendadorCloseFixed{\n        right: inherit !important;\n        left: 378px !important;\n    }\n}\n\n#recomendadorFixed {\n    width: 90%;\n    box-shadow: 0 10px 20px 0px #00000057;\n    display: none;\n    height: 90px;\n    background: #F6F6F6;\n    position: fixed;\n    flex-direction: row;\n    bottom: 10px;\n    z-index: 9999;\n    border-radius: 16px;\n    padding: 7px 10px;\n}\n\n.recomendadorLeftArea {\n    width: 160px;\n}\n\n.recomendadorRightArea h2 {\n    padding-top: 0px;\n    margin: 2px 0px 4px 0px !important;\n    font-weight: 400;\n    text-align: center;\n    padding-left: 0px !important;\n    color: #000 !important;\n    border-left: none !important;\n    line-height: 20px;\n    font-size: 12px !important;\n}\n\n.recomendadorImgFixed {\n    overflow: hidden;\n    padding: 8px 6px;\n    height: 100%;\n}\n\n.recomendadorImgFixed img {\n    height: 100% !important;\n    border-radius: 16px;\n}\n\n.recomendadorRightArea {\n    padding-top: 6px;\n    display: flex;\n    width: calc(100% - 130px);\n    justify-content: space-between;\n    align-items: center;\n    flex-direction: column;\n}\n\n.recomendadorButtonFixed {\n    margin: 0 auto;\n    background: #1D3557;\n    width: 80%;\n    text-align: center;\n    font-size: 10px;\n    color: #FFF;\n    padding: 2px 10px;\n    border-radius: 3px;\n}\n\n.recomendadorButtonFixed:after {\n    margin-top: -3px;\n    content: \"\u2192\";\n    padding: 0px 0px 0px 10px;\n}\n\n.recomendadorAlertFixed {\n    font-weight: 400;\n    text-align: center;\n    color: #484848;\n    font-size: 8px;\n}\n\n.recomendadorCloseFixed {\n    z-index: 99999;\n    display: none;\n    right: 0px;\n    left: inherit;\n    bottom: 99px;\n    position: fixed;\n    justify-content: center;\n    background: #F6F6F6;\n    width: 25px;\n    align-items: center;\n    height: 25px;\n    font-weight: 800;\n    border-radius: 50%;\n    border: 1px solid #EBEBEB;\n}\n\n.recomendadorV2Desc{\n    color: #000000;\n    margin: 20px 0px;\n}\n\n@media (max-width: 576px) {\n    .recomendadorV2Area {\n      padding: 10px;\n      max-width: 100%;\n    }\n  \n    .recomendadorV2Area1 img {\n      width: 100%;\n      border-radius: 6px;\n    }\n  \n    .recomendadorV2Area2 .recomendadorV2Type {\n      font-size: 9px;\n      letter-spacing: 1px;\n      margin: 8px 0;\n    }\n  \n    .recomendadorV2Title h2 {\n      font-size: 18px !important;\n      margin-bottom: 8px !important;\n      line-height: 1.2;\n    }\n  \n    .recomendadorV2Desc {\n      font-size: 14px;\n      margin: 8px 0 !important;\n      line-height: 1.4;\n    }\n  \n    .recomendadorV2Button {\n      font-size: 14px;\n      height: 40px;\n      padding: 0 12px;\n      max-width: 100%;\n      width: 100%;\n    }\n  \n    .recomendadorV2Button:after {\n      padding-left: 6px;\n    }\n  }\n  <\/style>\n        <div class=\"lazyblock-recomendador-v2-2jDGz wp-block-lazyblock-recomendador-v2\">\n        <a class=\"linkrecomendadorv2\" href=\"https:\/\/www.acritica.com\/trends\/enquanto-verstappen-indica-aposentadoria-antes-dos-30-anos-seu-sogro-nelson-piquet-correu-bem-mais-tempo\/?utm_source=lazy\" target=\"_blank\" rel=\"noopener\">\n            <div class=\"recomendadorV2Area\">\n            <div class=\"recomendadorV2Area1\">\n                <div class=\"recomendadorV2Img\">\n                <img class=\"lazyloaded\" decoding=\"async\" src=\"https:\/\/www.acritica.com\/trends\/wp-content\/uploads\/2026\/04\/Verstappen-Monaco-e1748206745395-1-1140x570.jpg\" data-src=\"https:\/\/www.acritica.com\/trends\/wp-content\/uploads\/2026\/04\/Verstappen-Monaco-e1748206745395-1-1140x570.jpg\" alt=\"\">\n                <\/div>\n            <\/div>\n            <div class=\"recomendadorV2Area2\">\n                <div class=\"recomendadorV2Type\">\n                    <span>F\u00f3rmula 1<\/span>\n                <\/div>\n                <div class=\"recomendadorV2Title\">\n                <h2><span>Aposentadoria precoce \ud83c\udfce\ufe0f<\/span><\/h2>\n                <\/div>\n                <div class=\"recomendadorV2Desc\">\n                <span>Verstappen pensa em parar antes dos 30<\/span>\n                <\/div>\n                <div class=\"recomendadorV2Button\">LER AGORA<\/div>\n                <div class=\"recomendadorV2Alert\"><\/div>\n            <\/div>\n            <\/div>\n        <\/a>\n        <div>\n            <div style=\"z-index:99999;\" id=\"buttonClose\" onclick=\"closeRecomendadorFixed()\">\n            <div class=\"recomendadorCloseFixed\">X<\/div>\n            <\/div>\n            <a href=\"https:\/\/www.acritica.com\/trends\/enquanto-verstappen-indica-aposentadoria-antes-dos-30-anos-seu-sogro-nelson-piquet-correu-bem-mais-tempo\/?utm_source=lazy\" target=\"_blank\" rel=\"noopener\">\n            <div class=\"recomendadorFixedArea\">\n                <div id=\"recomendadorFixed\">\n                <div class=\"recomendadorLeftArea\">\n                    <div class=\"recomendadorImgFixed\">\n                    <img class=\"lazyload\" decoding=\"async\" src=\"https:\/\/www.acritica.com\/trends\/wp-content\/uploads\/2026\/04\/Verstappen-Monaco-e1748206745395-1-1140x570.jpg\" alt=\"\">\n                    <\/div>\n                <\/div>\n                <div class=\"recomendadorRightArea\">\n                    <div class=\"recomendadorTitleFixed\">\n                    <h2><span>Aposentadoria precoce \ud83c\udfce\ufe0f<\/span><\/h2>\n                    <\/div>\n                    <div class=\"recomendadorButtonFixed\">LER AGORA<\/div>\n                    <div class=\"recomendadorAlertFixed\"><\/div>\n                <\/div>\n                <\/div>\n            <\/div>\n            <\/a>\n        <\/div>\n        <\/div>\n","protected":false},"excerpt":{"rendered":"<p>A Honda Motor Co., Ltd., uma das principais montadoras de autom\u00f3veis do mundo, confirmou que encerrar\u00e1 suas opera\u00e7\u00f5es na Coreia do Sul at\u00e9 o fim de 2026. A decis\u00e3o integra o plano de reestrutura\u00e7\u00e3o global da companhia, que entende a necessidade de mudan\u00e7a diante do atual cen\u00e1rio do mercado automotivo. O avan\u00e7o dos ve\u00edculos el\u00e9tricos [&hellip;]<\/p>\n","protected":false},"author":13,"featured_media":9011,"comment_status":"open","ping_status":"closed","sticky":false,"template":"","format":"standard","meta":{"jnews-multi-image_gallery":[],"jnews_single_post":{"format":"standard"},"jnews_primary_category":[],"jnews_social_meta":[],"jnews_post_split":[],"footnotes":""},"categories":[55],"tags":[],"class_list":["post-9010","post","type-post","status-publish","format-standard","has-post-thumbnail","hentry","category-trends"],"_links":{"self":[{"href":"https:\/\/acriticatrends.audiencelabs.com.br\/wp-json\/wp\/v2\/posts\/9010","targetHints":{"allow":["GET"]}}],"collection":[{"href":"https:\/\/acriticatrends.audiencelabs.com.br\/wp-json\/wp\/v2\/posts"}],"about":[{"href":"https:\/\/acriticatrends.audiencelabs.com.br\/wp-json\/wp\/v2\/types\/post"}],"author":[{"embeddable":true,"href":"https:\/\/acriticatrends.audiencelabs.com.br\/wp-json\/wp\/v2\/users\/13"}],"replies":[{"embeddable":true,"href":"https:\/\/acriticatrends.audiencelabs.com.br\/wp-json\/wp\/v2\/comments?post=9010"}],"version-history":[{"count":2,"href":"https:\/\/acriticatrends.audiencelabs.com.br\/wp-json\/wp\/v2\/posts\/9010\/revisions"}],"predecessor-version":[{"id":9076,"href":"https:\/\/acriticatrends.audiencelabs.com.br\/wp-json\/wp\/v2\/posts\/9010\/revisions\/9076"}],"wp:featuredmedia":[{"embeddable":true,"href":"https:\/\/acriticatrends.audiencelabs.com.br\/wp-json\/wp\/v2\/media\/9011"}],"wp:attachment":[{"href":"https:\/\/acriticatrends.audiencelabs.com.br\/wp-json\/wp\/v2\/media?parent=9010"}],"wp:term":[{"taxonomy":"category","embeddable":true,"href":"https:\/\/acriticatrends.audiencelabs.com.br\/wp-json\/wp\/v2\/categories?post=9010"},{"taxonomy":"post_tag","embeddable":true,"href":"https:\/\/acriticatrends.audiencelabs.com.br\/wp-json\/wp\/v2\/tags?post=9010"}],"curies":[{"name":"wp","href":"https:\/\/api.w.org\/{rel}","templated":true}]}}