{"id":9047,"date":"2026-04-27T05:55:00","date_gmt":"2026-04-27T08:55:00","guid":{"rendered":"https:\/\/acriticatrends.audiencelabs.com.br\/?p=9047"},"modified":"2026-04-24T15:00:54","modified_gmt":"2026-04-24T18:00:54","slug":"idosos-podem-escapar-do-pagamento-de-3-contas-no-brasil-em-2026","status":"publish","type":"post","link":"https:\/\/acriticatrends.audiencelabs.com.br\/idosos-podem-escapar-do-pagamento-de-3-contas-no-brasil-em-2026\/","title":{"rendered":"Idosos podem escapar do pagamento de 3 contas no Brasil em 2026"},"content":{"rendered":"\n<p>A press\u00e3o das contas no fim do m\u00eas ainda pesa para milh\u00f5es de brasileiros, especialmente entre os mais velhos. No entanto, mudan\u00e7as recentes na legisla\u00e7\u00e3o come\u00e7aram a abrir caminhos que podem aliviar parte desse cen\u00e1rio.<\/p>\n\n\n\n<p>Em 2026, idosos com mais de 60 anos passaram a contar com benef\u00edcios previstos desde a san\u00e7\u00e3o da Lei do Superendividamento, em 2021. Justamente essa norma trouxe mecanismos que ajudam a preservar a renda e at\u00e9 reduzir ou eliminar alguns custos essenciais.<\/p>\n\n\n\n<p>Entre os principais al\u00edvios est\u00e1 a conta de <strong>energia el\u00e9trica<\/strong>, que pode ter desconto por meio da Tarifa Social. O benef\u00edcio atende fam\u00edlias de baixa renda inscritas no Cadastro \u00danico e, em alguns casos, pode chegar a uma redu\u00e7\u00e3o significativa do valor cobrado.<\/p>\n\n\n\n<p>Outro ponto importante envolve o <strong>IPTU<\/strong>, que pode ser dispensado em diversas cidades do pa\u00eds. No entanto, a isen\u00e7\u00e3o depende de crit\u00e9rios como renda limitada, posse de apenas um im\u00f3vel e uso da resid\u00eancia como moradia principal.<\/p>\n\n\n\n<p>J\u00e1 no <strong>Imposto de Renda<\/strong>, idosos a partir de 65 anos contam com uma faixa extra de isen\u00e7\u00e3o sobre aposentadorias e pens\u00f5es. Isso reduz a carga tribut\u00e1ria e pode at\u00e9 mesmo eliminar a necessidade de pagamento em determinadas situa\u00e7\u00f5es.<\/p>\n\n\n\n<p>Al\u00e9m disso, a lei tamb\u00e9m atua diretamente sobre d\u00edvidas banc\u00e1rias, como cart\u00e3o de cr\u00e9dito, cheque especial e cr\u00e9dito consignado. Quando a renda m\u00ednima \u00e9 comprometida, o idoso pode solicitar revis\u00e3o judicial com \u10de\u10d8\u10e0\u10dd\u10d1 melhores de pagamento.<\/p>\n\n\n\n<figure class=\"wp-block-image size-large\"><img loading=\"lazy\" decoding=\"async\" width=\"1024\" height=\"683\" src=\"https:\/\/acriticatrends.audiencelabs.com.br\/wp-content\/uploads\/2026\/04\/1765-1-1-1024x683.jpg\" alt=\"\" class=\"wp-image-9049\" srcset=\"https:\/\/acriticatrends.audiencelabs.com.br\/wp-content\/uploads\/2026\/04\/1765-1-1-1024x683.jpg 1024w, https:\/\/acriticatrends.audiencelabs.com.br\/wp-content\/uploads\/2026\/04\/1765-1-1-300x200.jpg 300w, https:\/\/acriticatrends.audiencelabs.com.br\/wp-content\/uploads\/2026\/04\/1765-1-1-768x512.jpg 768w, https:\/\/acriticatrends.audiencelabs.com.br\/wp-content\/uploads\/2026\/04\/1765-1-1-750x500.jpg 750w, https:\/\/acriticatrends.audiencelabs.com.br\/wp-content\/uploads\/2026\/04\/1765-1-1-1140x760.jpg 1140w, https:\/\/acriticatrends.audiencelabs.com.br\/wp-content\/uploads\/2026\/04\/1765-1-1.jpg 1200w\" sizes=\"auto, (max-width: 1024px) 100vw, 1024px\" \/><figcaption class=\"wp-element-caption\">Cr\u00e9ditos: Freepik<\/figcaption><\/figure>\n\n\n\n<h2 class=\"wp-block-heading\">Crescimento do endividamento acende alerta<\/h2>\n\n\n\n<p>Mesmo com essas medidas, o n\u00famero de idosos endividados segue aumentando no Brasil. Dados da Serasa Experian mostram que o total saltou de 9,2 milh\u00f5es em 2019 para 15,9 milh\u00f5es em janeiro de 2026.<\/p>\n\n\n\n<p>Somente no \u00faltimo ano, houve aumento de 1,8 milh\u00e3o de pessoas nessa condi\u00e7\u00e3o. Justamente esse avan\u00e7o cont\u00ednuo refor\u00e7a a import\u00e2ncia de pol\u00edticas que protejam a renda e garantam condi\u00e7\u00f5es mais justas para essa parcela da popula\u00e7\u00e3o.<\/p>\n","protected":false},"excerpt":{"rendered":"<p>A press\u00e3o das contas no fim do m\u00eas ainda pesa para milh\u00f5es de brasileiros, especialmente entre os mais velhos. No entanto, mudan\u00e7as recentes na legisla\u00e7\u00e3o come\u00e7aram a abrir caminhos que podem aliviar parte desse cen\u00e1rio. Em 2026, idosos com mais de 60 anos passaram a contar com benef\u00edcios previstos desde a san\u00e7\u00e3o da Lei do [&hellip;]<\/p>\n","protected":false},"author":4,"featured_media":9048,"comment_status":"open","ping_status":"closed","sticky":false,"template":"","format":"standard","meta":{"jnews-multi-image_gallery":[],"jnews_single_post":{"format":"standard"},"jnews_primary_category":[],"jnews_social_meta":[],"jnews_post_split":[],"footnotes":""},"categories":[55],"tags":[],"class_list":["post-9047","post","type-post","status-publish","format-standard","has-post-thumbnail","hentry","category-trends"],"_links":{"self":[{"href":"https:\/\/acriticatrends.audiencelabs.com.br\/wp-json\/wp\/v2\/posts\/9047","targetHints":{"allow":["GET"]}}],"collection":[{"href":"https:\/\/acriticatrends.audiencelabs.com.br\/wp-json\/wp\/v2\/posts"}],"about":[{"href":"https:\/\/acriticatrends.audiencelabs.com.br\/wp-json\/wp\/v2\/types\/post"}],"author":[{"embeddable":true,"href":"https:\/\/acriticatrends.audiencelabs.com.br\/wp-json\/wp\/v2\/users\/4"}],"replies":[{"embeddable":true,"href":"https:\/\/acriticatrends.audiencelabs.com.br\/wp-json\/wp\/v2\/comments?post=9047"}],"version-history":[{"count":2,"href":"https:\/\/acriticatrends.audiencelabs.com.br\/wp-json\/wp\/v2\/posts\/9047\/revisions"}],"predecessor-version":[{"id":9092,"href":"https:\/\/acriticatrends.audiencelabs.com.br\/wp-json\/wp\/v2\/posts\/9047\/revisions\/9092"}],"wp:featuredmedia":[{"embeddable":true,"href":"https:\/\/acriticatrends.audiencelabs.com.br\/wp-json\/wp\/v2\/media\/9048"}],"wp:attachment":[{"href":"https:\/\/acriticatrends.audiencelabs.com.br\/wp-json\/wp\/v2\/media?parent=9047"}],"wp:term":[{"taxonomy":"category","embeddable":true,"href":"https:\/\/acriticatrends.audiencelabs.com.br\/wp-json\/wp\/v2\/categories?post=9047"},{"taxonomy":"post_tag","embeddable":true,"href":"https:\/\/acriticatrends.audiencelabs.com.br\/wp-json\/wp\/v2\/tags?post=9047"}],"curies":[{"name":"wp","href":"https:\/\/api.w.org\/{rel}","templated":true}]}}