{"id":9051,"date":"2026-04-27T05:20:00","date_gmt":"2026-04-27T08:20:00","guid":{"rendered":"https:\/\/acriticatrends.audiencelabs.com.br\/?p=9051"},"modified":"2026-04-24T15:24:03","modified_gmt":"2026-04-24T18:24:03","slug":"mec-divulga-comunicado-para-todos-os-estudantes-que-recebem-o-pe-de-meia","status":"publish","type":"post","link":"https:\/\/acriticatrends.audiencelabs.com.br\/mec-divulga-comunicado-para-todos-os-estudantes-que-recebem-o-pe-de-meia\/","title":{"rendered":"MEC divulga comunicado para todos os estudantes que recebem o P\u00e9-de-Meia"},"content":{"rendered":"\n<p>O acesso a benef\u00edcios educacionais tem ganhado novas formas nos \u00faltimos anos, especialmente com o avan\u00e7o de solu\u00e7\u00f5es digitais voltadas a estudantes de baixa renda. No entanto, muitos respons\u00e1veis ainda t\u00eam d\u00favidas sobre como esses recursos funcionam na pr\u00e1tica e de que forma podem ser liberados.<\/p>\n\n\n\n<p>Foi justamente para esclarecer esse cen\u00e1rio que o Minist\u00e9rio da Educa\u00e7\u00e3o (MEC) divulgou um comunicado direcionado aos pais de alunos que participam do programa P\u00e9-de-Meia. A iniciativa informa como funciona a conta digital vinculada ao benef\u00edcio e como os respons\u00e1veis podem autorizar seu uso.<\/p>\n\n\n\n<p>Criado pela Lei n\u00ba 14.818\/2024, o programa atende estudantes do ensino m\u00e9dio p\u00fablico que fazem parte de fam\u00edlias com renda mensal de at\u00e9 meio sal\u00e1rio m\u00ednimo por pessoa. At\u00e9 mesmo alunos da Educa\u00e7\u00e3o de Jovens e Adultos (EJA) podem participar, desde que estejam dentro da faixa et\u00e1ria exigida.<\/p>\n\n\n\n<p>Para ter direito ao benef\u00edcio, \u00e9 necess\u00e1rio cumprir alguns crit\u00e9rios, como possuir CPF regular e manter frequ\u00eancia escolar m\u00ednima de 80%. No entanto, as regras tamb\u00e9m variam conforme o tipo de ensino, com idades entre 14 e 24 anos no ensino regular e 19 a 24 anos na EJA.<\/p>\n\n\n\n<p>A conta digital \u00e9 aberta automaticamente pela Caixa Econ\u00f4mica Federal, sem que o estudante precise solicitar. No caso de menores de idade, a libera\u00e7\u00e3o depende da autoriza\u00e7\u00e3o do respons\u00e1vel, que pode ser feita pelo aplicativo Caixa Tem ou presencialmente.<\/p>\n\n\n\n<p>Ap\u00f3s essa autoriza\u00e7\u00e3o, o estudante j\u00e1 consegue movimentar a conta normalmente e acessar os valores dispon\u00edveis. O MEC tamb\u00e9m disponibilizou um tutorial online justamente para orientar os respons\u00e1veis nesse processo e evitar dificuldades no acesso.<\/p>\n\n\n\n<p>Os incentivos financeiros s\u00e3o distribu\u00eddos ao longo do per\u00edodo escolar e podem chegar a R$ 9,2 mil no total. H\u00e1 pagamentos mensais por frequ\u00eancia, valores pela matr\u00edcula e at\u00e9 mesmo b\u00f4nus adicionais por conclus\u00e3o de etapas e participa\u00e7\u00e3o no Enem.<\/p>\n\n\n\n<figure class=\"wp-block-image size-large\"><img loading=\"lazy\" decoding=\"async\" width=\"1024\" height=\"613\" src=\"https:\/\/acriticatrends.audiencelabs.com.br\/wp-content\/uploads\/2026\/04\/0d4a4675_0-1-1024x613.jpg\" alt=\"\" class=\"wp-image-9053\" srcset=\"https:\/\/acriticatrends.audiencelabs.com.br\/wp-content\/uploads\/2026\/04\/0d4a4675_0-1-1024x613.jpg 1024w, https:\/\/acriticatrends.audiencelabs.com.br\/wp-content\/uploads\/2026\/04\/0d4a4675_0-1-300x180.jpg 300w, https:\/\/acriticatrends.audiencelabs.com.br\/wp-content\/uploads\/2026\/04\/0d4a4675_0-1-768x460.jpg 768w, https:\/\/acriticatrends.audiencelabs.com.br\/wp-content\/uploads\/2026\/04\/0d4a4675_0-1-750x449.jpg 750w, https:\/\/acriticatrends.audiencelabs.com.br\/wp-content\/uploads\/2026\/04\/0d4a4675_0-1-1140x682.jpg 1140w, https:\/\/acriticatrends.audiencelabs.com.br\/wp-content\/uploads\/2026\/04\/0d4a4675_0-1.jpg 1200w\" sizes=\"auto, (max-width: 1024px) 100vw, 1024px\" \/><figcaption class=\"wp-element-caption\">Cr\u00e9ditos: Ant\u00f4nio Cruz\/Ag\u00eancia Brasil<\/figcaption><\/figure>\n\n\n\n<h2 class=\"wp-block-heading\">Como garantir o acesso ao benef\u00edcio<\/h2>\n\n\n\n<p>A elegibilidade dos estudantes \u00e9 verificada com base nas informa\u00e7\u00f5es do Cadastro \u00danico, o chamado Cad\u00danico. No entanto, \u00e9 fundamental que os dados estejam atualizados at\u00e9 o dia 7 de agosto de 2026 para evitar problemas no recebimento.<\/p>\n\n\n\n<p>Com isso, o comunicado refor\u00e7a a import\u00e2ncia da participa\u00e7\u00e3o ativa das fam\u00edlias no processo. At\u00e9 mesmo pequenos detalhes, como a atualiza\u00e7\u00e3o cadastral, podem garantir o acesso cont\u00ednuo aos valores oferecidos pelo programa.<\/p>\n","protected":false},"excerpt":{"rendered":"<p>O acesso a benef\u00edcios educacionais tem ganhado novas formas nos \u00faltimos anos, especialmente com o avan\u00e7o de solu\u00e7\u00f5es digitais voltadas a estudantes de baixa renda. No entanto, muitos respons\u00e1veis ainda t\u00eam d\u00favidas sobre como esses recursos funcionam na pr\u00e1tica e de que forma podem ser liberados. Foi justamente para esclarecer esse cen\u00e1rio que o Minist\u00e9rio [&hellip;]<\/p>\n","protected":false},"author":4,"featured_media":9052,"comment_status":"open","ping_status":"closed","sticky":false,"template":"","format":"standard","meta":{"jnews-multi-image_gallery":[],"jnews_single_post":{"format":"standard"},"jnews_primary_category":[],"jnews_social_meta":[],"jnews_post_split":[],"footnotes":""},"categories":[55],"tags":[],"class_list":["post-9051","post","type-post","status-publish","format-standard","has-post-thumbnail","hentry","category-trends"],"_links":{"self":[{"href":"https:\/\/acriticatrends.audiencelabs.com.br\/wp-json\/wp\/v2\/posts\/9051","targetHints":{"allow":["GET"]}}],"collection":[{"href":"https:\/\/acriticatrends.audiencelabs.com.br\/wp-json\/wp\/v2\/posts"}],"about":[{"href":"https:\/\/acriticatrends.audiencelabs.com.br\/wp-json\/wp\/v2\/types\/post"}],"author":[{"embeddable":true,"href":"https:\/\/acriticatrends.audiencelabs.com.br\/wp-json\/wp\/v2\/users\/4"}],"replies":[{"embeddable":true,"href":"https:\/\/acriticatrends.audiencelabs.com.br\/wp-json\/wp\/v2\/comments?post=9051"}],"version-history":[{"count":2,"href":"https:\/\/acriticatrends.audiencelabs.com.br\/wp-json\/wp\/v2\/posts\/9051\/revisions"}],"predecessor-version":[{"id":9093,"href":"https:\/\/acriticatrends.audiencelabs.com.br\/wp-json\/wp\/v2\/posts\/9051\/revisions\/9093"}],"wp:featuredmedia":[{"embeddable":true,"href":"https:\/\/acriticatrends.audiencelabs.com.br\/wp-json\/wp\/v2\/media\/9052"}],"wp:attachment":[{"href":"https:\/\/acriticatrends.audiencelabs.com.br\/wp-json\/wp\/v2\/media?parent=9051"}],"wp:term":[{"taxonomy":"category","embeddable":true,"href":"https:\/\/acriticatrends.audiencelabs.com.br\/wp-json\/wp\/v2\/categories?post=9051"},{"taxonomy":"post_tag","embeddable":true,"href":"https:\/\/acriticatrends.audiencelabs.com.br\/wp-json\/wp\/v2\/tags?post=9051"}],"curies":[{"name":"wp","href":"https:\/\/api.w.org\/{rel}","templated":true}]}}