{"id":9103,"date":"2026-04-27T09:06:00","date_gmt":"2026-04-27T12:06:00","guid":{"rendered":"https:\/\/acriticatrends.audiencelabs.com.br\/?p=9103"},"modified":"2026-04-27T08:53:58","modified_gmt":"2026-04-27T11:53:58","slug":"caixa-envia-presente-para-beneficiarios-do-bolsa-familia-nesta-segunda-feira-27","status":"publish","type":"post","link":"https:\/\/acriticatrends.audiencelabs.com.br\/caixa-envia-presente-para-beneficiarios-do-bolsa-familia-nesta-segunda-feira-27\/","title":{"rendered":"Caixa envia presente para benefici\u00e1rios do Bolsa Fam\u00edlia nesta segunda-feira (27)"},"content":{"rendered":"\n<p>Nesta segunda-feira (27), a Caixa Econ\u00f4mica Federal paga a parcela do Bolsa Fam\u00edlia referente ao m\u00eas de abril. Seguindo o cronograma de pagamentos, ser\u00e3o contemplados pela institui\u00e7\u00e3o financeira os benefici\u00e1rios com N\u00famero de Inscri\u00e7\u00e3o Social (NIS) de final 7.<\/p>\n\n\n\n<p>O valor m\u00ednimo do programa de transfer\u00eancia de renda \u00e9 de R$ 600. Mas o repasse de tr\u00eas adicionais podem fazer essa quantia subir: R$ 50 a m\u00e3es de beb\u00eas de at\u00e9 seis meses de idade,;R$ 50 a gestantes e nutrizes (m\u00e3es que amamentam); e R$ 50 a cada filho de 7 a 18 anos e R$ 150 a cada crian\u00e7a de at\u00e9 6 anos.<\/p>\n\n\n\n<p>Os b\u00f4nus fazem as cifras m\u00e9dias do benef\u00edcio serem de R$ 678,22. De acordo com o Minist\u00e9rio do Desenvolvimento e Assist\u00eancia Social, o Bolsa Fam\u00edlia alcan\u00e7ar\u00e1 18,9 milh\u00f5es de fam\u00edlias neste quarto m\u00eas do ano, com gasto de R$ 12,8 bilh\u00f5es.<\/p>\n\n\n<div class=\"wp-block-image\">\n<figure class=\"aligncenter size-large\"><img loading=\"lazy\" decoding=\"async\" width=\"1024\" height=\"768\" src=\"https:\/\/acriticatrends.audiencelabs.com.br\/wp-content\/uploads\/2026\/04\/i383252-1024x768.jpg\" alt=\"\" class=\"wp-image-7108\" srcset=\"https:\/\/acriticatrends.audiencelabs.com.br\/wp-content\/uploads\/2026\/04\/i383252-1024x768.jpg 1024w, https:\/\/acriticatrends.audiencelabs.com.br\/wp-content\/uploads\/2026\/04\/i383252-300x225.jpg 300w, https:\/\/acriticatrends.audiencelabs.com.br\/wp-content\/uploads\/2026\/04\/i383252-768x576.jpg 768w, https:\/\/acriticatrends.audiencelabs.com.br\/wp-content\/uploads\/2026\/04\/i383252-750x563.jpg 750w, https:\/\/acriticatrends.audiencelabs.com.br\/wp-content\/uploads\/2026\/04\/i383252-1140x855.jpg 1140w, https:\/\/acriticatrends.audiencelabs.com.br\/wp-content\/uploads\/2026\/04\/i383252.jpg 1200w\" sizes=\"auto, (max-width: 1024px) 100vw, 1024px\" \/><figcaption class=\"wp-element-caption\">Cr\u00e9ditos: Divulga\u00e7\u00e3o\/Caixa<\/figcaption><\/figure>\n<\/div>\n\n\n<p>Seguindo o modelo tradicional, o pagamento acontece nos \u00faltimos dez dias \u00fateis de cada m\u00eas. Os benefici\u00e1rios podem consultar as informa\u00e7\u00f5es sobre as datas de pagamento, valor do benef\u00edcio e a composi\u00e7\u00e3o das parcelas no aplicativo Caixa Tem, utilizado para acompanhar as contas poupan\u00e7a digitais do banco.<\/p>\n\n\n\n<h2 class=\"wp-block-heading\">Benefici\u00e1rios receberam pagamento antecipado<\/h2>\n\n\n\n<p>Vale destacar que os cadastrados de 173 cidades de 11 estados receberam o pagamento no \u00faltimo dia 16, independentemente do NIS. Foram contemplados moradores dos estados do Rio Grande do Norte (121), Amazonas (3), Bahia (17), Par\u00e1 (1), Paran\u00e1 (1), Piau\u00ed (3), Rio de Janeiro (8), Roraima (6), S\u00e3o Paulo (2) e Sergipe (6).<\/p>\n\n\n\n<p>Os locais foram afetados por algum tipo de calamidade, o que os coloca como prioridade na lista de pagamentos. No RN, por exemplo, cidades sofrem com a seca, enquanto cinco munic\u00edpios mineiros foram atingidos por enchentes. A rela\u00e7\u00e3o das localidades com pagamento antecipado est\u00e1 dispon\u00edvel na p\u00e1gina do Minist\u00e9rio do Desenvolvimento e Assist\u00eancia Social.<\/p>\n","protected":false},"excerpt":{"rendered":"<p>Nesta segunda-feira (27), a Caixa Econ\u00f4mica Federal paga a parcela do Bolsa Fam\u00edlia referente ao m\u00eas de abril. Seguindo o cronograma de pagamentos, ser\u00e3o contemplados pela institui\u00e7\u00e3o financeira os benefici\u00e1rios com N\u00famero de Inscri\u00e7\u00e3o Social (NIS) de final 7. O valor m\u00ednimo do programa de transfer\u00eancia de renda \u00e9 de R$ 600. Mas o repasse [&hellip;]<\/p>\n","protected":false},"author":13,"featured_media":9104,"comment_status":"open","ping_status":"closed","sticky":false,"template":"","format":"standard","meta":{"jnews-multi-image_gallery":[],"jnews_single_post":{"format":"standard"},"jnews_primary_category":[],"jnews_social_meta":[],"jnews_post_split":[],"footnotes":""},"categories":[55],"tags":[],"class_list":["post-9103","post","type-post","status-publish","format-standard","has-post-thumbnail","hentry","category-trends"],"_links":{"self":[{"href":"https:\/\/acriticatrends.audiencelabs.com.br\/wp-json\/wp\/v2\/posts\/9103","targetHints":{"allow":["GET"]}}],"collection":[{"href":"https:\/\/acriticatrends.audiencelabs.com.br\/wp-json\/wp\/v2\/posts"}],"about":[{"href":"https:\/\/acriticatrends.audiencelabs.com.br\/wp-json\/wp\/v2\/types\/post"}],"author":[{"embeddable":true,"href":"https:\/\/acriticatrends.audiencelabs.com.br\/wp-json\/wp\/v2\/users\/13"}],"replies":[{"embeddable":true,"href":"https:\/\/acriticatrends.audiencelabs.com.br\/wp-json\/wp\/v2\/comments?post=9103"}],"version-history":[{"count":1,"href":"https:\/\/acriticatrends.audiencelabs.com.br\/wp-json\/wp\/v2\/posts\/9103\/revisions"}],"predecessor-version":[{"id":9105,"href":"https:\/\/acriticatrends.audiencelabs.com.br\/wp-json\/wp\/v2\/posts\/9103\/revisions\/9105"}],"wp:featuredmedia":[{"embeddable":true,"href":"https:\/\/acriticatrends.audiencelabs.com.br\/wp-json\/wp\/v2\/media\/9104"}],"wp:attachment":[{"href":"https:\/\/acriticatrends.audiencelabs.com.br\/wp-json\/wp\/v2\/media?parent=9103"}],"wp:term":[{"taxonomy":"category","embeddable":true,"href":"https:\/\/acriticatrends.audiencelabs.com.br\/wp-json\/wp\/v2\/categories?post=9103"},{"taxonomy":"post_tag","embeddable":true,"href":"https:\/\/acriticatrends.audiencelabs.com.br\/wp-json\/wp\/v2\/tags?post=9103"}],"curies":[{"name":"wp","href":"https:\/\/api.w.org\/{rel}","templated":true}]}}