{"id":9113,"date":"2026-04-27T09:45:26","date_gmt":"2026-04-27T12:45:26","guid":{"rendered":"https:\/\/acriticatrends.audiencelabs.com.br\/?p=9113"},"modified":"2026-04-27T09:45:30","modified_gmt":"2026-04-27T12:45:30","slug":"novas-regras-para-atestados-medicos-comecam-a-valer-em-todo-o-brasil","status":"publish","type":"post","link":"https:\/\/acriticatrends.audiencelabs.com.br\/novas-regras-para-atestados-medicos-comecam-a-valer-em-todo-o-brasil\/","title":{"rendered":"Novas regras para atestados m\u00e9dicos come\u00e7am a valer em todo o Brasil"},"content":{"rendered":"\n<p>O Minist\u00e9rio da Previd\u00eancia Social e o Instituto Nacional do Seguro Social (INSS) atualizaram as regras para os atestados m\u00e9dicos. De agora em diante, passam a valer as novas diretrizes para a concess\u00e3o do benef\u00edcio por incapacidade tempor\u00e1ria (antigo aux\u00edlio-doen\u00e7a), eliminando a necessidade de o segurado comparecer \u00e0s ag\u00eancias.<\/p>\n\n\n\n<p>A novidade faz parte da vers\u00e3o mais atualizada do Atestmed, que permite a concess\u00e3o de benef\u00edcios somente com an\u00e1lise do atestado m\u00e9dico e exames. O procedimento \u00e9 todo realizado de casa, ou seja, sem a necessidade de comparecer a uma ag\u00eancia. Tudo \u00e9 feito de forma digital.<\/p>\n\n\n\n<p>Com a medida, os atestados m\u00e9dicos que recomendam o afastamento por at\u00e9 90 dias podem ser aprovados exclusivamente via an\u00e1lise documental. At\u00e9 ent\u00e3o, esse limite era de 60 dias. O cidad\u00e3o acessa o site ou o aplicativo Meu INSS, anexa os atestados e exames complementares e espera a an\u00e1lise remota pelos m\u00e9dicos peritos.<\/p>\n\n\n<div class=\"wp-block-image\">\n<figure class=\"aligncenter size-large\"><img loading=\"lazy\" decoding=\"async\" width=\"1024\" height=\"683\" src=\"https:\/\/acriticatrends.audiencelabs.com.br\/wp-content\/uploads\/2026\/04\/inss-pericia-medica-agenciabrasil-1-1-1024x683.jpg\" alt=\"\" class=\"wp-image-7300\" srcset=\"https:\/\/acriticatrends.audiencelabs.com.br\/wp-content\/uploads\/2026\/04\/inss-pericia-medica-agenciabrasil-1-1-1024x683.jpg 1024w, https:\/\/acriticatrends.audiencelabs.com.br\/wp-content\/uploads\/2026\/04\/inss-pericia-medica-agenciabrasil-1-1-300x200.jpg 300w, https:\/\/acriticatrends.audiencelabs.com.br\/wp-content\/uploads\/2026\/04\/inss-pericia-medica-agenciabrasil-1-1-768x512.jpg 768w, https:\/\/acriticatrends.audiencelabs.com.br\/wp-content\/uploads\/2026\/04\/inss-pericia-medica-agenciabrasil-1-1-750x500.jpg 750w, https:\/\/acriticatrends.audiencelabs.com.br\/wp-content\/uploads\/2026\/04\/inss-pericia-medica-agenciabrasil-1-1-1140x760.jpg 1140w, https:\/\/acriticatrends.audiencelabs.com.br\/wp-content\/uploads\/2026\/04\/inss-pericia-medica-agenciabrasil-1-1.jpg 1200w\" sizes=\"auto, (max-width: 1024px) 100vw, 1024px\" \/><figcaption class=\"wp-element-caption\">Cr\u00e9ditos: Ag\u00eancia Brasil<br><\/figcaption><\/figure>\n<\/div>\n\n\n<p>O parecer dos peritos e o resultado da per\u00edcia \u00e9 informado pelo aplicativo, sem precisar se deslocar at\u00e9 uma ag\u00eancia f\u00edsica. De acordo com o Instituto Nacional do Seguro Social, o atestado m\u00e9dico deve ser leg\u00edvel e conter obrigatoriamente:<\/p>\n\n\n\n<ul class=\"wp-block-list\">\n<li>nome completo do paciente;<\/li>\n\n\n\n<li>data de emiss\u00e3o;<\/li>\n\n\n\n<li>CID (Classifica\u00e7\u00e3o Internacional de Doen\u00e7as) ou diagn\u00f3stico por extenso;<\/li>\n\n\n\n<li>assinatura e carimbo do m\u00e9dico com CRM;<\/li>\n\n\n\n<li>prazo estimado de repouso.<\/li>\n<\/ul>\n\n\n\n<h2 class=\"wp-block-heading\">Moderniza\u00e7\u00e3o do INSS<\/h2>\n\n\n\n<p>Caso o documento enviado para an\u00e1lise apresenta rasuras ou informa\u00e7\u00f5es incompletas, o sistema poder\u00e1 encaminhar o cidad\u00e3o para uma per\u00edcia presencial. Mas essa n\u00e3o \u00e9 a regra do programa. O objetivo principal daqui em diante \u00e9 a simplifica\u00e7\u00e3o digital.<\/p>\n\n\n\n<p>Essa mudan\u00e7a representa um avan\u00e7o na moderniza\u00e7\u00e3o do \u00f3rg\u00e3o e tem o intuito de proporcionar um conforto maior aos trabalhadores que enfrentam problemas de sa\u00fade.&nbsp;<\/p>\n\n\n\n<p>Segundo dados oficiais, o INSS atende cerca de 35,2 milh\u00f5es de pessoas atualmente, entre aposentados, pensionistas e benefici\u00e1rios de aux\u00edlios (como aux\u00edlio-doen\u00e7a e acident\u00e1rio).<\/p>\n","protected":false},"excerpt":{"rendered":"<p>O Minist\u00e9rio da Previd\u00eancia Social e o Instituto Nacional do Seguro Social (INSS) atualizaram as regras para os atestados m\u00e9dicos. De agora em diante, passam a valer as novas diretrizes para a concess\u00e3o do benef\u00edcio por incapacidade tempor\u00e1ria (antigo aux\u00edlio-doen\u00e7a), eliminando a necessidade de o segurado comparecer \u00e0s ag\u00eancias. A novidade faz parte da vers\u00e3o [&hellip;]<\/p>\n","protected":false},"author":13,"featured_media":9114,"comment_status":"open","ping_status":"closed","sticky":false,"template":"","format":"standard","meta":{"jnews-multi-image_gallery":[],"jnews_single_post":{"format":"standard"},"jnews_primary_category":[],"jnews_social_meta":[],"jnews_post_split":[],"footnotes":""},"categories":[55],"tags":[],"class_list":["post-9113","post","type-post","status-publish","format-standard","has-post-thumbnail","hentry","category-trends"],"_links":{"self":[{"href":"https:\/\/acriticatrends.audiencelabs.com.br\/wp-json\/wp\/v2\/posts\/9113","targetHints":{"allow":["GET"]}}],"collection":[{"href":"https:\/\/acriticatrends.audiencelabs.com.br\/wp-json\/wp\/v2\/posts"}],"about":[{"href":"https:\/\/acriticatrends.audiencelabs.com.br\/wp-json\/wp\/v2\/types\/post"}],"author":[{"embeddable":true,"href":"https:\/\/acriticatrends.audiencelabs.com.br\/wp-json\/wp\/v2\/users\/13"}],"replies":[{"embeddable":true,"href":"https:\/\/acriticatrends.audiencelabs.com.br\/wp-json\/wp\/v2\/comments?post=9113"}],"version-history":[{"count":1,"href":"https:\/\/acriticatrends.audiencelabs.com.br\/wp-json\/wp\/v2\/posts\/9113\/revisions"}],"predecessor-version":[{"id":9115,"href":"https:\/\/acriticatrends.audiencelabs.com.br\/wp-json\/wp\/v2\/posts\/9113\/revisions\/9115"}],"wp:featuredmedia":[{"embeddable":true,"href":"https:\/\/acriticatrends.audiencelabs.com.br\/wp-json\/wp\/v2\/media\/9114"}],"wp:attachment":[{"href":"https:\/\/acriticatrends.audiencelabs.com.br\/wp-json\/wp\/v2\/media?parent=9113"}],"wp:term":[{"taxonomy":"category","embeddable":true,"href":"https:\/\/acriticatrends.audiencelabs.com.br\/wp-json\/wp\/v2\/categories?post=9113"},{"taxonomy":"post_tag","embeddable":true,"href":"https:\/\/acriticatrends.audiencelabs.com.br\/wp-json\/wp\/v2\/tags?post=9113"}],"curies":[{"name":"wp","href":"https:\/\/api.w.org\/{rel}","templated":true}]}}