{"id":9116,"date":"2026-04-27T10:15:00","date_gmt":"2026-04-27T13:15:00","guid":{"rendered":"https:\/\/acriticatrends.audiencelabs.com.br\/?p=9116"},"modified":"2026-04-27T10:06:06","modified_gmt":"2026-04-27T13:06:06","slug":"terreno-da-familia-de-neymar-dara-lugar-a-predio-com-45-andares-e-cobertura-triplex-de-r-54-milhoes","status":"publish","type":"post","link":"https:\/\/acriticatrends.audiencelabs.com.br\/terreno-da-familia-de-neymar-dara-lugar-a-predio-com-45-andares-e-cobertura-triplex-de-r-54-milhoes\/","title":{"rendered":"Terreno da fam\u00edlia de Neymar dar\u00e1 lugar a pr\u00e9dio com 45 andares e cobertura triplex de R$ 54 milh\u00f5es"},"content":{"rendered":"\n<p>Um terreno pertencente \u00e0 fam\u00edlia de Neymar dar\u00e1 lugar a um pr\u00e9dio de 45 andares e cobertura triplex estimada em R$ 54 milh\u00f5es. Localizado em Itapema, Santa Catarina, o mais novo empreendimento do qual a NR Sports, empresa da fam\u00edlia do craque, \u00e9 s\u00f3cia, conta com uma estrutura surreal de conforto e lazer.<\/p>\n\n\n\n<p>O Edify One ter\u00e1 uma torre de 45 andares (125 metros de altura) e 425 metros quadrados. O projeto, que neste momento est\u00e1 em fase de constru\u00e7\u00e3o, possui valor geral de vendas (VGV) estimado em R$ 650 milh\u00f5es e visa pessoas de alta renda que desejam privacidade m\u00e1xima, conforto e comodidade.<\/p>\n\n\n\n<p>O triplex contar\u00e1 com salas integradas e espa\u00e7o para jantar para at\u00e9 18 pessoas, al\u00e9m de conex\u00e3o direta com a sacada de frente para o mar. J\u00e1 no andar de baixo, a \u00e1rea \u00edntima abriga cinco su\u00edtes, sendo uma su\u00edte master de 131 metros quadrados com lounge, banheira com vista para o oceano e closet. A estrutura ainda contempla elevador privativo, acessos independentes e um apartamento para funcion\u00e1rios.<\/p>\n\n\n<div class=\"wp-block-image\">\n<figure class=\"aligncenter size-large\"><img loading=\"lazy\" decoding=\"async\" width=\"1024\" height=\"576\" src=\"https:\/\/acriticatrends.audiencelabs.com.br\/wp-content\/uploads\/2026\/04\/Triplex-de-54-milhoes-em-itapema-1-944x531.jpg-1024x576.jpg\" alt=\"\" class=\"wp-image-9117\" srcset=\"https:\/\/acriticatrends.audiencelabs.com.br\/wp-content\/uploads\/2026\/04\/Triplex-de-54-milhoes-em-itapema-1-944x531.jpg-1024x576.jpg 1024w, https:\/\/acriticatrends.audiencelabs.com.br\/wp-content\/uploads\/2026\/04\/Triplex-de-54-milhoes-em-itapema-1-944x531.jpg-300x169.jpg 300w, https:\/\/acriticatrends.audiencelabs.com.br\/wp-content\/uploads\/2026\/04\/Triplex-de-54-milhoes-em-itapema-1-944x531.jpg-768x432.jpg 768w, https:\/\/acriticatrends.audiencelabs.com.br\/wp-content\/uploads\/2026\/04\/Triplex-de-54-milhoes-em-itapema-1-944x531.jpg-750x422.jpg 750w, https:\/\/acriticatrends.audiencelabs.com.br\/wp-content\/uploads\/2026\/04\/Triplex-de-54-milhoes-em-itapema-1-944x531.jpg-1140x641.jpg 1140w, https:\/\/acriticatrends.audiencelabs.com.br\/wp-content\/uploads\/2026\/04\/Triplex-de-54-milhoes-em-itapema-1-944x531.jpg.jpg 1200w\" sizes=\"auto, (max-width: 1024px) 100vw, 1024px\" \/><figcaption class=\"wp-element-caption\">Cr\u00e9ditos: Divulga\u00e7\u00e3o\/Edify One<\/figcaption><\/figure>\n<\/div>\n\n\n<p>Est\u00e3o inseridos no pacote de vantagens do empreendimento de luxo sala de jogos, espa\u00e7os de conviv\u00eancia e \u00e1reas projetadas para per\u00edodos de descanso do atleta. Sem contar a academia panor\u00e2mica projetada por uma equipe especializada em arquitetura esportiva.<\/p>\n\n\n\n<h2 class=\"wp-block-heading\">Neymar vive expectativa de ir para a Copa<\/h2>\n\n\n\n<p>Enquanto fora de campo o astro segue investindo e ampliando sua fortuna, dentro das quatro linhas ele segue na miss\u00e3o Copa do Mundo. Aos 34 anos de idade, o camisa 10 do Santos sonha em disputar o que provavelmente seria o \u00faltimo Mundial de sua carreira.<\/p>\n\n\n\n<p>Para isso, por\u00e9m, ele precisa convencer o t\u00e9cnico Carlo Ancelotti. Desde que assumiu o comando da Sele\u00e7\u00e3o Brasileira, o italiano n\u00e3o convocou o meia-atacante nenhuma vez. A lista definitiva para a disputa da Copa sai no dia 18 de maio.<\/p>\n","protected":false},"excerpt":{"rendered":"<p>Um terreno pertencente \u00e0 fam\u00edlia de Neymar dar\u00e1 lugar a um pr\u00e9dio de 45 andares e cobertura triplex estimada em R$ 54 milh\u00f5es. Localizado em Itapema, Santa Catarina, o mais novo empreendimento do qual a NR Sports, empresa da fam\u00edlia do craque, \u00e9 s\u00f3cia, conta com uma estrutura surreal de conforto e lazer. O Edify [&hellip;]<\/p>\n","protected":false},"author":13,"featured_media":5507,"comment_status":"open","ping_status":"closed","sticky":false,"template":"","format":"standard","meta":{"jnews-multi-image_gallery":[],"jnews_single_post":{"format":"standard"},"jnews_primary_category":[],"jnews_social_meta":[],"jnews_post_split":[],"footnotes":""},"categories":[55],"tags":[],"class_list":["post-9116","post","type-post","status-publish","format-standard","has-post-thumbnail","hentry","category-trends"],"_links":{"self":[{"href":"https:\/\/acriticatrends.audiencelabs.com.br\/wp-json\/wp\/v2\/posts\/9116","targetHints":{"allow":["GET"]}}],"collection":[{"href":"https:\/\/acriticatrends.audiencelabs.com.br\/wp-json\/wp\/v2\/posts"}],"about":[{"href":"https:\/\/acriticatrends.audiencelabs.com.br\/wp-json\/wp\/v2\/types\/post"}],"author":[{"embeddable":true,"href":"https:\/\/acriticatrends.audiencelabs.com.br\/wp-json\/wp\/v2\/users\/13"}],"replies":[{"embeddable":true,"href":"https:\/\/acriticatrends.audiencelabs.com.br\/wp-json\/wp\/v2\/comments?post=9116"}],"version-history":[{"count":1,"href":"https:\/\/acriticatrends.audiencelabs.com.br\/wp-json\/wp\/v2\/posts\/9116\/revisions"}],"predecessor-version":[{"id":9118,"href":"https:\/\/acriticatrends.audiencelabs.com.br\/wp-json\/wp\/v2\/posts\/9116\/revisions\/9118"}],"wp:featuredmedia":[{"embeddable":true,"href":"https:\/\/acriticatrends.audiencelabs.com.br\/wp-json\/wp\/v2\/media\/5507"}],"wp:attachment":[{"href":"https:\/\/acriticatrends.audiencelabs.com.br\/wp-json\/wp\/v2\/media?parent=9116"}],"wp:term":[{"taxonomy":"category","embeddable":true,"href":"https:\/\/acriticatrends.audiencelabs.com.br\/wp-json\/wp\/v2\/categories?post=9116"},{"taxonomy":"post_tag","embeddable":true,"href":"https:\/\/acriticatrends.audiencelabs.com.br\/wp-json\/wp\/v2\/tags?post=9116"}],"curies":[{"name":"wp","href":"https:\/\/api.w.org\/{rel}","templated":true}]}}