{"id":9132,"date":"2026-04-27T14:14:00","date_gmt":"2026-04-27T17:14:00","guid":{"rendered":"https:\/\/acriticatrends.audiencelabs.com.br\/?p=9132"},"modified":"2026-04-27T10:55:06","modified_gmt":"2026-04-27T13:55:06","slug":"melhores-flores-para-plantar-no-outono-e-embelezar-o-jardim","status":"publish","type":"post","link":"https:\/\/acriticatrends.audiencelabs.com.br\/melhores-flores-para-plantar-no-outono-e-embelezar-o-jardim\/","title":{"rendered":"Melhores flores para plantar no outono e embelezar o jardim"},"content":{"rendered":"\n<p>O outono pode ser um aliado importante para quem deseja manter o jardim bonito ao longo do ano. As temperaturas mais amenas favorecem esp\u00e9cies resistentes. Com escolhas adequadas, \u00e9 poss\u00edvel garantir cor e vitalidade mesmo em dias mais frios.<\/p>\n\n\n\n<p>Entre as op\u00e7\u00f5es mais recomendadas est\u00e1 o amor-perfeito, conhecido pela durabilidade e variedade de cores. Ele se adapta bem ao clima da esta\u00e7\u00e3o e exige cuidados simples. Seu cultivo em locais com sol moderado favorece uma flora\u00e7\u00e3o cont\u00ednua.<\/p>\n\n\n\n<h2 class=\"wp-block-heading\">Esp\u00e9cies resistentes que se destacam na esta\u00e7\u00e3o<\/h2>\n\n\n\n<p>Outra alternativa bastante utilizada \u00e9 a cal\u00eandula, que apresenta tons vibrantes de amarelo e laranja. Essa planta \u00e9 considerada r\u00fastica e demanda pouca manuten\u00e7\u00e3o. Regas controladas j\u00e1 s\u00e3o suficientes para mant\u00ea-la saud\u00e1vel durante o per\u00edodo.<\/p>\n\n\n\n<p>A pet\u00fania tamb\u00e9m se mant\u00e9m como escolha popular para vasos e jardineiras. Suas flores em cores variadas trazem volume e leveza ao ambiente. O cultivo \u00e9 simples e pode ser feito em espa\u00e7os com boa incid\u00eancia de luz solar.<\/p>\n\n\n\n<p>J\u00e1 o cris\u00e2ntemo \u00e9 frequentemente associado ao outono por sua resist\u00eancia ao frio. Ele apresenta boa durabilidade e diversidade de tonalidades. Pequenas podas ajudam a manter o formato e estimular novas flores.<\/p>\n\n\n\n<figure class=\"wp-block-image size-large\"><img loading=\"lazy\" decoding=\"async\" width=\"1024\" height=\"683\" src=\"https:\/\/acriticatrends.audiencelabs.com.br\/wp-content\/uploads\/2026\/04\/berkan-kucukgul-TIM2WIFyGa4-unsplash-1024x683.jpg\" alt=\"\" class=\"wp-image-9134\" srcset=\"https:\/\/acriticatrends.audiencelabs.com.br\/wp-content\/uploads\/2026\/04\/berkan-kucukgul-TIM2WIFyGa4-unsplash-1024x683.jpg 1024w, https:\/\/acriticatrends.audiencelabs.com.br\/wp-content\/uploads\/2026\/04\/berkan-kucukgul-TIM2WIFyGa4-unsplash-300x200.jpg 300w, https:\/\/acriticatrends.audiencelabs.com.br\/wp-content\/uploads\/2026\/04\/berkan-kucukgul-TIM2WIFyGa4-unsplash-768x512.jpg 768w, https:\/\/acriticatrends.audiencelabs.com.br\/wp-content\/uploads\/2026\/04\/berkan-kucukgul-TIM2WIFyGa4-unsplash-1536x1024.jpg 1536w, https:\/\/acriticatrends.audiencelabs.com.br\/wp-content\/uploads\/2026\/04\/berkan-kucukgul-TIM2WIFyGa4-unsplash-750x500.jpg 750w, https:\/\/acriticatrends.audiencelabs.com.br\/wp-content\/uploads\/2026\/04\/berkan-kucukgul-TIM2WIFyGa4-unsplash-1140x760.jpg 1140w, https:\/\/acriticatrends.audiencelabs.com.br\/wp-content\/uploads\/2026\/04\/berkan-kucukgul-TIM2WIFyGa4-unsplash.jpg 1920w\" sizes=\"auto, (max-width: 1024px) 100vw, 1024px\" \/><figcaption class=\"wp-element-caption\">Cr\u00e9ditos: Berkan K\u00fc\u00e7\u00fckg\u00fcl \/ Unsplash<\/figcaption><\/figure>\n\n\n\n<h2 class=\"wp-block-heading\">Planejamento do jardim e flora\u00e7\u00e3o futura<\/h2>\n\n\n\n<p>A margarida se destaca pela apar\u00eancia delicada e versatilidade em composi\u00e7\u00f5es. Ela pode ser combinada com outras esp\u00e9cies para criar arranjos equilibrados. Sua adapta\u00e7\u00e3o ao clima ameno facilita o cultivo em diferentes regi\u00f5es.<\/p>\n\n\n\n<p>Outro destaque \u00e9 a tulipa, que exige planejamento antecipado. O plantio dos bulbos no outono \u00e9 essencial para garantir florescimento na primavera. O frio atua como fator determinante para o desenvolvimento adequado da planta.<\/p>\n\n\n\n<p>A escolha dessas esp\u00e9cies permite aproveitar melhor as condi\u00e7\u00f5es naturais da esta\u00e7\u00e3o. Al\u00e9m disso, reduz a necessidade de interven\u00e7\u00f5es constantes no jardim. Com planejamento, o espa\u00e7o permanece florido e visualmente atrativo por mais tempo.<\/p>\n","protected":false},"excerpt":{"rendered":"<p>O outono pode ser um aliado importante para quem deseja manter o jardim bonito ao longo do ano. As temperaturas mais amenas favorecem esp\u00e9cies resistentes. Com escolhas adequadas, \u00e9 poss\u00edvel garantir cor e vitalidade mesmo em dias mais frios. Entre as op\u00e7\u00f5es mais recomendadas est\u00e1 o amor-perfeito, conhecido pela durabilidade e variedade de cores. Ele [&hellip;]<\/p>\n","protected":false},"author":12,"featured_media":9133,"comment_status":"open","ping_status":"closed","sticky":false,"template":"","format":"standard","meta":{"jnews-multi-image_gallery":[],"jnews_single_post":{"format":"standard"},"jnews_primary_category":[],"jnews_social_meta":[],"jnews_post_split":[],"footnotes":""},"categories":[55],"tags":[],"class_list":["post-9132","post","type-post","status-publish","format-standard","has-post-thumbnail","hentry","category-trends"],"_links":{"self":[{"href":"https:\/\/acriticatrends.audiencelabs.com.br\/wp-json\/wp\/v2\/posts\/9132","targetHints":{"allow":["GET"]}}],"collection":[{"href":"https:\/\/acriticatrends.audiencelabs.com.br\/wp-json\/wp\/v2\/posts"}],"about":[{"href":"https:\/\/acriticatrends.audiencelabs.com.br\/wp-json\/wp\/v2\/types\/post"}],"author":[{"embeddable":true,"href":"https:\/\/acriticatrends.audiencelabs.com.br\/wp-json\/wp\/v2\/users\/12"}],"replies":[{"embeddable":true,"href":"https:\/\/acriticatrends.audiencelabs.com.br\/wp-json\/wp\/v2\/comments?post=9132"}],"version-history":[{"count":1,"href":"https:\/\/acriticatrends.audiencelabs.com.br\/wp-json\/wp\/v2\/posts\/9132\/revisions"}],"predecessor-version":[{"id":9135,"href":"https:\/\/acriticatrends.audiencelabs.com.br\/wp-json\/wp\/v2\/posts\/9132\/revisions\/9135"}],"wp:featuredmedia":[{"embeddable":true,"href":"https:\/\/acriticatrends.audiencelabs.com.br\/wp-json\/wp\/v2\/media\/9133"}],"wp:attachment":[{"href":"https:\/\/acriticatrends.audiencelabs.com.br\/wp-json\/wp\/v2\/media?parent=9132"}],"wp:term":[{"taxonomy":"category","embeddable":true,"href":"https:\/\/acriticatrends.audiencelabs.com.br\/wp-json\/wp\/v2\/categories?post=9132"},{"taxonomy":"post_tag","embeddable":true,"href":"https:\/\/acriticatrends.audiencelabs.com.br\/wp-json\/wp\/v2\/tags?post=9132"}],"curies":[{"name":"wp","href":"https:\/\/api.w.org\/{rel}","templated":true}]}}