{"id":9136,"date":"2026-05-02T19:15:00","date_gmt":"2026-05-02T22:15:00","guid":{"rendered":"https:\/\/acriticatrends.audiencelabs.com.br\/?p=9136"},"modified":"2026-04-27T10:57:45","modified_gmt":"2026-04-27T13:57:45","slug":"nova-lei-vai-fazer-quem-trabalha-com-reciclagem-se-dar-bem-no-brasil","status":"publish","type":"post","link":"https:\/\/acriticatrends.audiencelabs.com.br\/nova-lei-vai-fazer-quem-trabalha-com-reciclagem-se-dar-bem-no-brasil\/","title":{"rendered":"Nova lei vai fazer quem trabalha com reciclagem se dar bem no Brasil"},"content":{"rendered":"\n<p>A Presid\u00eancia da Rep\u00fablica sancionou uma nova legisla\u00e7\u00e3o voltada ao fortalecimento da reciclagem no pa\u00eds. A medida cria incentivos fiscais e amplia pol\u00edticas ambientais j\u00e1 existentes. O texto foi publicado sem vetos e refor\u00e7a diretrizes da gest\u00e3o de res\u00edduos.<\/p>\n\n\n\n<p>A iniciativa est\u00e1 alinhada aos princ\u00edpios da Pol\u00edtica Nacional de Res\u00edduos S\u00f3lidos, que trata da destina\u00e7\u00e3o adequada de materiais. O objetivo \u00e9 estimular pr\u00e1ticas sustent\u00e1veis e ampliar a recupera\u00e7\u00e3o de res\u00edduos. A proposta tamb\u00e9m busca tornar o setor mais competitivo.<\/p>\n\n\n\n<h2 class=\"wp-block-heading\">Benef\u00edcios fiscais e impacto econ\u00f4mico no setor<\/h2>\n\n\n\n<p>Com a nova regra, empresas e cooperativas passam a ter vantagens tribut\u00e1rias em opera\u00e7\u00f5es com recicl\u00e1veis. Materiais como pl\u00e1stico, vidro, papel e metais entram no escopo da medida. A mudan\u00e7a reduz custos ao longo da cadeia produtiva.<\/p>\n\n\n\n<p>Na pr\u00e1tica, fornecedores deixam de recolher tributos como PIS e Cofins nas vendas. J\u00e1 os compradores podem gerar cr\u00e9ditos tribut\u00e1rios ao revender esses insumos. Esse mecanismo tende a melhorar a margem financeira das empresas envolvidas.<\/p>\n\n\n\n<p>A legisla\u00e7\u00e3o tem origem no Projeto de Lei 1.800\/2021, aprovado no Congresso. A proposta foi relatada pelo senador Alan Rick. O texto passou por an\u00e1lise e foi validado sem altera\u00e7\u00f5es finais.<\/p>\n\n\n\n\n\n<h2 class=\"wp-block-heading\">Desafios e cen\u00e1rio da reciclagem no pa\u00eds<\/h2>\n\n\n\n<p>Apesar dos avan\u00e7os legais, o Brasil ainda enfrenta baixos \u00edndices de reciclagem. Dados recentes indicam que uma pequena parcela dos res\u00edduos s\u00f3lidos \u00e9 reaproveitada. Esse cen\u00e1rio evidencia a necessidade de pol\u00edticas mais eficazes.<\/p>\n\n\n\n<p>A expectativa \u00e9 que a redu\u00e7\u00e3o de custos incentive maior ades\u00e3o ao processo de reciclagem. Empresas que operam no regime de lucro real devem ser as principais beneficiadas. O est\u00edmulo pode atrair novos investimentos para o setor.<\/p>\n\n\n\n<p>A nova lei tamb\u00e9m precisar\u00e1 se adaptar \u00e0s mudan\u00e7as da reforma tribut\u00e1ria em andamento. A transi\u00e7\u00e3o prevista deve ocorrer gradualmente at\u00e9 2033. Esse ajuste ser\u00e1 importante para manter a efetividade dos incentivos fiscais.<\/p>\n","protected":false},"excerpt":{"rendered":"<p>A Presid\u00eancia da Rep\u00fablica sancionou uma nova legisla\u00e7\u00e3o voltada ao fortalecimento da reciclagem no pa\u00eds. A medida cria incentivos fiscais e amplia pol\u00edticas ambientais j\u00e1 existentes. O texto foi publicado sem vetos e refor\u00e7a diretrizes da gest\u00e3o de res\u00edduos. A iniciativa est\u00e1 alinhada aos princ\u00edpios da Pol\u00edtica Nacional de Res\u00edduos S\u00f3lidos, que trata da destina\u00e7\u00e3o [&hellip;]<\/p>\n","protected":false},"author":12,"featured_media":9137,"comment_status":"open","ping_status":"closed","sticky":false,"template":"","format":"standard","meta":{"jnews-multi-image_gallery":[],"jnews_single_post":{"format":"standard"},"jnews_primary_category":[],"jnews_social_meta":[],"jnews_post_split":[],"footnotes":""},"categories":[55],"tags":[],"class_list":["post-9136","post","type-post","status-publish","format-standard","has-post-thumbnail","hentry","category-trends"],"_links":{"self":[{"href":"https:\/\/acriticatrends.audiencelabs.com.br\/wp-json\/wp\/v2\/posts\/9136","targetHints":{"allow":["GET"]}}],"collection":[{"href":"https:\/\/acriticatrends.audiencelabs.com.br\/wp-json\/wp\/v2\/posts"}],"about":[{"href":"https:\/\/acriticatrends.audiencelabs.com.br\/wp-json\/wp\/v2\/types\/post"}],"author":[{"embeddable":true,"href":"https:\/\/acriticatrends.audiencelabs.com.br\/wp-json\/wp\/v2\/users\/12"}],"replies":[{"embeddable":true,"href":"https:\/\/acriticatrends.audiencelabs.com.br\/wp-json\/wp\/v2\/comments?post=9136"}],"version-history":[{"count":2,"href":"https:\/\/acriticatrends.audiencelabs.com.br\/wp-json\/wp\/v2\/posts\/9136\/revisions"}],"predecessor-version":[{"id":9743,"href":"https:\/\/acriticatrends.audiencelabs.com.br\/wp-json\/wp\/v2\/posts\/9136\/revisions\/9743"}],"wp:featuredmedia":[{"embeddable":true,"href":"https:\/\/acriticatrends.audiencelabs.com.br\/wp-json\/wp\/v2\/media\/9137"}],"wp:attachment":[{"href":"https:\/\/acriticatrends.audiencelabs.com.br\/wp-json\/wp\/v2\/media?parent=9136"}],"wp:term":[{"taxonomy":"category","embeddable":true,"href":"https:\/\/acriticatrends.audiencelabs.com.br\/wp-json\/wp\/v2\/categories?post=9136"},{"taxonomy":"post_tag","embeddable":true,"href":"https:\/\/acriticatrends.audiencelabs.com.br\/wp-json\/wp\/v2\/tags?post=9136"}],"curies":[{"name":"wp","href":"https:\/\/api.w.org\/{rel}","templated":true}]}}