{"id":9154,"date":"2026-04-28T04:50:00","date_gmt":"2026-04-28T07:50:00","guid":{"rendered":"https:\/\/acriticatrends.audiencelabs.com.br\/?p=9154"},"modified":"2026-04-27T11:49:03","modified_gmt":"2026-04-27T14:49:03","slug":"faca-uma-horta-vertical-em-casa-e-tenha-alimentos-frescos-sempre","status":"publish","type":"post","link":"https:\/\/acriticatrends.audiencelabs.com.br\/faca-uma-horta-vertical-em-casa-e-tenha-alimentos-frescos-sempre\/","title":{"rendered":"Fa\u00e7a uma horta vertical em casa e tenha alimentos frescos sempre"},"content":{"rendered":"\n<p>Ter temperos frescos \u00e0 m\u00e3o na hora de cozinhar, colher folhas direto da parede da cozinha ou da varanda e ainda deixar o ambiente mais agrad\u00e1vel: essa realidade, antes restrita a quem tinha quintal, est\u00e1 cada vez mais presente na rotina de quem vive em apartamentos. A horta vertical \u00e9 uma alternativa pr\u00e1tica para inserir o cultivo de alimentos no dia a dia urbano, mesmo em espa\u00e7os reduzidos.<\/p>\n\n\n\n<p>A proposta \u00e9 simples: utilizar paredes, estruturas suspensas ou suportes verticais para plantar ervas, hortali\u00e7as e at\u00e9 pequenos frutos. O resultado vai al\u00e9m da est\u00e9tica. Al\u00e9m de trazer mais vida aos ambientes, a pr\u00e1tica permite o acesso constante a alimentos naturais e livres de agrot\u00f3xicos.<\/p>\n\n\n\n<p>A principal vantagem desse modelo est\u00e1 no aproveitamento inteligente do espa\u00e7o. Ao inv\u00e9s de depender de grandes \u00e1reas no solo, o cultivo passa a ocupar superf\u00edcies verticais, como paredes de cozinhas, varandas ou at\u00e9 salas.<\/p>\n\n\n\n<p>Especialistas em jardinagem apontam que essa t\u00e9cnica facilita o manejo das plantas, melhora a ventila\u00e7\u00e3o e favorece a exposi\u00e7\u00e3o \u00e0 luz solar \u2014 fatores essenciais para o desenvolvimento saud\u00e1vel das esp\u00e9cies. A escolha do local, ali\u00e1s, \u00e9 um dos pontos mais importantes para o sucesso do cultivo. Ambientes com incid\u00eancia de luz natural, mesmo que por algumas horas ao dia, j\u00e1 s\u00e3o suficientes para manter uma horta produtiva.<\/p>\n\n\n\n<h2 class=\"wp-block-heading\">Produ\u00e7\u00e3o pr\u00f3pria garante alimentos mais saud\u00e1veis e economia no dia a dia<\/h2>\n\n\n\n<p>Outro fator que tem atra\u00eddo adeptos \u00e9 a possibilidade de consumir alimentos mais frescos e saud\u00e1veis. Ao cultivar temperos e hortali\u00e7as em casa, o consumidor passa a ter maior controle sobre o uso de fertilizantes, reduzindo ou eliminando a presen\u00e7a de subst\u00e2ncias qu\u00edmicas.<\/p>\n\n\n\n<p>Ervas como salsinha, cebolinha, manjeric\u00e3o e coentro est\u00e3o entre as mais escolhidas por iniciantes, principalmente por serem de f\u00e1cil cultivo e bastante utilizadas na culin\u00e1ria. Tamb\u00e9m \u00e9 poss\u00edvel investir em hortali\u00e7as como alface e r\u00facula, al\u00e9m de op\u00e7\u00f5es como tomate cereja e morango, que se adaptam bem a vasos.<\/p>\n\n\n\n<figure class=\"wp-block-image size-large\"><img loading=\"lazy\" decoding=\"async\" width=\"1024\" height=\"512\" src=\"https:\/\/acriticatrends.audiencelabs.com.br\/wp-content\/uploads\/2026\/04\/garrafa-pet-horta_1740242084771-1140x570-1-1024x512.webp\" alt=\"\" class=\"wp-image-9165\" srcset=\"https:\/\/acriticatrends.audiencelabs.com.br\/wp-content\/uploads\/2026\/04\/garrafa-pet-horta_1740242084771-1140x570-1-1024x512.webp 1024w, https:\/\/acriticatrends.audiencelabs.com.br\/wp-content\/uploads\/2026\/04\/garrafa-pet-horta_1740242084771-1140x570-1-300x150.webp 300w, https:\/\/acriticatrends.audiencelabs.com.br\/wp-content\/uploads\/2026\/04\/garrafa-pet-horta_1740242084771-1140x570-1-768x384.webp 768w, https:\/\/acriticatrends.audiencelabs.com.br\/wp-content\/uploads\/2026\/04\/garrafa-pet-horta_1740242084771-1140x570-1-360x180.webp 360w, https:\/\/acriticatrends.audiencelabs.com.br\/wp-content\/uploads\/2026\/04\/garrafa-pet-horta_1740242084771-1140x570-1-750x375.webp 750w, https:\/\/acriticatrends.audiencelabs.com.br\/wp-content\/uploads\/2026\/04\/garrafa-pet-horta_1740242084771-1140x570-1.webp 1140w\" sizes=\"auto, (max-width: 1024px) 100vw, 1024px\" \/><figcaption class=\"wp-element-caption\">Cr\u00e9ditos: depositphotos.com\/ CreativeNature<\/figcaption><\/figure>\n\n\n\n<h2 class=\"wp-block-heading\">Estrutura simples e materiais acess\u00edveis facilitam a montagem<\/h2>\n\n\n\n<p>Montar uma horta vertical n\u00e3o exige grandes investimentos. Com materiais simples e facilmente encontrados, \u00e9 poss\u00edvel iniciar o cultivo de forma pr\u00e1tica. Estruturas como treli\u00e7as de madeira, pallets, suportes met\u00e1licos ou at\u00e9 prateleiras podem servir de base para fixar os vasos.<\/p>\n\n\n\n<p>Os recipientes devem ter furos para drenagem, evitando o ac\u00famulo de \u00e1gua nas ra\u00edzes. No fundo dos vasos, recomenda-se o uso de pedras ou argila expandida, seguido de terra adubada rica em nutrientes. A escolha entre sementes ou mudas depende da experi\u00eancia e da prefer\u00eancia de cada pessoa.<\/p>\n\n\n\n<p>Para quem busca uma alternativa sustent\u00e1vel, o reaproveitamento de garrafas PET tamb\u00e9m tem ganhado destaque. Al\u00e9m de reduzir o descarte de res\u00edduos, esse m\u00e9todo permite a cria\u00e7\u00e3o de sistemas simples de irriga\u00e7\u00e3o, ideais para o cultivo em espa\u00e7os pequenos.<\/p>\n\n\n\n<h2 class=\"wp-block-heading\">Cuidados b\u00e1sicos garantem o desenvolvimento saud\u00e1vel das plantas<\/h2>\n\n\n\n<p>Apesar da praticidade, a horta vertical exige alguns cuidados essenciais para manter a produtividade. A rega deve ser feita de acordo com a necessidade de cada esp\u00e9cie, evitando tanto o excesso quanto a falta de \u00e1gua.<\/p>\n\n\n\n<p>A aduba\u00e7\u00e3o peri\u00f3dica tamb\u00e9m \u00e9 fundamental para repor nutrientes do solo e estimular o crescimento das plantas. Outro ponto importante \u00e9 a poda regular, especialmente no caso de ervas, que tendem a crescer rapidamente. Esse processo ajuda a manter a planta saud\u00e1vel e ainda estimula novas brota\u00e7\u00f5es.<\/p>\n\n\n\n<p>Al\u00e9m disso, \u00e9 necess\u00e1rio observar sinais de pragas ou doen\u00e7as, como folhas amareladas ou manchas. A identifica\u00e7\u00e3o precoce desses problemas permite interven\u00e7\u00f5es mais simples e evita preju\u00edzos maiores na produ\u00e7\u00e3o.<\/p>\n\n\n\n<p>Para manter a horta sempre produtiva, o ideal \u00e9 adotar um sistema de plantio cont\u00ednuo. Isso significa replantar mudas \u00e0 medida que outras s\u00e3o colhidas, garantindo uma renova\u00e7\u00e3o constante dos alimentos dispon\u00edveis. A diversifica\u00e7\u00e3o das esp\u00e9cies tamb\u00e9m contribui para uma horta mais equilibrada e funcional. <\/p>\n\n\n\n<p>No entanto, \u00e9 importante respeitar as caracter\u00edsticas de cada planta, j\u00e1 que algumas n\u00e3o devem ser cultivadas juntas no mesmo recipiente. Mais do que uma tend\u00eancia, a horta vertical tem se consolidado como uma pr\u00e1tica que impacta positivamente a qualidade de vida. <\/p>\n\n\n\n<p>O contato com as plantas ajuda a reduzir o estresse, estimula a criatividade e promove uma rotina mais equilibrada. Al\u00e9m disso, o cultivo dom\u00e9stico refor\u00e7a a rela\u00e7\u00e3o com a alimenta\u00e7\u00e3o, incentivando h\u00e1bitos mais saud\u00e1veis e conscientes. <\/p>\n\n\n\n<figure class=\"wp-block-image size-large\"><img loading=\"lazy\" decoding=\"async\" width=\"1024\" height=\"512\" src=\"https:\/\/acriticatrends.audiencelabs.com.br\/wp-content\/uploads\/2026\/04\/horta-vertical-_1744046306311-1140x570-1-1024x512.webp\" alt=\"\" class=\"wp-image-9167\" srcset=\"https:\/\/acriticatrends.audiencelabs.com.br\/wp-content\/uploads\/2026\/04\/horta-vertical-_1744046306311-1140x570-1-1024x512.webp 1024w, https:\/\/acriticatrends.audiencelabs.com.br\/wp-content\/uploads\/2026\/04\/horta-vertical-_1744046306311-1140x570-1-300x150.webp 300w, https:\/\/acriticatrends.audiencelabs.com.br\/wp-content\/uploads\/2026\/04\/horta-vertical-_1744046306311-1140x570-1-768x384.webp 768w, https:\/\/acriticatrends.audiencelabs.com.br\/wp-content\/uploads\/2026\/04\/horta-vertical-_1744046306311-1140x570-1-360x180.webp 360w, https:\/\/acriticatrends.audiencelabs.com.br\/wp-content\/uploads\/2026\/04\/horta-vertical-_1744046306311-1140x570-1-750x375.webp 750w, https:\/\/acriticatrends.audiencelabs.com.br\/wp-content\/uploads\/2026\/04\/horta-vertical-_1744046306311-1140x570-1.webp 1140w\" sizes=\"auto, (max-width: 1024px) 100vw, 1024px\" \/><figcaption class=\"wp-element-caption\">Cr\u00e9ditos: depositphotos.com\/ snehitdesign<\/figcaption><\/figure>\n","protected":false},"excerpt":{"rendered":"<p>Ter temperos frescos \u00e0 m\u00e3o na hora de cozinhar, colher folhas direto da parede da cozinha ou da varanda e ainda deixar o ambiente mais agrad\u00e1vel: essa realidade, antes restrita a quem tinha quintal, est\u00e1 cada vez mais presente na rotina de quem vive em apartamentos. A horta vertical \u00e9 uma alternativa pr\u00e1tica para inserir [&hellip;]<\/p>\n","protected":false},"author":2,"featured_media":9166,"comment_status":"open","ping_status":"closed","sticky":false,"template":"","format":"standard","meta":{"jnews-multi-image_gallery":[],"jnews_single_post":{"format":"standard"},"jnews_primary_category":[],"jnews_social_meta":[],"jnews_post_split":[],"footnotes":""},"categories":[55],"tags":[],"class_list":["post-9154","post","type-post","status-publish","format-standard","has-post-thumbnail","hentry","category-trends"],"_links":{"self":[{"href":"https:\/\/acriticatrends.audiencelabs.com.br\/wp-json\/wp\/v2\/posts\/9154","targetHints":{"allow":["GET"]}}],"collection":[{"href":"https:\/\/acriticatrends.audiencelabs.com.br\/wp-json\/wp\/v2\/posts"}],"about":[{"href":"https:\/\/acriticatrends.audiencelabs.com.br\/wp-json\/wp\/v2\/types\/post"}],"author":[{"embeddable":true,"href":"https:\/\/acriticatrends.audiencelabs.com.br\/wp-json\/wp\/v2\/users\/2"}],"replies":[{"embeddable":true,"href":"https:\/\/acriticatrends.audiencelabs.com.br\/wp-json\/wp\/v2\/comments?post=9154"}],"version-history":[{"count":1,"href":"https:\/\/acriticatrends.audiencelabs.com.br\/wp-json\/wp\/v2\/posts\/9154\/revisions"}],"predecessor-version":[{"id":9168,"href":"https:\/\/acriticatrends.audiencelabs.com.br\/wp-json\/wp\/v2\/posts\/9154\/revisions\/9168"}],"wp:featuredmedia":[{"embeddable":true,"href":"https:\/\/acriticatrends.audiencelabs.com.br\/wp-json\/wp\/v2\/media\/9166"}],"wp:attachment":[{"href":"https:\/\/acriticatrends.audiencelabs.com.br\/wp-json\/wp\/v2\/media?parent=9154"}],"wp:term":[{"taxonomy":"category","embeddable":true,"href":"https:\/\/acriticatrends.audiencelabs.com.br\/wp-json\/wp\/v2\/categories?post=9154"},{"taxonomy":"post_tag","embeddable":true,"href":"https:\/\/acriticatrends.audiencelabs.com.br\/wp-json\/wp\/v2\/tags?post=9154"}],"curies":[{"name":"wp","href":"https:\/\/api.w.org\/{rel}","templated":true}]}}