{"id":9170,"date":"2026-04-28T06:25:00","date_gmt":"2026-04-28T09:25:00","guid":{"rendered":"https:\/\/acriticatrends.audiencelabs.com.br\/?p=9170"},"modified":"2026-04-27T12:40:15","modified_gmt":"2026-04-27T15:40:15","slug":"imigrantes-terao-a-carteira-de-habilitacao-suspensa-caso-nao-apresentarem-documento-obrigatorio-neste-pais","status":"publish","type":"post","link":"https:\/\/acriticatrends.audiencelabs.com.br\/imigrantes-terao-a-carteira-de-habilitacao-suspensa-caso-nao-apresentarem-documento-obrigatorio-neste-pais\/","title":{"rendered":"Imigrantes ter\u00e3o a carteira de habilita\u00e7\u00e3o suspensa caso n\u00e3o apresentarem documento obrigat\u00f3rio neste pa\u00eds"},"content":{"rendered":"\n<p>Os imigrantes ter\u00e3o a carteira de habilita\u00e7\u00e3o suspensa nos Estados Unidos caso n\u00e3o cumpram com as regras estabelecidas. A medida ligada aos imigrantes sem status legal comprovado tem mudado a vida de milhares de pessoas que dependem da licen\u00e7a para trabalhar e sustentar suas fam\u00edlias.<\/p>\n\n\n\n<p>Em conjunto com o Departamento de Transportes, a FMCSA emitiu uma diretiva que obriga as unidades federativas a verificarem a situa\u00e7\u00e3o imigrat\u00f3ria antes de emitir ou renovar qualquer CDL &#8211; a CDL, ou Commercial Driver\u2019s License, \u00e9 a carteira de habilita\u00e7\u00e3o comercial exigida para dirigir caminh\u00f5es, \u00f4nibus e outros ve\u00edculos de grande porte no pa\u00eds norte-americano.<\/p>\n\n\n<div class=\"wp-block-image\">\n<figure class=\"aligncenter size-large\"><img loading=\"lazy\" decoding=\"async\" width=\"1024\" height=\"768\" src=\"https:\/\/acriticatrends.audiencelabs.com.br\/wp-content\/uploads\/2026\/04\/samuele-errico-piccarini-qAc3UNF8Hm4-unsplash-1024x768.jpg\" alt=\"\" class=\"wp-image-9174\" srcset=\"https:\/\/acriticatrends.audiencelabs.com.br\/wp-content\/uploads\/2026\/04\/samuele-errico-piccarini-qAc3UNF8Hm4-unsplash-1024x768.jpg 1024w, https:\/\/acriticatrends.audiencelabs.com.br\/wp-content\/uploads\/2026\/04\/samuele-errico-piccarini-qAc3UNF8Hm4-unsplash-300x225.jpg 300w, https:\/\/acriticatrends.audiencelabs.com.br\/wp-content\/uploads\/2026\/04\/samuele-errico-piccarini-qAc3UNF8Hm4-unsplash-768x576.jpg 768w, https:\/\/acriticatrends.audiencelabs.com.br\/wp-content\/uploads\/2026\/04\/samuele-errico-piccarini-qAc3UNF8Hm4-unsplash-1536x1152.jpg 1536w, https:\/\/acriticatrends.audiencelabs.com.br\/wp-content\/uploads\/2026\/04\/samuele-errico-piccarini-qAc3UNF8Hm4-unsplash-750x563.jpg 750w, https:\/\/acriticatrends.audiencelabs.com.br\/wp-content\/uploads\/2026\/04\/samuele-errico-piccarini-qAc3UNF8Hm4-unsplash-1140x855.jpg 1140w, https:\/\/acriticatrends.audiencelabs.com.br\/wp-content\/uploads\/2026\/04\/samuele-errico-piccarini-qAc3UNF8Hm4-unsplash.jpg 1920w\" sizes=\"auto, (max-width: 1024px) 100vw, 1024px\" \/><figcaption class=\"wp-element-caption\">Cr\u00e9ditos: Unplash\/samuele_piccarini<\/figcaption><\/figure>\n<\/div>\n\n\n<p>Segundo a FMCSA, apenas imigrantes com \u201cstatus imigrat\u00f3rio baseado em emprego comprov\u00e1vel\u201d poder\u00e3o obter ou renovar a CDL. A norma entrou em vigor em mar\u00e7o deste ano e estabelece que os estados que n\u00e3o se enquadrarem ficar\u00e3o sujeitos a perder recursos federais ligados ao transporte.<\/p>\n\n\n\n<p>Dentre os grupos de imigrantes afetados pela nova regulamenta\u00e7\u00e3o, est\u00e3o:<\/p>\n\n\n\n<ul class=\"wp-block-list\">\n<li>Requerentes de asilo com autoriza\u00e7\u00e3o de trabalho v\u00e1lida;<\/li>\n\n\n\n<li>Benefici\u00e1rios do programa DACA, que vivem no pa\u00eds e dependem da licen\u00e7a para trabalhar legalmente;<\/li>\n\n\n\n<li>Titulares de vistos de trabalho tempor\u00e1rio, cuja situa\u00e7\u00e3o pode mudar a depender da renova\u00e7\u00e3o do visto;<\/li>\n\n\n\n<li>Residentes tempor\u00e1rios n\u00e3o cidad\u00e3os em estados com aplica\u00e7\u00e3o mais r\u00edgida.<\/li>\n<\/ul>\n\n\n\n<h2 class=\"wp-block-heading\">Habilita\u00e7\u00e3o vai al\u00e9m de um simples documento<\/h2>\n\n\n\n<p>Para muitos imigrantes que vivem no territ\u00f3rio estadunidense, o documento de habilita\u00e7\u00e3o representa muito mais do que uma licen\u00e7a. Trata-se, em diversos casos, da principal fonte de renda e do sustento de fam\u00edlias inteiras que dependem do trabalho no setor de transporte.<\/p>\n\n\n\n<p>Nos EUA, o setor emprega uma parcela significativa de trabalhadores imigrantes, especialmente no transporte de cargas e no servi\u00e7o de passageiros. Portanto, perder a CDL significa na pr\u00e1tica para muitas pessoas tamb\u00e9m perder o emprego, a estabilidade financeira e, consequentemente, a possibilidade de permanecer no pa\u00eds de forma autossuficiente.<\/p>\n","protected":false},"excerpt":{"rendered":"<p>Os imigrantes ter\u00e3o a carteira de habilita\u00e7\u00e3o suspensa nos Estados Unidos caso n\u00e3o cumpram com as regras estabelecidas. A medida ligada aos imigrantes sem status legal comprovado tem mudado a vida de milhares de pessoas que dependem da licen\u00e7a para trabalhar e sustentar suas fam\u00edlias. Em conjunto com o Departamento de Transportes, a FMCSA emitiu [&hellip;]<\/p>\n","protected":false},"author":13,"featured_media":5586,"comment_status":"open","ping_status":"closed","sticky":false,"template":"","format":"standard","meta":{"jnews-multi-image_gallery":[],"jnews_single_post":{"format":"standard"},"jnews_primary_category":[],"jnews_social_meta":[],"jnews_post_split":[],"footnotes":""},"categories":[55],"tags":[],"class_list":["post-9170","post","type-post","status-publish","format-standard","has-post-thumbnail","hentry","category-trends"],"_links":{"self":[{"href":"https:\/\/acriticatrends.audiencelabs.com.br\/wp-json\/wp\/v2\/posts\/9170","targetHints":{"allow":["GET"]}}],"collection":[{"href":"https:\/\/acriticatrends.audiencelabs.com.br\/wp-json\/wp\/v2\/posts"}],"about":[{"href":"https:\/\/acriticatrends.audiencelabs.com.br\/wp-json\/wp\/v2\/types\/post"}],"author":[{"embeddable":true,"href":"https:\/\/acriticatrends.audiencelabs.com.br\/wp-json\/wp\/v2\/users\/13"}],"replies":[{"embeddable":true,"href":"https:\/\/acriticatrends.audiencelabs.com.br\/wp-json\/wp\/v2\/comments?post=9170"}],"version-history":[{"count":1,"href":"https:\/\/acriticatrends.audiencelabs.com.br\/wp-json\/wp\/v2\/posts\/9170\/revisions"}],"predecessor-version":[{"id":9175,"href":"https:\/\/acriticatrends.audiencelabs.com.br\/wp-json\/wp\/v2\/posts\/9170\/revisions\/9175"}],"wp:featuredmedia":[{"embeddable":true,"href":"https:\/\/acriticatrends.audiencelabs.com.br\/wp-json\/wp\/v2\/media\/5586"}],"wp:attachment":[{"href":"https:\/\/acriticatrends.audiencelabs.com.br\/wp-json\/wp\/v2\/media?parent=9170"}],"wp:term":[{"taxonomy":"category","embeddable":true,"href":"https:\/\/acriticatrends.audiencelabs.com.br\/wp-json\/wp\/v2\/categories?post=9170"},{"taxonomy":"post_tag","embeddable":true,"href":"https:\/\/acriticatrends.audiencelabs.com.br\/wp-json\/wp\/v2\/tags?post=9170"}],"curies":[{"name":"wp","href":"https:\/\/api.w.org\/{rel}","templated":true}]}}