{"id":9176,"date":"2026-04-28T15:45:00","date_gmt":"2026-04-28T18:45:00","guid":{"rendered":"https:\/\/acriticatrends.audiencelabs.com.br\/?p=9176"},"modified":"2026-04-27T13:14:16","modified_gmt":"2026-04-27T16:14:16","slug":"esse-e-o-tempo-ideal-que-voce-deve-praticar-exercicios-semanalmente","status":"publish","type":"post","link":"https:\/\/acriticatrends.audiencelabs.com.br\/esse-e-o-tempo-ideal-que-voce-deve-praticar-exercicios-semanalmente\/","title":{"rendered":"Esse \u00e9 o tempo ideal que voc\u00ea deve praticar exerc\u00edcios semanalmente"},"content":{"rendered":"\n<p>A pr\u00e1tica regular de atividade f\u00edsica deixou de ser apenas uma recomenda\u00e7\u00e3o gen\u00e9rica para se tornar uma orienta\u00e7\u00e3o cada vez mais precisa. Em suas diretrizes de 2020, a Organiza\u00e7\u00e3o Mundial da Sa\u00fade (OMS) estabeleceu par\u00e2metros claros sobre o tempo ideal de exerc\u00edcios semanais, com o objetivo de reduzir os impactos do sedentarismo e melhorar a sa\u00fade global da popula\u00e7\u00e3o.<\/p>\n\n\n\n<p>Segundo o documento, adultos devem acumular entre 150 e 300 minutos de atividade f\u00edsica moderada por semana. Na pr\u00e1tica, isso significa cerca de 30 a 60 minutos por dia, distribu\u00eddos ao longo de cinco dias. Para quem opta por exerc\u00edcios mais intensos, a recomenda\u00e7\u00e3o \u00e9 de 75 a 150 minutos semanais, desde que n\u00e3o haja contraindica\u00e7\u00f5es m\u00e9dicas.<\/p>\n\n\n\n<p>A atualiza\u00e7\u00e3o amplia a orienta\u00e7\u00e3o anterior, que indicava apenas um m\u00ednimo de 150 minutos semanais, refor\u00e7ando a necessidade de aumentar o tempo de movimento em um cen\u00e1rio global marcado pelo aumento do sedentarismo. Estudos recentes t\u00eam demonstrado que n\u00edveis mais elevados de atividade f\u00edsica est\u00e3o diretamente associados \u00e0 redu\u00e7\u00e3o de riscos de doen\u00e7as cr\u00f4nicas e \u00e0 melhora da qualidade de vida.<\/p>\n\n\n\n<p>A amplia\u00e7\u00e3o da faixa recomendada reflete uma preocupa\u00e7\u00e3o crescente com o estilo de vida contempor\u00e2neo, marcado por longos per\u00edodos sentado, uso excessivo de telas e menor gasto energ\u00e9tico no dia a dia. Nesse contexto, aumentar o tempo de atividade f\u00edsica se torna uma estrat\u00e9gia essencial para compensar esses h\u00e1bitos.<\/p>\n\n\n\n<p>Al\u00e9m disso, a nova recomenda\u00e7\u00e3o tamb\u00e9m considera que qualquer quantidade de exerc\u00edcio \u00e9 melhor do que nenhuma. Ou seja, mesmo quem n\u00e3o consegue atingir o tempo ideal ainda pode obter benef\u00edcios ao incorporar pequenas doses de movimento na rotina.<\/p>\n\n\n\n<figure class=\"wp-block-image size-large\"><img loading=\"lazy\" decoding=\"async\" width=\"1024\" height=\"683\" src=\"https:\/\/acriticatrends.audiencelabs.com.br\/wp-content\/uploads\/2026\/04\/137-1-1024x683.jpg\" alt=\"\" class=\"wp-image-8462\" srcset=\"https:\/\/acriticatrends.audiencelabs.com.br\/wp-content\/uploads\/2026\/04\/137-1-1024x683.jpg 1024w, https:\/\/acriticatrends.audiencelabs.com.br\/wp-content\/uploads\/2026\/04\/137-1-300x200.jpg 300w, https:\/\/acriticatrends.audiencelabs.com.br\/wp-content\/uploads\/2026\/04\/137-1-768x513.jpg 768w, https:\/\/acriticatrends.audiencelabs.com.br\/wp-content\/uploads\/2026\/04\/137-1-750x501.jpg 750w, https:\/\/acriticatrends.audiencelabs.com.br\/wp-content\/uploads\/2026\/04\/137-1-1140x761.jpg 1140w, https:\/\/acriticatrends.audiencelabs.com.br\/wp-content\/uploads\/2026\/04\/137-1.jpg 1500w\" sizes=\"auto, (max-width: 1024px) 100vw, 1024px\" \/><figcaption class=\"wp-element-caption\">Cr\u00e9ditos: Freepik<\/figcaption><\/figure>\n\n\n\n<h2 class=\"wp-block-heading\">Benef\u00edcios v\u00e3o muito al\u00e9m do controle de peso<\/h2>\n\n\n\n<p>Embora muitas pessoas associem a pr\u00e1tica de exerc\u00edcios apenas \u00e0 perda de peso, os impactos positivos v\u00e3o muito al\u00e9m da est\u00e9tica. A atividade f\u00edsica regular est\u00e1 diretamente ligada \u00e0 redu\u00e7\u00e3o do risco de doen\u00e7as cardiovasculares, hipertens\u00e3o e Diabetes tipo 2.<\/p>\n\n\n\n<p>Al\u00e9m disso, o exerc\u00edcio contribui para o fortalecimento do sistema imunol\u00f3gico, melhora da circula\u00e7\u00e3o sangu\u00ednea e regula\u00e7\u00e3o da press\u00e3o arterial. Esses fatores, combinados, ajudam a aumentar a expectativa de vida e a prevenir complica\u00e7\u00f5es de sa\u00fade ao longo dos anos.<\/p>\n\n\n\n<p>Outro ponto relevante \u00e9 o impacto sobre o c\u00e9rebro. Pessoas fisicamente ativas tendem a apresentar melhor desempenho cognitivo, com benef\u00edcios para mem\u00f3ria, concentra\u00e7\u00e3o e at\u00e9 preven\u00e7\u00e3o de doen\u00e7as neurodegenerativas.<\/p>\n\n\n\n<h2 class=\"wp-block-heading\">Sa\u00fade mental tamb\u00e9m \u00e9 beneficiada pela atividade f\u00edsica<\/h2>\n\n\n\n<p>Os ganhos n\u00e3o se limitam ao corpo. A pr\u00e1tica regular de exerc\u00edcios tem papel fundamental na sa\u00fade emocional. Durante a atividade f\u00edsica, o organismo libera subst\u00e2ncias como a endorfina, conhecida por promover sensa\u00e7\u00e3o de bem-estar e reduzir o estresse.<\/p>\n\n\n\n<p>Esse efeito ajuda a prevenir e at\u00e9 auxiliar no tratamento de quadros de ansiedade e depress\u00e3o. Al\u00e9m disso, o exerc\u00edcio contribui para melhorar a qualidade do sono, fator essencial para o equil\u00edbrio mental.<\/p>\n\n\n\n<p>A rotina ativa tamb\u00e9m favorece a organiza\u00e7\u00e3o do dia a dia, aumentando a disposi\u00e7\u00e3o e a capacidade de concentra\u00e7\u00e3o, especialmente em per\u00edodos de maior demanda profissional ou pessoal.<\/p>\n\n\n\n<h2 class=\"wp-block-heading\">Qualquer atividade conta \u2014 e a regularidade \u00e9 o mais importante<\/h2>\n\n\n\n<p>Um dos pontos destacados pelas diretrizes \u00e9 que n\u00e3o existe um \u00fanico tipo de exerc\u00edcio ideal. Caminhadas, corridas, muscula\u00e7\u00e3o, dan\u00e7a ou atividades dom\u00e9sticas que envolvam movimento podem contribuir para atingir o tempo recomendado. A caminhada, por exemplo, \u00e9 considerada uma das op\u00e7\u00f5es mais acess\u00edveis e democr\u00e1ticas, podendo ser realizada em diferentes ambientes e sem necessidade de equipamentos espec\u00edficos.<\/p>\n\n\n\n<p>O mais importante, segundo especialistas, \u00e9 a regularidade. N\u00e3o \u00e9 necess\u00e1rio praticar exerc\u00edcios todos os dias com alta intensidade. \u00c9 poss\u00edvel distribuir as atividades ao longo da semana, respeitando o condicionamento f\u00edsico e a rotina de cada pessoa.<\/p>\n\n\n\n<h2 class=\"wp-block-heading\">Idosos tamb\u00e9m devem se manter ativos<\/h2>\n\n\n\n<p>A recomenda\u00e7\u00e3o da Organiza\u00e7\u00e3o Mundial da Sa\u00fade vale para todas as faixas et\u00e1rias, com adapta\u00e7\u00f5es conforme as condi\u00e7\u00f5es f\u00edsicas. No caso dos idosos, a pr\u00e1tica de exerc\u00edcios \u00e9 ainda mais importante para garantir autonomia, mobilidade e qualidade de vida. Atividades que combinam fortalecimento muscular, equil\u00edbrio e alongamento ajudam a prevenir quedas, melhorar a postura e manter a independ\u00eancia funcional. <\/p>\n\n\n\n<p>Mesmo exerc\u00edcios de baixa intensidade j\u00e1 s\u00e3o suficientes para gerar benef\u00edcios significativos. Especialistas refor\u00e7am que nunca \u00e9 tarde para come\u00e7ar. Mesmo pessoas que passaram anos sedent\u00e1rias podem iniciar uma rotina de exerc\u00edcios, desde que de forma gradual e com acompanhamento adequado quando necess\u00e1rio.<\/p>\n\n\n\n<p>Para quem ainda n\u00e3o pratica atividade f\u00edsica, a recomenda\u00e7\u00e3o \u00e9 come\u00e7ar com metas realistas. Sess\u00f5es curtas, de 10 a 15 minutos, j\u00e1 s\u00e3o suficientes para iniciar o processo de adapta\u00e7\u00e3o do corpo. Com o tempo, \u00e9 poss\u00edvel aumentar a dura\u00e7\u00e3o e a intensidade dos exerc\u00edcios, sempre respeitando os limites individuais.<\/p>\n\n\n\n<figure class=\"wp-block-image size-large\"><img loading=\"lazy\" decoding=\"async\" width=\"1024\" height=\"683\" src=\"https:\/\/acriticatrends.audiencelabs.com.br\/wp-content\/uploads\/2026\/04\/1463-1-1024x683.jpg\" alt=\"\" class=\"wp-image-9008\" srcset=\"https:\/\/acriticatrends.audiencelabs.com.br\/wp-content\/uploads\/2026\/04\/1463-1-1024x683.jpg 1024w, https:\/\/acriticatrends.audiencelabs.com.br\/wp-content\/uploads\/2026\/04\/1463-1-300x200.jpg 300w, https:\/\/acriticatrends.audiencelabs.com.br\/wp-content\/uploads\/2026\/04\/1463-1-768x512.jpg 768w, https:\/\/acriticatrends.audiencelabs.com.br\/wp-content\/uploads\/2026\/04\/1463-1-750x500.jpg 750w, https:\/\/acriticatrends.audiencelabs.com.br\/wp-content\/uploads\/2026\/04\/1463-1-1140x760.jpg 1140w, https:\/\/acriticatrends.audiencelabs.com.br\/wp-content\/uploads\/2026\/04\/1463-1.jpg 1500w\" sizes=\"auto, (max-width: 1024px) 100vw, 1024px\" \/><figcaption class=\"wp-element-caption\">Cr\u00e9ditos: Freepik<\/figcaption><\/figure>\n","protected":false},"excerpt":{"rendered":"<p>A pr\u00e1tica regular de atividade f\u00edsica deixou de ser apenas uma recomenda\u00e7\u00e3o gen\u00e9rica para se tornar uma orienta\u00e7\u00e3o cada vez mais precisa. Em suas diretrizes de 2020, a Organiza\u00e7\u00e3o Mundial da Sa\u00fade (OMS) estabeleceu par\u00e2metros claros sobre o tempo ideal de exerc\u00edcios semanais, com o objetivo de reduzir os impactos do sedentarismo e melhorar a [&hellip;]<\/p>\n","protected":false},"author":2,"featured_media":8966,"comment_status":"open","ping_status":"closed","sticky":false,"template":"","format":"standard","meta":{"jnews-multi-image_gallery":[],"jnews_single_post":{"format":"standard"},"jnews_primary_category":[],"jnews_social_meta":[],"jnews_post_split":[],"footnotes":""},"categories":[55],"tags":[],"class_list":["post-9176","post","type-post","status-publish","format-standard","has-post-thumbnail","hentry","category-trends"],"_links":{"self":[{"href":"https:\/\/acriticatrends.audiencelabs.com.br\/wp-json\/wp\/v2\/posts\/9176","targetHints":{"allow":["GET"]}}],"collection":[{"href":"https:\/\/acriticatrends.audiencelabs.com.br\/wp-json\/wp\/v2\/posts"}],"about":[{"href":"https:\/\/acriticatrends.audiencelabs.com.br\/wp-json\/wp\/v2\/types\/post"}],"author":[{"embeddable":true,"href":"https:\/\/acriticatrends.audiencelabs.com.br\/wp-json\/wp\/v2\/users\/2"}],"replies":[{"embeddable":true,"href":"https:\/\/acriticatrends.audiencelabs.com.br\/wp-json\/wp\/v2\/comments?post=9176"}],"version-history":[{"count":1,"href":"https:\/\/acriticatrends.audiencelabs.com.br\/wp-json\/wp\/v2\/posts\/9176\/revisions"}],"predecessor-version":[{"id":9179,"href":"https:\/\/acriticatrends.audiencelabs.com.br\/wp-json\/wp\/v2\/posts\/9176\/revisions\/9179"}],"wp:featuredmedia":[{"embeddable":true,"href":"https:\/\/acriticatrends.audiencelabs.com.br\/wp-json\/wp\/v2\/media\/8966"}],"wp:attachment":[{"href":"https:\/\/acriticatrends.audiencelabs.com.br\/wp-json\/wp\/v2\/media?parent=9176"}],"wp:term":[{"taxonomy":"category","embeddable":true,"href":"https:\/\/acriticatrends.audiencelabs.com.br\/wp-json\/wp\/v2\/categories?post=9176"},{"taxonomy":"post_tag","embeddable":true,"href":"https:\/\/acriticatrends.audiencelabs.com.br\/wp-json\/wp\/v2\/tags?post=9176"}],"curies":[{"name":"wp","href":"https:\/\/api.w.org\/{rel}","templated":true}]}}