{"id":9186,"date":"2026-04-27T15:15:00","date_gmt":"2026-04-27T18:15:00","guid":{"rendered":"https:\/\/acriticatrends.audiencelabs.com.br\/?p=9186"},"modified":"2026-04-27T14:28:10","modified_gmt":"2026-04-27T17:28:10","slug":"real-madrid-topa-vender-atacante-por-r-353-milhoes-para-dar-espaco-a-endrick","status":"publish","type":"post","link":"https:\/\/acriticatrends.audiencelabs.com.br\/real-madrid-topa-vender-atacante-por-r-353-milhoes-para-dar-espaco-a-endrick\/","title":{"rendered":"Real Madrid topa vender atacante por R$ 353 milh\u00f5es para dar espa\u00e7o a Endrick"},"content":{"rendered":"\n<p>O Real Madrid j\u00e1 admite vender um atacante por cerca de R$ 353 milh\u00f5es para abrir espa\u00e7o a Endrick, justamente mirando ajustes no elenco para a pr\u00f3xima janela. No entanto, a decis\u00e3o envolve estrat\u00e9gia esportiva e tamb\u00e9m financeira, j\u00e1 que o clube n\u00e3o pretende facilitar a sa\u00edda.<\/p>\n\n\n\n<p>A situa\u00e7\u00e3o envolve <strong>Gonzalo Garc\u00eda<\/strong>, jovem de 22 anos formado na base do clube espanhol, que vem sendo observado por equipes de fora. At\u00e9 mesmo times italianos demonstraram interesse recente, al\u00e9m do Borussia Dortmund, que entrou na disputa.<\/p>\n\n\n\n<p>Segundo o jornal As, o valor estipulado gira em torno de 60 milh\u00f5es de euros, o equivalente aos R$ 353 milh\u00f5es citados inicialmente. No entanto, o clube espanhol deixa claro que n\u00e3o pretende negociar por cifras inferiores, mantendo firme sua posi\u00e7\u00e3o no mercado.<\/p>\n\n\n\n<p>Gonzalo ganhou visibilidade durante a Copa do Mundo de Clubes, quando assumiu protagonismo em um momento delicado do elenco. Ele ocupou a vaga de Kylian Mbapp\u00e9 nos primeiros jogos e seguiu como titular at\u00e9 a elimina\u00e7\u00e3o nas semifinais.<\/p>\n\n\n\n<p>O desempenho chamou aten\u00e7\u00e3o, principalmente por terminar como artilheiro da competi\u00e7\u00e3o com quatro gols, ao lado de nomes como \u00c1ngel Di Mar\u00eda, Serhou Guirassy e Marcos Leonardo. Justamente esse destaque elevou seu valor no mercado europeu.<\/p>\n\n\n\n<p>Apesar disso, a proposta mais recente do Borussia Dortmund ainda est\u00e1 abaixo do esperado, chegando a 30 milh\u00f5es de euros. O valor representa cerca de R$ 176 milh\u00f5es, o que n\u00e3o agrada ao Real Madrid neste momento.<\/p>\n\n\n\n<p>Na atual temporada, o atacante participou de 34 partidas e marcou seis gols, muitas vezes atuando fora de sua posi\u00e7\u00e3o original. At\u00e9 mesmo com minutos limitados, ele conseguiu contribuir ofensivamente em diferentes momentos.<\/p>\n\n\n\n<figure class=\"wp-block-image size-large\"><img loading=\"lazy\" decoding=\"async\" width=\"1024\" height=\"576\" src=\"https:\/\/acriticatrends.audiencelabs.com.br\/wp-content\/uploads\/2026\/04\/13692162_x240-1-1024x576.jpg\" alt=\"\" class=\"wp-image-9187\" srcset=\"https:\/\/acriticatrends.audiencelabs.com.br\/wp-content\/uploads\/2026\/04\/13692162_x240-1-1024x576.jpg 1024w, https:\/\/acriticatrends.audiencelabs.com.br\/wp-content\/uploads\/2026\/04\/13692162_x240-1-300x169.jpg 300w, https:\/\/acriticatrends.audiencelabs.com.br\/wp-content\/uploads\/2026\/04\/13692162_x240-1-768x432.jpg 768w, https:\/\/acriticatrends.audiencelabs.com.br\/wp-content\/uploads\/2026\/04\/13692162_x240-1-750x422.jpg 750w, https:\/\/acriticatrends.audiencelabs.com.br\/wp-content\/uploads\/2026\/04\/13692162_x240-1-1140x641.jpg 1140w, https:\/\/acriticatrends.audiencelabs.com.br\/wp-content\/uploads\/2026\/04\/13692162_x240-1.jpg 1245w\" sizes=\"auto, (max-width: 1024px) 100vw, 1024px\" \/><figcaption class=\"wp-element-caption\">Cr\u00e9ditos: Reprodu\u00e7\u00e3o\/Globo<\/figcaption><\/figure>\n\n\n\n<h2 class=\"wp-block-heading\">Poss\u00edvel sa\u00edda abre caminho no elenco<\/h2>\n\n\n\n<p>Caso a venda se concretize pelos valores desejados, Gonzalo pode se tornar uma das maiores vendas da base do clube. O recorde ainda pertence a \u00c1lvaro Morata, negociado por 80 milh\u00f5es de euros com o Chelsea.<\/p>\n\n\n\n<p>Com a sa\u00edda, o cen\u00e1rio favorece diretamente Endrick, que passa a ter espa\u00e7o no elenco principal. No entanto, tudo ainda depende do avan\u00e7o das negocia\u00e7\u00f5es e da disposi\u00e7\u00e3o dos clubes interessados em atingir o valor pedido.<\/p>\n","protected":false},"excerpt":{"rendered":"<p>O Real Madrid j\u00e1 admite vender um atacante por cerca de R$ 353 milh\u00f5es para abrir espa\u00e7o a Endrick, justamente mirando ajustes no elenco para a pr\u00f3xima janela. No entanto, a decis\u00e3o envolve estrat\u00e9gia esportiva e tamb\u00e9m financeira, j\u00e1 que o clube n\u00e3o pretende facilitar a sa\u00edda. A situa\u00e7\u00e3o envolve Gonzalo Garc\u00eda, jovem de 22 [&hellip;]<\/p>\n","protected":false},"author":4,"featured_media":9188,"comment_status":"open","ping_status":"closed","sticky":false,"template":"","format":"standard","meta":{"jnews-multi-image_gallery":[],"jnews_single_post":{"format":"standard"},"jnews_primary_category":[],"jnews_social_meta":[],"jnews_post_split":[],"footnotes":""},"categories":[55],"tags":[],"class_list":["post-9186","post","type-post","status-publish","format-standard","has-post-thumbnail","hentry","category-trends"],"_links":{"self":[{"href":"https:\/\/acriticatrends.audiencelabs.com.br\/wp-json\/wp\/v2\/posts\/9186","targetHints":{"allow":["GET"]}}],"collection":[{"href":"https:\/\/acriticatrends.audiencelabs.com.br\/wp-json\/wp\/v2\/posts"}],"about":[{"href":"https:\/\/acriticatrends.audiencelabs.com.br\/wp-json\/wp\/v2\/types\/post"}],"author":[{"embeddable":true,"href":"https:\/\/acriticatrends.audiencelabs.com.br\/wp-json\/wp\/v2\/users\/4"}],"replies":[{"embeddable":true,"href":"https:\/\/acriticatrends.audiencelabs.com.br\/wp-json\/wp\/v2\/comments?post=9186"}],"version-history":[{"count":1,"href":"https:\/\/acriticatrends.audiencelabs.com.br\/wp-json\/wp\/v2\/posts\/9186\/revisions"}],"predecessor-version":[{"id":9189,"href":"https:\/\/acriticatrends.audiencelabs.com.br\/wp-json\/wp\/v2\/posts\/9186\/revisions\/9189"}],"wp:featuredmedia":[{"embeddable":true,"href":"https:\/\/acriticatrends.audiencelabs.com.br\/wp-json\/wp\/v2\/media\/9188"}],"wp:attachment":[{"href":"https:\/\/acriticatrends.audiencelabs.com.br\/wp-json\/wp\/v2\/media?parent=9186"}],"wp:term":[{"taxonomy":"category","embeddable":true,"href":"https:\/\/acriticatrends.audiencelabs.com.br\/wp-json\/wp\/v2\/categories?post=9186"},{"taxonomy":"post_tag","embeddable":true,"href":"https:\/\/acriticatrends.audiencelabs.com.br\/wp-json\/wp\/v2\/tags?post=9186"}],"curies":[{"name":"wp","href":"https:\/\/api.w.org\/{rel}","templated":true}]}}