{"id":9190,"date":"2026-04-27T16:15:00","date_gmt":"2026-04-27T19:15:00","guid":{"rendered":"https:\/\/acriticatrends.audiencelabs.com.br\/?p=9190"},"modified":"2026-04-27T14:37:07","modified_gmt":"2026-04-27T17:37:07","slug":"inscritos-no-cadunico-podem-desbloquear-7-beneficios-pouco-conhecidos","status":"publish","type":"post","link":"https:\/\/acriticatrends.audiencelabs.com.br\/inscritos-no-cadunico-podem-desbloquear-7-beneficios-pouco-conhecidos\/","title":{"rendered":"Inscritos no Cad\u00danico podem desbloquear 7 benef\u00edcios pouco conhecidos"},"content":{"rendered":"\n<p>Inscritos no Cad\u00danico podem desbloquear at\u00e9 sete benef\u00edcios pouco conhecidos que v\u00e3o al\u00e9m dos programas mais populares, trazendo apoio em \u00e1reas como transporte, renda e at\u00e9 economia dom\u00e9stica. No entanto, muita gente ainda n\u00e3o sabe que esses direitos existem, o que acaba limitando o acesso a oportunidades importantes no dia a dia.<\/p>\n\n\n\n<p>Um dos destaques \u00e9 o <strong>ID Jovem<\/strong>, voltado para pessoas de 15 a 29 anos de baixa renda. Justamente com ele, \u00e9 poss\u00edvel conseguir passagens interestaduais gratuitas ou com desconto, al\u00e9m de garantir meia-entrada em eventos culturais, esportivos e cinemas.<\/p>\n\n\n\n<p>Outro benef\u00edcio relevante \u00e9 a <strong>Carteira do Idoso<\/strong>, destinada a quem tem 60 anos ou mais inscrito no Cad\u00danico. At\u00e9 mesmo sem comprova\u00e7\u00e3o formal de renda, o documento assegura gratuidade ou desconto de pelo menos 50% em viagens interestaduais.<\/p>\n\n\n\n<p>O <strong>Programa Cisternas<\/strong> tamb\u00e9m aparece como alternativa importante, principalmente em regi\u00f5es com escassez de \u00e1gua. No entanto, a iniciativa vai al\u00e9m do b\u00e1sico e permite a constru\u00e7\u00e3o de estruturas para capta\u00e7\u00e3o da chuva, ajudando no consumo e na produ\u00e7\u00e3o familiar.<\/p>\n\n\n\n<p>J\u00e1 o <strong>Acredita no Primeiro Passo<\/strong> surge como uma iniciativa mais recente, com foco em gera\u00e7\u00e3o de renda. Justamente por isso, oferece microcr\u00e9dito, capacita\u00e7\u00e3o e suporte para pequenos neg\u00f3cios, incentivando fam\u00edlias a conquistarem autonomia financeira.<\/p>\n\n\n\n<p>O chamado <strong>Telefone Popular<\/strong>, apesar de pouco divulgado, ainda pode ser \u00fatil em v\u00e1rias regi\u00f5es. At\u00e9 mesmo com a queda do uso de linhas fixas, o programa garante tarifas reduzidas para fam\u00edlias de baixa renda inscritas no Cad\u00danico.<\/p>\n\n\n\n<figure class=\"wp-block-image size-large\"><img loading=\"lazy\" decoding=\"async\" width=\"1024\" height=\"613\" src=\"https:\/\/acriticatrends.audiencelabs.com.br\/wp-content\/uploads\/2026\/04\/aplicativo_do_programa_identidade_jovem_-_o_id_jovem1011212880-1-1024x613.jpg\" alt=\"\" class=\"wp-image-9191\" srcset=\"https:\/\/acriticatrends.audiencelabs.com.br\/wp-content\/uploads\/2026\/04\/aplicativo_do_programa_identidade_jovem_-_o_id_jovem1011212880-1-1024x613.jpg 1024w, https:\/\/acriticatrends.audiencelabs.com.br\/wp-content\/uploads\/2026\/04\/aplicativo_do_programa_identidade_jovem_-_o_id_jovem1011212880-1-300x180.jpg 300w, https:\/\/acriticatrends.audiencelabs.com.br\/wp-content\/uploads\/2026\/04\/aplicativo_do_programa_identidade_jovem_-_o_id_jovem1011212880-1-768x460.jpg 768w, https:\/\/acriticatrends.audiencelabs.com.br\/wp-content\/uploads\/2026\/04\/aplicativo_do_programa_identidade_jovem_-_o_id_jovem1011212880-1-750x449.jpg 750w, https:\/\/acriticatrends.audiencelabs.com.br\/wp-content\/uploads\/2026\/04\/aplicativo_do_programa_identidade_jovem_-_o_id_jovem1011212880-1-1140x682.jpg 1140w, https:\/\/acriticatrends.audiencelabs.com.br\/wp-content\/uploads\/2026\/04\/aplicativo_do_programa_identidade_jovem_-_o_id_jovem1011212880-1.jpg 1200w\" sizes=\"auto, (max-width: 1024px) 100vw, 1024px\" \/><figcaption class=\"wp-element-caption\">Cr\u00e9ditos: Marcello Casal JR\/Ag\u00eancia Brasil<\/figcaption><\/figure>\n\n\n\n<h2 class=\"wp-block-heading\">Benef\u00edcios que v\u00e3o al\u00e9m do b\u00e1sico<\/h2>\n\n\n\n<p>Al\u00e9m disso, inscritos podem solicitar <strong>isen\u00e7\u00e3o de taxas em concursos p\u00fablicos e no ENEM<\/strong>. No entanto, esse direito ainda \u00e9 pouco explorado, mesmo facilitando o acesso a oportunidades de estudo e emprego.<\/p>\n\n\n\n<p>Por fim, a <strong>Tarifa Social de Energia El\u00e9trica<\/strong> pode garantir descontos de at\u00e9 65% na conta de luz. Justamente por envolver economia direta no or\u00e7amento, \u00e9 um dos benef\u00edcios mais relevantes, embora ainda desconhecido por parte da popula\u00e7\u00e3o.<\/p>\n","protected":false},"excerpt":{"rendered":"<p>Inscritos no Cad\u00danico podem desbloquear at\u00e9 sete benef\u00edcios pouco conhecidos que v\u00e3o al\u00e9m dos programas mais populares, trazendo apoio em \u00e1reas como transporte, renda e at\u00e9 economia dom\u00e9stica. No entanto, muita gente ainda n\u00e3o sabe que esses direitos existem, o que acaba limitando o acesso a oportunidades importantes no dia a dia. Um dos destaques [&hellip;]<\/p>\n","protected":false},"author":4,"featured_media":5330,"comment_status":"open","ping_status":"closed","sticky":false,"template":"","format":"standard","meta":{"jnews-multi-image_gallery":[],"jnews_single_post":{"format":"standard"},"jnews_primary_category":[],"jnews_social_meta":[],"jnews_post_split":[],"footnotes":""},"categories":[55],"tags":[],"class_list":["post-9190","post","type-post","status-publish","format-standard","has-post-thumbnail","hentry","category-trends"],"_links":{"self":[{"href":"https:\/\/acriticatrends.audiencelabs.com.br\/wp-json\/wp\/v2\/posts\/9190","targetHints":{"allow":["GET"]}}],"collection":[{"href":"https:\/\/acriticatrends.audiencelabs.com.br\/wp-json\/wp\/v2\/posts"}],"about":[{"href":"https:\/\/acriticatrends.audiencelabs.com.br\/wp-json\/wp\/v2\/types\/post"}],"author":[{"embeddable":true,"href":"https:\/\/acriticatrends.audiencelabs.com.br\/wp-json\/wp\/v2\/users\/4"}],"replies":[{"embeddable":true,"href":"https:\/\/acriticatrends.audiencelabs.com.br\/wp-json\/wp\/v2\/comments?post=9190"}],"version-history":[{"count":1,"href":"https:\/\/acriticatrends.audiencelabs.com.br\/wp-json\/wp\/v2\/posts\/9190\/revisions"}],"predecessor-version":[{"id":9192,"href":"https:\/\/acriticatrends.audiencelabs.com.br\/wp-json\/wp\/v2\/posts\/9190\/revisions\/9192"}],"wp:featuredmedia":[{"embeddable":true,"href":"https:\/\/acriticatrends.audiencelabs.com.br\/wp-json\/wp\/v2\/media\/5330"}],"wp:attachment":[{"href":"https:\/\/acriticatrends.audiencelabs.com.br\/wp-json\/wp\/v2\/media?parent=9190"}],"wp:term":[{"taxonomy":"category","embeddable":true,"href":"https:\/\/acriticatrends.audiencelabs.com.br\/wp-json\/wp\/v2\/categories?post=9190"},{"taxonomy":"post_tag","embeddable":true,"href":"https:\/\/acriticatrends.audiencelabs.com.br\/wp-json\/wp\/v2\/tags?post=9190"}],"curies":[{"name":"wp","href":"https:\/\/api.w.org\/{rel}","templated":true}]}}