{"id":9197,"date":"2026-04-27T18:15:00","date_gmt":"2026-04-27T21:15:00","guid":{"rendered":"https:\/\/acriticatrends.audiencelabs.com.br\/?p=9197"},"modified":"2026-04-27T14:51:19","modified_gmt":"2026-04-27T17:51:19","slug":"varejista-brasileira-anunciou-encerramento-definitivo-de-atividades-logo-antes-de-completar-100-anos","status":"publish","type":"post","link":"https:\/\/acriticatrends.audiencelabs.com.br\/varejista-brasileira-anunciou-encerramento-definitivo-de-atividades-logo-antes-de-completar-100-anos\/","title":{"rendered":"Varejista brasileira anunciou encerramento definitivo de atividades logo antes de completar 100 anos"},"content":{"rendered":"\n<p>Uma varejista brasileira anunciou o encerramento definitivo de suas atividades justamente \u00e0s v\u00e9speras de completar 100 anos de hist\u00f3ria. A decis\u00e3o surpreendeu clientes e marcou o fim de uma trajet\u00f3ria consolidada no com\u00e9rcio.<\/p>\n\n\n\n<p>O caso envolve o <strong>Grupo Breithaupt<\/strong>, tradicional empresa de Jaragu\u00e1 do Sul, em Santa Catarina. Considerado um dos maiores nomes do varejo local, o conglomerado atuava em diferentes segmentos ao longo das d\u00e9cadas.<\/p>\n\n\n\n<p>Fundado em 1926 por Walter Breithaupt, o grupo rapidamente ganhou relev\u00e2ncia entre os consumidores da regi\u00e3o. No entanto, mesmo com forte presen\u00e7a, a empresa acabou sucumbindo por problemas de organiza\u00e7\u00e3o financeira.<\/p>\n\n\n\n<p>Em comunicado oficial, a dire\u00e7\u00e3o destacou que a decis\u00e3o foi tomada com responsabilidade e transpar\u00eancia. A empresa tamb\u00e9m agradeceu clientes, colaboradores, fornecedores e parceiros que fizeram parte da trajet\u00f3ria.<\/p>\n\n\n\n<p>O auge da companhia ocorreu entre as d\u00e9cadas de 1990 e 2000, justamente quando ampliou seus neg\u00f3cios. Nesse per\u00edodo, foi inaugurado o Shopping Breithaupt no centro da cidade, s\u00edmbolo de moderniza\u00e7\u00e3o do com\u00e9rcio local.<\/p>\n\n\n\n<p>No entanto, o cen\u00e1rio come\u00e7ou a mudar com o passar dos anos e trouxe dificuldades mais profundas. O shopping foi vendido em 2015 ao Grupo Tenco e posteriormente repassado ao Grupo Partage em 2022.<\/p>\n\n\n\n<p>Al\u00e9m disso, o grupo iniciou a venda de outras opera\u00e7\u00f5es para tentar equilibrar as contas diante das d\u00edvidas. Em 2013, deixou o setor de supermercados ao negociar a rede com a Cooperativa de Produ\u00e7\u00e3o e Abastecimento do Vale do Itaja\u00ed (Cooper).<\/p>\n\n\n\n<figure class=\"wp-block-image size-large\"><img loading=\"lazy\" decoding=\"async\" width=\"1024\" height=\"678\" src=\"https:\/\/acriticatrends.audiencelabs.com.br\/wp-content\/uploads\/2026\/04\/breithaupt-1-1024x678.jpg\" alt=\"\" class=\"wp-image-9198\" srcset=\"https:\/\/acriticatrends.audiencelabs.com.br\/wp-content\/uploads\/2026\/04\/breithaupt-1-1024x678.jpg 1024w, https:\/\/acriticatrends.audiencelabs.com.br\/wp-content\/uploads\/2026\/04\/breithaupt-1-300x199.jpg 300w, https:\/\/acriticatrends.audiencelabs.com.br\/wp-content\/uploads\/2026\/04\/breithaupt-1-768x508.jpg 768w, https:\/\/acriticatrends.audiencelabs.com.br\/wp-content\/uploads\/2026\/04\/breithaupt-1-750x496.jpg 750w, https:\/\/acriticatrends.audiencelabs.com.br\/wp-content\/uploads\/2026\/04\/breithaupt-1-1140x754.jpg 1140w, https:\/\/acriticatrends.audiencelabs.com.br\/wp-content\/uploads\/2026\/04\/breithaupt-1.jpg 1200w\" sizes=\"auto, (max-width: 1024px) 100vw, 1024px\" \/><figcaption class=\"wp-element-caption\">Cr\u00e9ditos: Divulga\u00e7\u00e3o\/ Grupo Breithaupt<\/figcaption><\/figure>\n\n\n\n<h2 class=\"wp-block-heading\">Fim de uma trajet\u00f3ria marcada por desafios<\/h2>\n\n\n\n<p>A situa\u00e7\u00e3o financeira se agravou ainda mais a partir de 2020, quando entrou em recupera\u00e7\u00e3o judicial com cerca de R$ 30 milh\u00f5es em d\u00edvidas. At\u00e9 mesmo a pandemia de Covid-19 contribuiu para piorar o cen\u00e1rio do varejo f\u00edsico.<\/p>\n\n\n\n<p>Sem conseguir reverter o quadro, o Grupo Breithaupt optou pelo encerramento definitivo das atividades. Justamente assim chega ao fim uma hist\u00f3ria quase centen\u00e1ria no com\u00e9rcio catarinense.<\/p>\n","protected":false},"excerpt":{"rendered":"<p>Uma varejista brasileira anunciou o encerramento definitivo de suas atividades justamente \u00e0s v\u00e9speras de completar 100 anos de hist\u00f3ria. A decis\u00e3o surpreendeu clientes e marcou o fim de uma trajet\u00f3ria consolidada no com\u00e9rcio. O caso envolve o Grupo Breithaupt, tradicional empresa de Jaragu\u00e1 do Sul, em Santa Catarina. Considerado um dos maiores nomes do varejo [&hellip;]<\/p>\n","protected":false},"author":4,"featured_media":9199,"comment_status":"open","ping_status":"closed","sticky":false,"template":"","format":"standard","meta":{"jnews-multi-image_gallery":[],"jnews_single_post":{"format":"standard"},"jnews_primary_category":[],"jnews_social_meta":[],"jnews_post_split":[],"footnotes":""},"categories":[55],"tags":[],"class_list":["post-9197","post","type-post","status-publish","format-standard","has-post-thumbnail","hentry","category-trends"],"_links":{"self":[{"href":"https:\/\/acriticatrends.audiencelabs.com.br\/wp-json\/wp\/v2\/posts\/9197","targetHints":{"allow":["GET"]}}],"collection":[{"href":"https:\/\/acriticatrends.audiencelabs.com.br\/wp-json\/wp\/v2\/posts"}],"about":[{"href":"https:\/\/acriticatrends.audiencelabs.com.br\/wp-json\/wp\/v2\/types\/post"}],"author":[{"embeddable":true,"href":"https:\/\/acriticatrends.audiencelabs.com.br\/wp-json\/wp\/v2\/users\/4"}],"replies":[{"embeddable":true,"href":"https:\/\/acriticatrends.audiencelabs.com.br\/wp-json\/wp\/v2\/comments?post=9197"}],"version-history":[{"count":1,"href":"https:\/\/acriticatrends.audiencelabs.com.br\/wp-json\/wp\/v2\/posts\/9197\/revisions"}],"predecessor-version":[{"id":9200,"href":"https:\/\/acriticatrends.audiencelabs.com.br\/wp-json\/wp\/v2\/posts\/9197\/revisions\/9200"}],"wp:featuredmedia":[{"embeddable":true,"href":"https:\/\/acriticatrends.audiencelabs.com.br\/wp-json\/wp\/v2\/media\/9199"}],"wp:attachment":[{"href":"https:\/\/acriticatrends.audiencelabs.com.br\/wp-json\/wp\/v2\/media?parent=9197"}],"wp:term":[{"taxonomy":"category","embeddable":true,"href":"https:\/\/acriticatrends.audiencelabs.com.br\/wp-json\/wp\/v2\/categories?post=9197"},{"taxonomy":"post_tag","embeddable":true,"href":"https:\/\/acriticatrends.audiencelabs.com.br\/wp-json\/wp\/v2\/tags?post=9197"}],"curies":[{"name":"wp","href":"https:\/\/api.w.org\/{rel}","templated":true}]}}