{"id":9207,"date":"2026-05-03T05:15:00","date_gmt":"2026-05-03T08:15:00","guid":{"rendered":"https:\/\/acriticatrends.audiencelabs.com.br\/?p=9207"},"modified":"2026-04-30T14:14:23","modified_gmt":"2026-04-30T17:14:23","slug":"mei-que-atrasa-o-pagamento-da-guia-das-perde-beneficios-do-inss","status":"publish","type":"post","link":"https:\/\/acriticatrends.audiencelabs.com.br\/mei-que-atrasa-o-pagamento-da-guia-das-perde-beneficios-do-inss\/","title":{"rendered":"MEI que atrasa o pagamento da guia DAS perde benef\u00edcios do INSS"},"content":{"rendered":"\n<p>O microempreendedor individual que atrasa o pagamento da guia DAS pode enfrentar consequ\u00eancias diretas no v\u00ednculo com o INSS. No entanto, a inadimpl\u00eancia prolongada n\u00e3o se resume apenas a encargos financeiros e pode comprometer a manuten\u00e7\u00e3o da qualidade de segurado ao longo do tempo.<\/p>\n\n\n\n<p>Na pr\u00e1tica, o atraso come\u00e7a a gerar multa j\u00e1 no primeiro dia, com cobran\u00e7a de 0,33% ao dia sobre o valor da guia. Justamente por isso, al\u00e9m do impacto financeiro, o risco envolve a perda de benef\u00edcios como <strong>aposentadoria e aux\u00edlio-doen\u00e7a<\/strong> ap\u00f3s um per\u00edodo sem contribui\u00e7\u00e3o.<\/p>\n\n\n\n<p>Al\u00e9m da multa, os juros tamb\u00e9m entram na conta e seguem a taxa Selic acumulada, acrescida de 1% no m\u00eas do pagamento. At\u00e9 mesmo atrasos curtos acabam aumentando o valor final da d\u00edvida, o que dificulta a regulariza\u00e7\u00e3o ao longo do tempo.<\/p>\n\n\n\n<p>Segundo os dados apresentados, milh\u00f5es de microempreendedores est\u00e3o inadimplentes no Brasil. No entanto, apesar do cen\u00e1rio elevado, ainda h\u00e1 caminhos para regularizar a situa\u00e7\u00e3o de forma simples e r\u00e1pida.<\/p>\n\n\n\n<p>A inadimpl\u00eancia do MEI passa por etapas e cada fase traz um impacto diferente. Justamente nos primeiros 12 meses, o empreendedor ainda mant\u00e9m a qualidade de segurado, embora os meses sem pagamento n\u00e3o contem como contribui\u00e7\u00e3o ao INSS.<\/p>\n\n\n\n<p>Ap\u00f3s esse per\u00edodo, a situa\u00e7\u00e3o muda de forma significativa para o trabalhador. At\u00e9 mesmo direitos como aux\u00edlio por incapacidade, sal\u00e1rio-maternidade e pens\u00e3o por morte deixam de ser garantidos com a perda da qualidade de segurado.<\/p>\n\n\n\n<p>Se a d\u00edvida continuar em aberto por mais tempo, o problema pode se agravar ainda mais. No entanto, o d\u00e9bito pode ser inscrito em d\u00edvida ativa, gerando restri\u00e7\u00f5es no CPF e dificultando acesso a cr\u00e9dito e servi\u00e7os financeiros.<\/p>\n\n\n\n<figure class=\"wp-block-image size-large\"><img loading=\"lazy\" decoding=\"async\" width=\"1024\" height=\"683\" src=\"https:\/\/acriticatrends.audiencelabs.com.br\/wp-content\/uploads\/2026\/04\/economia-previdencia-social-inss-20170317-001-1024x683.jpg\" alt=\"\" class=\"wp-image-7051\" srcset=\"https:\/\/acriticatrends.audiencelabs.com.br\/wp-content\/uploads\/2026\/04\/economia-previdencia-social-inss-20170317-001-1024x683.jpg 1024w, https:\/\/acriticatrends.audiencelabs.com.br\/wp-content\/uploads\/2026\/04\/economia-previdencia-social-inss-20170317-001-300x200.jpg 300w, https:\/\/acriticatrends.audiencelabs.com.br\/wp-content\/uploads\/2026\/04\/economia-previdencia-social-inss-20170317-001-768x512.jpg 768w, https:\/\/acriticatrends.audiencelabs.com.br\/wp-content\/uploads\/2026\/04\/economia-previdencia-social-inss-20170317-001-750x500.jpg 750w, https:\/\/acriticatrends.audiencelabs.com.br\/wp-content\/uploads\/2026\/04\/economia-previdencia-social-inss-20170317-001-1140x760.jpg 1140w, https:\/\/acriticatrends.audiencelabs.com.br\/wp-content\/uploads\/2026\/04\/economia-previdencia-social-inss-20170317-001.jpg 1200w\" sizes=\"auto, (max-width: 1024px) 100vw, 1024px\" \/><figcaption class=\"wp-element-caption\">Cr\u00e9ditos: Divulga\u00e7\u00e3o\/Ag\u00eancia Brasil<\/figcaption><\/figure>\n\n\n\n<h2 class=\"wp-block-heading\">Como regularizar o DAS atrasado e evitar preju\u00edzos<\/h2>\n\n\n\n<p>A regulariza\u00e7\u00e3o pode ser feita rapidamente pelo sistema PGMEI, que recalcula automaticamente multa e juros. Justamente por isso, o processo leva poucos minutos e ainda permite parcelamento em at\u00e9 60 vezes pela Receita Federal.<\/p>\n","protected":false},"excerpt":{"rendered":"<p>O microempreendedor individual que atrasa o pagamento da guia DAS pode enfrentar consequ\u00eancias diretas no v\u00ednculo com o INSS. No entanto, a inadimpl\u00eancia prolongada n\u00e3o se resume apenas a encargos financeiros e pode comprometer a manuten\u00e7\u00e3o da qualidade de segurado ao longo do tempo. Na pr\u00e1tica, o atraso come\u00e7a a gerar multa j\u00e1 no primeiro [&hellip;]<\/p>\n","protected":false},"author":4,"featured_media":2309,"comment_status":"open","ping_status":"closed","sticky":false,"template":"","format":"standard","meta":{"jnews-multi-image_gallery":[],"jnews_single_post":{"format":"standard"},"jnews_primary_category":[],"jnews_social_meta":[],"jnews_post_split":[],"footnotes":""},"categories":[55],"tags":[],"class_list":["post-9207","post","type-post","status-publish","format-standard","has-post-thumbnail","hentry","category-trends"],"_links":{"self":[{"href":"https:\/\/acriticatrends.audiencelabs.com.br\/wp-json\/wp\/v2\/posts\/9207","targetHints":{"allow":["GET"]}}],"collection":[{"href":"https:\/\/acriticatrends.audiencelabs.com.br\/wp-json\/wp\/v2\/posts"}],"about":[{"href":"https:\/\/acriticatrends.audiencelabs.com.br\/wp-json\/wp\/v2\/types\/post"}],"author":[{"embeddable":true,"href":"https:\/\/acriticatrends.audiencelabs.com.br\/wp-json\/wp\/v2\/users\/4"}],"replies":[{"embeddable":true,"href":"https:\/\/acriticatrends.audiencelabs.com.br\/wp-json\/wp\/v2\/comments?post=9207"}],"version-history":[{"count":2,"href":"https:\/\/acriticatrends.audiencelabs.com.br\/wp-json\/wp\/v2\/posts\/9207\/revisions"}],"predecessor-version":[{"id":9633,"href":"https:\/\/acriticatrends.audiencelabs.com.br\/wp-json\/wp\/v2\/posts\/9207\/revisions\/9633"}],"wp:featuredmedia":[{"embeddable":true,"href":"https:\/\/acriticatrends.audiencelabs.com.br\/wp-json\/wp\/v2\/media\/2309"}],"wp:attachment":[{"href":"https:\/\/acriticatrends.audiencelabs.com.br\/wp-json\/wp\/v2\/media?parent=9207"}],"wp:term":[{"taxonomy":"category","embeddable":true,"href":"https:\/\/acriticatrends.audiencelabs.com.br\/wp-json\/wp\/v2\/categories?post=9207"},{"taxonomy":"post_tag","embeddable":true,"href":"https:\/\/acriticatrends.audiencelabs.com.br\/wp-json\/wp\/v2\/tags?post=9207"}],"curies":[{"name":"wp","href":"https:\/\/api.w.org\/{rel}","templated":true}]}}