{"id":9209,"date":"2026-04-27T19:15:00","date_gmt":"2026-04-27T22:15:00","guid":{"rendered":"https:\/\/acriticatrends.audiencelabs.com.br\/?p=9209"},"modified":"2026-04-27T16:15:08","modified_gmt":"2026-04-27T19:15:08","slug":"governo-cria-mecanismo-para-ajudar-trabalhadores-clt-que-pegaram-emprestimo","status":"publish","type":"post","link":"https:\/\/acriticatrends.audiencelabs.com.br\/governo-cria-mecanismo-para-ajudar-trabalhadores-clt-que-pegaram-emprestimo\/","title":{"rendered":"Governo cria mecanismo para ajudar trabalhadores CLT que pegaram empr\u00e9stimo"},"content":{"rendered":"\n<p>O Governo Federal criou um novo mecanismo para ajudar trabalhadores com carteira assinada (CLT&#8217;s) que contrataram empr\u00e9stimos, justamente com foco em reduzir abusos nas cobran\u00e7as. A medida estabelece regras para o cr\u00e9dito consignado privado, buscando limitar excessos e tornar as condi\u00e7\u00f5es mais equilibradas.<\/p>\n\n\n\n<p>A iniciativa foi publicada pelo <strong>Minist\u00e9rio do Trabalho e Emprego (MTE) <\/strong>na sexta-feira e define crit\u00e9rios objetivos para identificar juros abusivos. No entanto, n\u00e3o foi fixado um teto \u00fanico, j\u00e1 que o pr\u00f3prio mercado servir\u00e1 como base de compara\u00e7\u00e3o entre as institui\u00e7\u00f5es financeiras.<\/p>\n\n\n\n<p>Na pr\u00e1tica, ser\u00e1 considerada abusiva a taxa que ultrapassar a soma da m\u00e9dia ponderada do mercado com o desvio padr\u00e3o, ajustada por um fator definido pelo governo. Esse modelo cria uma esp\u00e9cie de faixa aceit\u00e1vel, justamente para evitar distor\u00e7\u00f5es nas cobran\u00e7as feitas aos trabalhadores.<\/p>\n\n\n\n<p>O c\u00e1lculo dessas taxas ser\u00e1 feito trimestralmente pelo MTE, com base nas opera\u00e7\u00f5es registradas em plataformas digitais de consignado. Caso os valores ultrapassem o limite t\u00e9cnico estabelecido, a cobran\u00e7a poder\u00e1 ser enquadrada como pr\u00e1tica abusiva.<\/p>\n\n\n\n<p>Outro ponto importante envolve o <strong>Custo Efetivo Total<\/strong>, que re\u00fane todos os encargos pagos pelo trabalhador ao longo do contrato. A regra determina que esse custo mensal n\u00e3o pode ultrapassar em mais de 1 ponto percentual a taxa de juros da opera\u00e7\u00e3o.<\/p>\n\n\n\n<p>Esse pequeno intervalo ser\u00e1 usado exclusivamente para cobrir tributos e o seguro prestamista, que quita a d\u00edvida em caso de morte, desde que contratado. Fora isso, as institui\u00e7\u00f5es s\u00f3 poder\u00e3o cobrar juros, multas por atraso e encargos previstos.<\/p>\n\n\n\n<p>As novas regras j\u00e1 est\u00e3o valendo e se aplicam apenas aos contratos firmados ap\u00f3s a publica\u00e7\u00e3o da resolu\u00e7\u00e3o. No entanto, acordos antigos n\u00e3o sofrer\u00e3o qualquer tipo de altera\u00e7\u00e3o, mantendo as condi\u00e7\u00f5es originais.<\/p>\n\n\n\n<figure class=\"wp-block-image size-large\"><img loading=\"lazy\" decoding=\"async\" width=\"1024\" height=\"691\" src=\"https:\/\/acriticatrends.audiencelabs.com.br\/wp-content\/uploads\/2026\/04\/ministerio-do-trabalho-e-emprego-mte-1-1024x691.jpg\" alt=\"\" class=\"wp-image-9210\" srcset=\"https:\/\/acriticatrends.audiencelabs.com.br\/wp-content\/uploads\/2026\/04\/ministerio-do-trabalho-e-emprego-mte-1-1024x691.jpg 1024w, https:\/\/acriticatrends.audiencelabs.com.br\/wp-content\/uploads\/2026\/04\/ministerio-do-trabalho-e-emprego-mte-1-300x203.jpg 300w, https:\/\/acriticatrends.audiencelabs.com.br\/wp-content\/uploads\/2026\/04\/ministerio-do-trabalho-e-emprego-mte-1-768x518.jpg 768w, https:\/\/acriticatrends.audiencelabs.com.br\/wp-content\/uploads\/2026\/04\/ministerio-do-trabalho-e-emprego-mte-1-750x506.jpg 750w, https:\/\/acriticatrends.audiencelabs.com.br\/wp-content\/uploads\/2026\/04\/ministerio-do-trabalho-e-emprego-mte-1-1140x770.jpg 1140w, https:\/\/acriticatrends.audiencelabs.com.br\/wp-content\/uploads\/2026\/04\/ministerio-do-trabalho-e-emprego-mte-1.jpg 1200w\" sizes=\"auto, (max-width: 1024px) 100vw, 1024px\" \/><figcaption class=\"wp-element-caption\">Cr\u00e9ditos: Divulga\u00e7\u00e3o\/gov<\/figcaption><\/figure>\n\n\n\n<h2 class=\"wp-block-heading\">Como o Governo pretende garantir o cumprimento<\/h2>\n\n\n\n<p>O Minist\u00e9rio do Trabalho ser\u00e1 respons\u00e1vel por fiscalizar e garantir que os bancos sigam os novos par\u00e2metros definidos. At\u00e9 mesmo os c\u00e1lculos e metodologias ser\u00e3o acompanhados para evitar irregularidades no sistema.<\/p>\n\n\n\n<p>Com isso, o Governo Federal busca dar mais transpar\u00eancia ao cr\u00e9dito consignado privado e reduzir impactos negativos no bolso dos trabalhadores. A medida tenta equilibrar o mercado, justamente criando limites t\u00e9cnicos sem interferir diretamente na concorr\u00eancia.<\/p>\n","protected":false},"excerpt":{"rendered":"<p>O Governo Federal criou um novo mecanismo para ajudar trabalhadores com carteira assinada (CLT&#8217;s) que contrataram empr\u00e9stimos, justamente com foco em reduzir abusos nas cobran\u00e7as. A medida estabelece regras para o cr\u00e9dito consignado privado, buscando limitar excessos e tornar as condi\u00e7\u00f5es mais equilibradas. A iniciativa foi publicada pelo Minist\u00e9rio do Trabalho e Emprego (MTE) na [&hellip;]<\/p>\n","protected":false},"author":4,"featured_media":2265,"comment_status":"open","ping_status":"closed","sticky":false,"template":"","format":"standard","meta":{"jnews-multi-image_gallery":[],"jnews_single_post":{"format":"standard"},"jnews_primary_category":[],"jnews_social_meta":[],"jnews_post_split":[],"footnotes":""},"categories":[55],"tags":[],"class_list":["post-9209","post","type-post","status-publish","format-standard","has-post-thumbnail","hentry","category-trends"],"_links":{"self":[{"href":"https:\/\/acriticatrends.audiencelabs.com.br\/wp-json\/wp\/v2\/posts\/9209","targetHints":{"allow":["GET"]}}],"collection":[{"href":"https:\/\/acriticatrends.audiencelabs.com.br\/wp-json\/wp\/v2\/posts"}],"about":[{"href":"https:\/\/acriticatrends.audiencelabs.com.br\/wp-json\/wp\/v2\/types\/post"}],"author":[{"embeddable":true,"href":"https:\/\/acriticatrends.audiencelabs.com.br\/wp-json\/wp\/v2\/users\/4"}],"replies":[{"embeddable":true,"href":"https:\/\/acriticatrends.audiencelabs.com.br\/wp-json\/wp\/v2\/comments?post=9209"}],"version-history":[{"count":1,"href":"https:\/\/acriticatrends.audiencelabs.com.br\/wp-json\/wp\/v2\/posts\/9209\/revisions"}],"predecessor-version":[{"id":9211,"href":"https:\/\/acriticatrends.audiencelabs.com.br\/wp-json\/wp\/v2\/posts\/9209\/revisions\/9211"}],"wp:featuredmedia":[{"embeddable":true,"href":"https:\/\/acriticatrends.audiencelabs.com.br\/wp-json\/wp\/v2\/media\/2265"}],"wp:attachment":[{"href":"https:\/\/acriticatrends.audiencelabs.com.br\/wp-json\/wp\/v2\/media?parent=9209"}],"wp:term":[{"taxonomy":"category","embeddable":true,"href":"https:\/\/acriticatrends.audiencelabs.com.br\/wp-json\/wp\/v2\/categories?post=9209"},{"taxonomy":"post_tag","embeddable":true,"href":"https:\/\/acriticatrends.audiencelabs.com.br\/wp-json\/wp\/v2\/tags?post=9209"}],"curies":[{"name":"wp","href":"https:\/\/api.w.org\/{rel}","templated":true}]}}