{"id":9212,"date":"2026-04-28T05:20:00","date_gmt":"2026-04-28T08:20:00","guid":{"rendered":"https:\/\/acriticatrends.audiencelabs.com.br\/?p=9212"},"modified":"2026-04-27T16:24:26","modified_gmt":"2026-04-27T19:24:26","slug":"filho-de-carlo-ancelotti-esta-exercendo-nova-profissao-no-brasil-apos-deixar-o-botafogo","status":"publish","type":"post","link":"https:\/\/acriticatrends.audiencelabs.com.br\/filho-de-carlo-ancelotti-esta-exercendo-nova-profissao-no-brasil-apos-deixar-o-botafogo\/","title":{"rendered":"Filho de Carlo Ancelotti est\u00e1 exercendo nova profiss\u00e3o no Brasil ap\u00f3s deixar o Botafogo"},"content":{"rendered":"\n<p>Filho de Carlo Ancelotti, Davide Ancelotti j\u00e1 tem um novo rumo definido no Brasil ap\u00f3s deixar o Botafogo. No entanto, a mudan\u00e7a n\u00e3o significa uma sa\u00edda definitiva do pa\u00eds, justamente porque ele seguir\u00e1 ligado ao trabalho do pai na Sele\u00e7\u00e3o.<\/p>\n\n\n\n<p>A passagem como treinador principal durou apenas um semestre, com Davide encerrando sua experi\u00eancia nesta quarta-feira. Ele agora viaja de f\u00e9rias para Madri com a fam\u00edlia, mas j\u00e1 tem retorno previsto ao Rio de Janeiro.<\/p>\n\n\n\n<p>Durante o per\u00edodo no comando, foram 32 partidas disputadas, com 14 vit\u00f3rias, 11 empates e sete derrotas. At\u00e9 mesmo na reta final, o t\u00e9cnico vinha embalado por uma sequ\u00eancia invicta de dez jogos, o que indicava certa estabilidade.<\/p>\n\n\n\n<p>A sa\u00edda, no entanto, n\u00e3o tem rela\u00e7\u00e3o com o compromisso assumido com a CBF para a Copa de 2026. O motivo principal envolve desentendimentos internos com a diretoria alvinegra, algo que pesou na decis\u00e3o.<\/p>\n\n\n\n<p>Um dos pontos de conflito foram cr\u00edticas direcionadas ao preparador f\u00edsico Luca Guerra, integrante da comiss\u00e3o de Davide. Al\u00e9m disso, o treinador tamb\u00e9m avaliou o futuro do projeto do clube, prevendo dificuldades financeiras e poss\u00edveis perdas no elenco.<\/p>\n\n\n\n<p>Antes mesmo de assumir o Botafogo, Davide j\u00e1 havia trabalhado com a Sele\u00e7\u00e3o durante a data Fifa de junho. Ele participou dos jogos contra Paraguai e Chile, refor\u00e7ando sua liga\u00e7\u00e3o com a comiss\u00e3o.<\/p>\n\n\n\n<figure class=\"wp-block-image size-large\"><img loading=\"lazy\" decoding=\"async\" width=\"1024\" height=\"638\" src=\"https:\/\/acriticatrends.audiencelabs.com.br\/wp-content\/uploads\/2026\/04\/Davide-Ancelotti-aspect-ratio-512-320-2-1-1024x638.jpg\" alt=\"\" class=\"wp-image-9216\" srcset=\"https:\/\/acriticatrends.audiencelabs.com.br\/wp-content\/uploads\/2026\/04\/Davide-Ancelotti-aspect-ratio-512-320-2-1-1024x638.jpg 1024w, https:\/\/acriticatrends.audiencelabs.com.br\/wp-content\/uploads\/2026\/04\/Davide-Ancelotti-aspect-ratio-512-320-2-1-300x187.jpg 300w, https:\/\/acriticatrends.audiencelabs.com.br\/wp-content\/uploads\/2026\/04\/Davide-Ancelotti-aspect-ratio-512-320-2-1-768x479.jpg 768w, https:\/\/acriticatrends.audiencelabs.com.br\/wp-content\/uploads\/2026\/04\/Davide-Ancelotti-aspect-ratio-512-320-2-1-750x468.jpg 750w, https:\/\/acriticatrends.audiencelabs.com.br\/wp-content\/uploads\/2026\/04\/Davide-Ancelotti-aspect-ratio-512-320-2-1-1140x711.jpg 1140w, https:\/\/acriticatrends.audiencelabs.com.br\/wp-content\/uploads\/2026\/04\/Davide-Ancelotti-aspect-ratio-512-320-2-1.jpg 1200w\" sizes=\"auto, (max-width: 1024px) 100vw, 1024px\" \/><figcaption class=\"wp-element-caption\">Cr\u00e9ditos: Rafael Ribeiro\/CBF<\/figcaption><\/figure>\n\n\n\n<h2 class=\"wp-block-heading\">Novo papel j\u00e1 definido<\/h2>\n\n\n\n<p>Agora, fora do cargo de treinador, Davide passa a atuar diretamente ao lado do pai na comiss\u00e3o t\u00e9cnica. Ele tem compromisso firmado com a CBF para integrar o grupo que estar\u00e1 na Copa do Mundo de 2026.<\/p>\n\n\n\n<p>Inclusive, quest\u00f5es burocr\u00e1ticas j\u00e1 haviam sido resolvidas anteriormente, como o visto de resid\u00eancia solicitado pela entidade. O Botafogo chegou a receber autoriza\u00e7\u00e3o v\u00e1lida at\u00e9 2026, o que refor\u00e7a que sua perman\u00eancia no Brasil segue nos planos.<\/p>\n","protected":false},"excerpt":{"rendered":"<p>Filho de Carlo Ancelotti, Davide Ancelotti j\u00e1 tem um novo rumo definido no Brasil ap\u00f3s deixar o Botafogo. No entanto, a mudan\u00e7a n\u00e3o significa uma sa\u00edda definitiva do pa\u00eds, justamente porque ele seguir\u00e1 ligado ao trabalho do pai na Sele\u00e7\u00e3o. A passagem como treinador principal durou apenas um semestre, com Davide encerrando sua experi\u00eancia nesta [&hellip;]<\/p>\n","protected":false},"author":4,"featured_media":9217,"comment_status":"open","ping_status":"closed","sticky":false,"template":"","format":"standard","meta":{"jnews-multi-image_gallery":[],"jnews_single_post":{"format":"standard"},"jnews_primary_category":[],"jnews_social_meta":[],"jnews_post_split":[],"footnotes":""},"categories":[55],"tags":[],"class_list":["post-9212","post","type-post","status-publish","format-standard","has-post-thumbnail","hentry","category-trends"],"_links":{"self":[{"href":"https:\/\/acriticatrends.audiencelabs.com.br\/wp-json\/wp\/v2\/posts\/9212","targetHints":{"allow":["GET"]}}],"collection":[{"href":"https:\/\/acriticatrends.audiencelabs.com.br\/wp-json\/wp\/v2\/posts"}],"about":[{"href":"https:\/\/acriticatrends.audiencelabs.com.br\/wp-json\/wp\/v2\/types\/post"}],"author":[{"embeddable":true,"href":"https:\/\/acriticatrends.audiencelabs.com.br\/wp-json\/wp\/v2\/users\/4"}],"replies":[{"embeddable":true,"href":"https:\/\/acriticatrends.audiencelabs.com.br\/wp-json\/wp\/v2\/comments?post=9212"}],"version-history":[{"count":1,"href":"https:\/\/acriticatrends.audiencelabs.com.br\/wp-json\/wp\/v2\/posts\/9212\/revisions"}],"predecessor-version":[{"id":9218,"href":"https:\/\/acriticatrends.audiencelabs.com.br\/wp-json\/wp\/v2\/posts\/9212\/revisions\/9218"}],"wp:featuredmedia":[{"embeddable":true,"href":"https:\/\/acriticatrends.audiencelabs.com.br\/wp-json\/wp\/v2\/media\/9217"}],"wp:attachment":[{"href":"https:\/\/acriticatrends.audiencelabs.com.br\/wp-json\/wp\/v2\/media?parent=9212"}],"wp:term":[{"taxonomy":"category","embeddable":true,"href":"https:\/\/acriticatrends.audiencelabs.com.br\/wp-json\/wp\/v2\/categories?post=9212"},{"taxonomy":"post_tag","embeddable":true,"href":"https:\/\/acriticatrends.audiencelabs.com.br\/wp-json\/wp\/v2\/tags?post=9212"}],"curies":[{"name":"wp","href":"https:\/\/api.w.org\/{rel}","templated":true}]}}