{"id":9214,"date":"2026-04-29T11:15:00","date_gmt":"2026-04-29T14:15:00","guid":{"rendered":"https:\/\/acriticatrends.audiencelabs.com.br\/?p=9214"},"modified":"2026-04-28T13:13:35","modified_gmt":"2026-04-28T16:13:35","slug":"descubra-o-horario-ideal-do-seu-corpo-para-fazer-exercicios","status":"publish","type":"post","link":"https:\/\/acriticatrends.audiencelabs.com.br\/descubra-o-horario-ideal-do-seu-corpo-para-fazer-exercicios\/","title":{"rendered":"Descubra o hor\u00e1rio ideal do seu corpo para fazer exerc\u00edcios"},"content":{"rendered":"\n<p>A busca por melhores resultados na pr\u00e1tica de atividades f\u00edsicas vai al\u00e9m da escolha do exerc\u00edcio ou da intensidade do treino. Estudos recentes indicam que o hor\u00e1rio em que a atividade \u00e9 realizada pode influenciar diretamente os benef\u00edcios obtidos pelo corpo. A recomenda\u00e7\u00e3o, cada vez mais defendida por especialistas, \u00e9 simples: respeitar o rel\u00f3gio biol\u00f3gico pode ser a chave para melhorar desempenho, sa\u00fade cardiovascular e qualidade de vida.<\/p>\n\n\n\n<p>Pesquisas apontam que adaptar os treinos ao chamado cron\u00f3tipo \u2014 a tend\u00eancia natural de cada pessoa de ser mais ativa pela manh\u00e3 ou \u00e0 noite \u2014 pode trazer ganhos significativos. Em vez de seguir hor\u00e1rios padronizados, a orienta\u00e7\u00e3o \u00e9 ajustar a rotina de exerc\u00edcios ao per\u00edodo do dia em que o organismo est\u00e1 mais disposto.<\/p>\n\n\n\n<h2 class=\"wp-block-heading\">Cron\u00f3tipo influencia desempenho f\u00edsico e ades\u00e3o aos treinos<\/h2>\n\n\n\n<p>O cron\u00f3tipo \u00e9 determinado por fatores biol\u00f3gicos e regula aspectos como sono, n\u00edveis hormonais e energia ao longo do dia. Pessoas consideradas \u201cmatutinas\u201d tendem a acordar cedo e apresentar maior disposi\u00e7\u00e3o nas primeiras horas da manh\u00e3. J\u00e1 os chamados \u201cnoturnos\u201d costumam ter mais energia no fim do dia.<\/p>\n\n\n\n<p>Segundo especialistas, treinar em sintonia com esse ritmo natural facilita n\u00e3o apenas o desempenho f\u00edsico, mas tamb\u00e9m a regularidade da pr\u00e1tica. Isso ocorre porque o corpo responde melhor aos est\u00edmulos quando est\u00e1 em seu pico de energia, reduzindo a sensa\u00e7\u00e3o de esfor\u00e7o excessivo e aumentando a motiva\u00e7\u00e3o.<\/p>\n\n\n\n<p>Al\u00e9m disso, respeitar o cron\u00f3tipo pode evitar o chamado \u201cjetlag social\u201d, um descompasso entre o rel\u00f3gio biol\u00f3gico e as exig\u00eancias da rotina di\u00e1ria. Esse desalinhamento tem sido associado a maior risco de problemas cardiovasculares, altera\u00e7\u00f5es metab\u00f3licas e dist\u00farbios do sono.<\/p>\n\n\n\n<h2 class=\"wp-block-heading\">Estudo aponta benef\u00edcios em sa\u00fade cardiovascular e metab\u00f3lica<\/h2>\n\n\n\n<p>Uma pesquisa recente conduzida com adultos entre 40 e 50 anos refor\u00e7a essa rela\u00e7\u00e3o. Os participantes, que apresentavam ao menos um fator de risco card\u00edaco \u2014 como hipertens\u00e3o ou sobrepeso \u2014 foram submetidos a um programa de exerc\u00edcios regulares durante tr\u00eas meses.<\/p>\n\n\n\n<p>A atividade consistia em caminhadas r\u00e1pidas de 40 minutos, realizadas cinco vezes por semana. Os volunt\u00e1rios foram divididos de acordo com seus perfis biol\u00f3gicos: parte deles treinou em hor\u00e1rios alinhados ao pr\u00f3prio cron\u00f3tipo, enquanto outros seguiram uma rotina oposta ao seu ritmo natural.<\/p>\n\n\n\n<p>Embora todos tenham apresentado melhora no condicionamento f\u00edsico, os resultados foram mais expressivos entre aqueles que respeitaram seu rel\u00f3gio biol\u00f3gico. Esse grupo registrou redu\u00e7\u00e3o mais significativa da press\u00e3o arterial, melhora na capacidade aer\u00f3bica, n\u00edveis mais equilibrados de glicose no sangue e avan\u00e7os na qualidade do sono.<\/p>\n\n\n\n<p>Os dados indicam que o alinhamento entre biologia e rotina pode potencializar os efeitos positivos da atividade f\u00edsica, especialmente em pessoas com maior risco de doen\u00e7as cardiovasculares.<\/p>\n\n\n\n<figure class=\"wp-block-image size-large\"><img loading=\"lazy\" decoding=\"async\" width=\"1024\" height=\"683\" src=\"https:\/\/acriticatrends.audiencelabs.com.br\/wp-content\/uploads\/2026\/04\/2148995672-1-1024x683.jpg\" alt=\"\" class=\"wp-image-8380\" srcset=\"https:\/\/acriticatrends.audiencelabs.com.br\/wp-content\/uploads\/2026\/04\/2148995672-1-1024x683.jpg 1024w, https:\/\/acriticatrends.audiencelabs.com.br\/wp-content\/uploads\/2026\/04\/2148995672-1-300x200.jpg 300w, https:\/\/acriticatrends.audiencelabs.com.br\/wp-content\/uploads\/2026\/04\/2148995672-1-768x513.jpg 768w, https:\/\/acriticatrends.audiencelabs.com.br\/wp-content\/uploads\/2026\/04\/2148995672-1-750x501.jpg 750w, https:\/\/acriticatrends.audiencelabs.com.br\/wp-content\/uploads\/2026\/04\/2148995672-1-1140x761.jpg 1140w, https:\/\/acriticatrends.audiencelabs.com.br\/wp-content\/uploads\/2026\/04\/2148995672-1.jpg 1500w\" sizes=\"auto, (max-width: 1024px) 100vw, 1024px\" \/><figcaption class=\"wp-element-caption\">Cr\u00e9ditos: Freepik<\/figcaption><\/figure>\n\n\n\n<h2 class=\"wp-block-heading\">Flexibilidade de hor\u00e1rios ganha espa\u00e7o nas academias<\/h2>\n\n\n\n<p>A percep\u00e7\u00e3o de que n\u00e3o existe um \u00fanico hor\u00e1rio ideal para todos tem influenciado o setor fitness. Academias e centros de treinamento t\u00eam ampliado seus hor\u00e1rios de funcionamento para atender diferentes perfis de alunos, incluindo op\u00e7\u00f5es 24 horas em algumas cidades.<\/p>\n\n\n\n<p>Profissionais da \u00e1rea observam que a flexibilidade tem contribu\u00eddo para aumentar a ades\u00e3o aos treinos. Em vez de encaixar o exerc\u00edcio em uma rotina r\u00edgida, mais pessoas est\u00e3o ajustando a pr\u00e1tica ao seu estilo de vida, o que favorece a continuidade.<\/p>\n\n\n\n<p>Apesar disso, especialistas alertam que o hor\u00e1rio, por si s\u00f3, n\u00e3o \u00e9 o fator mais determinante. A consist\u00eancia continua sendo o principal elemento para alcan\u00e7ar resultados duradouros. Manter uma rotina regular de exerc\u00edcios, independentemente do per\u00edodo do dia, \u00e9 essencial para obter benef\u00edcios \u00e0 sa\u00fade.<\/p>\n\n\n\n<h2 class=\"wp-block-heading\">Combina\u00e7\u00e3o de exerc\u00edcios e metas realistas s\u00e3o fundamentais<\/h2>\n\n\n\n<p>Outro ponto destacado por profissionais da sa\u00fade \u00e9 a import\u00e2ncia de diversificar as atividades f\u00edsicas. A combina\u00e7\u00e3o de exerc\u00edcios aer\u00f3bicos com treinos de for\u00e7a tem se mostrado eficaz para melhorar o condicionamento geral, fortalecer m\u00fasculos e reduzir riscos de doen\u00e7as cr\u00f4nicas.<\/p>\n\n\n\n<p>Atividades como caminhada, corrida e ciclismo ajudam na sa\u00fade cardiovascular, enquanto exerc\u00edcios de resist\u00eancia, como muscula\u00e7\u00e3o e treinos isom\u00e9tricos, contribuem para o fortalecimento muscular e controle da press\u00e3o arterial. Al\u00e9m disso, estabelecer metas realistas \u00e9 fundamental para manter a motiva\u00e7\u00e3o. <\/p>\n\n\n\n<p>Objetivos muito ambiciosos podem levar \u00e0 desist\u00eancia precoce, enquanto metas progressivas ajudam a construir uma rotina sustent\u00e1vel. Embora o hor\u00e1rio ideal varie de pessoa para pessoa, especialistas s\u00e3o un\u00e2nimes ao afirmar que o mais importante \u00e9 manter o corpo em movimento. A pr\u00e1tica regular de exerc\u00edcios est\u00e1 associada \u00e0 redu\u00e7\u00e3o do risco de doen\u00e7as cardiovasculares, melhora da sa\u00fade mental e aumento da longevidade.<\/p>\n\n\n\n<figure class=\"wp-block-image size-large\"><img loading=\"lazy\" decoding=\"async\" width=\"1024\" height=\"656\" src=\"https:\/\/acriticatrends.audiencelabs.com.br\/wp-content\/uploads\/2026\/04\/2148756379-1-e1775584858925-1024x656.jpg\" alt=\"\" class=\"wp-image-7027\" srcset=\"https:\/\/acriticatrends.audiencelabs.com.br\/wp-content\/uploads\/2026\/04\/2148756379-1-e1775584858925-1024x656.jpg 1024w, https:\/\/acriticatrends.audiencelabs.com.br\/wp-content\/uploads\/2026\/04\/2148756379-1-e1775584858925-300x192.jpg 300w, https:\/\/acriticatrends.audiencelabs.com.br\/wp-content\/uploads\/2026\/04\/2148756379-1-e1775584858925-768x492.jpg 768w, https:\/\/acriticatrends.audiencelabs.com.br\/wp-content\/uploads\/2026\/04\/2148756379-1-e1775584858925-750x480.jpg 750w, https:\/\/acriticatrends.audiencelabs.com.br\/wp-content\/uploads\/2026\/04\/2148756379-1-e1775584858925-1140x730.jpg 1140w, https:\/\/acriticatrends.audiencelabs.com.br\/wp-content\/uploads\/2026\/04\/2148756379-1-e1775584858925.jpg 1405w\" sizes=\"auto, (max-width: 1024px) 100vw, 1024px\" \/><figcaption class=\"wp-element-caption\">Cr\u00e9ditos: Freepik<\/figcaption><\/figure>\n","protected":false},"excerpt":{"rendered":"<p>A busca por melhores resultados na pr\u00e1tica de atividades f\u00edsicas vai al\u00e9m da escolha do exerc\u00edcio ou da intensidade do treino. Estudos recentes indicam que o hor\u00e1rio em que a atividade \u00e9 realizada pode influenciar diretamente os benef\u00edcios obtidos pelo corpo. A recomenda\u00e7\u00e3o, cada vez mais defendida por especialistas, \u00e9 simples: respeitar o rel\u00f3gio biol\u00f3gico [&hellip;]<\/p>\n","protected":false},"author":2,"featured_media":9039,"comment_status":"open","ping_status":"closed","sticky":false,"template":"","format":"standard","meta":{"jnews-multi-image_gallery":[],"jnews_single_post":{"format":"standard"},"jnews_primary_category":[],"jnews_social_meta":[],"jnews_post_split":[],"footnotes":""},"categories":[55],"tags":[],"class_list":["post-9214","post","type-post","status-publish","format-standard","has-post-thumbnail","hentry","category-trends"],"_links":{"self":[{"href":"https:\/\/acriticatrends.audiencelabs.com.br\/wp-json\/wp\/v2\/posts\/9214","targetHints":{"allow":["GET"]}}],"collection":[{"href":"https:\/\/acriticatrends.audiencelabs.com.br\/wp-json\/wp\/v2\/posts"}],"about":[{"href":"https:\/\/acriticatrends.audiencelabs.com.br\/wp-json\/wp\/v2\/types\/post"}],"author":[{"embeddable":true,"href":"https:\/\/acriticatrends.audiencelabs.com.br\/wp-json\/wp\/v2\/users\/2"}],"replies":[{"embeddable":true,"href":"https:\/\/acriticatrends.audiencelabs.com.br\/wp-json\/wp\/v2\/comments?post=9214"}],"version-history":[{"count":1,"href":"https:\/\/acriticatrends.audiencelabs.com.br\/wp-json\/wp\/v2\/posts\/9214\/revisions"}],"predecessor-version":[{"id":9341,"href":"https:\/\/acriticatrends.audiencelabs.com.br\/wp-json\/wp\/v2\/posts\/9214\/revisions\/9341"}],"wp:featuredmedia":[{"embeddable":true,"href":"https:\/\/acriticatrends.audiencelabs.com.br\/wp-json\/wp\/v2\/media\/9039"}],"wp:attachment":[{"href":"https:\/\/acriticatrends.audiencelabs.com.br\/wp-json\/wp\/v2\/media?parent=9214"}],"wp:term":[{"taxonomy":"category","embeddable":true,"href":"https:\/\/acriticatrends.audiencelabs.com.br\/wp-json\/wp\/v2\/categories?post=9214"},{"taxonomy":"post_tag","embeddable":true,"href":"https:\/\/acriticatrends.audiencelabs.com.br\/wp-json\/wp\/v2\/tags?post=9214"}],"curies":[{"name":"wp","href":"https:\/\/api.w.org\/{rel}","templated":true}]}}