{"id":9215,"date":"2026-04-29T15:45:00","date_gmt":"2026-04-29T18:45:00","guid":{"rendered":"https:\/\/acriticatrends.audiencelabs.com.br\/?p=9215"},"modified":"2026-04-28T13:24:15","modified_gmt":"2026-04-28T16:24:15","slug":"7-plantas-para-cozinha-escolha-a-ideal-para-decorar-o-seu-ambiente","status":"publish","type":"post","link":"https:\/\/acriticatrends.audiencelabs.com.br\/7-plantas-para-cozinha-escolha-a-ideal-para-decorar-o-seu-ambiente\/","title":{"rendered":"7 plantas para cozinha: escolha a ideal para decorar o seu ambiente"},"content":{"rendered":"\n<p>Cada vez mais presente nos projetos de interiores, o uso de plantas na cozinha deixou de ser apenas uma tend\u00eancia est\u00e9tica e passou a representar uma estrat\u00e9gia funcional dentro de casa. Em um ambiente onde se concentram atividades di\u00e1rias e conviv\u00eancia familiar, incluir elementos naturais pode trazer mais leveza, conforto e at\u00e9 praticidade no preparo dos alimentos.<\/p>\n\n\n\n<p>Al\u00e9m de contribu\u00edrem para a decora\u00e7\u00e3o, algumas esp\u00e9cies podem ser utilizadas como temperos frescos, agregando sabor \u00e0s refei\u00e7\u00f5es e incentivando h\u00e1bitos mais saud\u00e1veis. Com a escolha adequada e cuidados simples, \u00e9 poss\u00edvel adaptar diferentes tipos de plantas at\u00e9 mesmo em cozinhas pequenas ou com pouca ilumina\u00e7\u00e3o.<\/p>\n\n\n\n<p>Antes de montar um pequeno \u201cjardim culin\u00e1rio\u201d, \u00e9 importante observar fatores como incid\u00eancia de luz, ventila\u00e7\u00e3o e espa\u00e7o dispon\u00edvel. Cozinhas com janelas amplas permitem o cultivo de esp\u00e9cies que exigem luz direta, enquanto ambientes mais fechados pedem plantas resistentes e adapt\u00e1veis \u00e0 meia-sombra.<\/p>\n\n\n\n<p>Outro ponto essencial \u00e9 considerar a rotina. Quem tem pouco tempo para cuidados deve optar por plantas de baixa manuten\u00e7\u00e3o, que exigem menos regas e podas. J\u00e1 aqueles que gostam de cozinhar podem priorizar ervas arom\u00e1ticas, que unem decora\u00e7\u00e3o e funcionalidade.<\/p>\n\n\n\n<h2 class=\"wp-block-heading\">Suculentas e cactos s\u00e3o op\u00e7\u00f5es pr\u00e1ticas para o dia a dia<\/h2>\n\n\n\n<p>Entre as escolhas mais populares est\u00e3o as suculentas e os cactos. Essas plantas se destacam pela resist\u00eancia e pela facilidade de cultivo, sendo ideais para iniciantes ou para quem tem uma rotina mais corrida. As suculentas armazenam \u00e1gua em suas folhas, o que reduz a necessidade de regas frequentes. <\/p>\n\n\n\n<p>Elas se adaptam bem a vasos pequenos e podem ser posicionadas em bancadas, prateleiras ou pr\u00f3ximas \u00e0 janela. J\u00e1 os cactos, origin\u00e1rios de regi\u00f5es \u00e1ridas, tamb\u00e9m exigem pouca \u00e1gua e se desenvolvem melhor em ambientes com boa ilumina\u00e7\u00e3o.<\/p>\n\n\n\n<figure class=\"wp-block-image size-large\"><img loading=\"lazy\" decoding=\"async\" width=\"1024\" height=\"526\" src=\"https:\/\/acriticatrends.audiencelabs.com.br\/wp-content\/uploads\/2026\/04\/14171-1-1024x526.jpg\" alt=\"\" class=\"wp-image-9343\" srcset=\"https:\/\/acriticatrends.audiencelabs.com.br\/wp-content\/uploads\/2026\/04\/14171-1-1024x526.jpg 1024w, https:\/\/acriticatrends.audiencelabs.com.br\/wp-content\/uploads\/2026\/04\/14171-1-300x154.jpg 300w, https:\/\/acriticatrends.audiencelabs.com.br\/wp-content\/uploads\/2026\/04\/14171-1-768x394.jpg 768w, https:\/\/acriticatrends.audiencelabs.com.br\/wp-content\/uploads\/2026\/04\/14171-1-750x385.jpg 750w, https:\/\/acriticatrends.audiencelabs.com.br\/wp-content\/uploads\/2026\/04\/14171-1-1140x585.jpg 1140w, https:\/\/acriticatrends.audiencelabs.com.br\/wp-content\/uploads\/2026\/04\/14171-1.jpg 1500w\" sizes=\"auto, (max-width: 1024px) 100vw, 1024px\" \/><figcaption class=\"wp-element-caption\">Cr\u00e9ditos: Freepik<\/figcaption><\/figure>\n\n\n\n<h2 class=\"wp-block-heading\">Ervas arom\u00e1ticas unem decora\u00e7\u00e3o e praticidade<\/h2>\n\n\n\n<p>Para quem gosta de cozinhar, cultivar ervas frescas dentro da pr\u00f3pria cozinha pode ser uma solu\u00e7\u00e3o pr\u00e1tica e econ\u00f4mica. O manjeric\u00e3o, por exemplo, \u00e9 uma das op\u00e7\u00f5es mais procuradas. Com aroma marcante, ele \u00e9 amplamente utilizado em molhos, massas e saladas. No entanto, exige luz solar direta e regas frequentes para se manter saud\u00e1vel.<\/p>\n\n\n\n<p>O alecrim tamb\u00e9m \u00e9 bastante utilizado na culin\u00e1ria e se destaca por sua resist\u00eancia. Diferentemente do manjeric\u00e3o, ele precisa de menos \u00e1gua, mas tamb\u00e9m demanda boa incid\u00eancia de luz. Seu aroma intenso contribui para perfumar o ambiente de forma natural.<\/p>\n\n\n\n<p>Outra op\u00e7\u00e3o popular \u00e9 a cebolinha, conhecida pela versatilidade na cozinha brasileira. Ela se adapta bem a vasos e precisa de regas regulares, al\u00e9m de luz direta. Um dos diferenciais \u00e9 a possibilidade de colheita cont\u00ednua, desde que a raiz seja preservada.<\/p>\n\n\n\n<h2 class=\"wp-block-heading\">Plantas ornamentais valorizam a decora\u00e7\u00e3o do ambiente<\/h2>\n\n\n\n<p>Al\u00e9m das ervas, plantas ornamentais tamb\u00e9m podem ser utilizadas para enriquecer o visual da cozinha. A zamioculca, por exemplo, \u00e9 uma das mais indicadas para ambientes internos com pouca luz. Sua resist\u00eancia e baixa necessidade de manuten\u00e7\u00e3o a tornam uma escolha pr\u00e1tica e elegante.<\/p>\n\n\n\n<p>J\u00e1 a espada-de-s\u00e3o-jorge \u00e9 conhecida por sua durabilidade e capacidade de adapta\u00e7\u00e3o. Com folhas longas e firmes, ela pode ser posicionada tanto em bancadas quanto no ch\u00e3o, dependendo do tamanho do vaso. Al\u00e9m disso, \u00e9 frequentemente associada a significados simb\u00f3licos de prote\u00e7\u00e3o.<\/p>\n\n\n\n<p>Para quem busca um toque mais delicado, as violetas s\u00e3o uma alternativa interessante. Com flores coloridas e apar\u00eancia ornamental, elas se adaptam bem a ambientes internos e ajudam a trazer mais vida ao espa\u00e7o. No entanto, exigem aten\u00e7\u00e3o maior com a rega e preferem luz indireta.<\/p>\n\n\n\n<h2 class=\"wp-block-heading\">Organiza\u00e7\u00e3o e posicionamento fazem diferen\u00e7a no resultado<\/h2>\n\n\n\n<p>A forma como as plantas s\u00e3o distribu\u00eddas na cozinha influencia diretamente no resultado est\u00e9tico e na sa\u00fade das esp\u00e9cies. Prateleiras, suportes verticais e parapeitos de janelas s\u00e3o locais estrat\u00e9gicos que permitem aproveitar melhor o espa\u00e7o, especialmente em ambientes compactos.<\/p>\n\n\n\n<p>Al\u00e9m disso, \u00e9 importante utilizar vasos com boa drenagem para evitar o ac\u00famulo de \u00e1gua, que pode prejudicar as ra\u00edzes. A escolha de recipientes tamb\u00e9m pode complementar a decora\u00e7\u00e3o, criando harmonia com o estilo do ambiente.<\/p>\n\n\n\n<p>O uso de plantas na cozinha acompanha uma tend\u00eancia mais ampla de valoriza\u00e7\u00e3o do contato com a natureza dentro de casa. Em meio a rotinas cada vez mais aceleradas, criar espa\u00e7os mais acolhedores e funcionais se tornou prioridade para muitas pessoas.<\/p>\n\n\n\n<p>Ao integrar elementos naturais ao cotidiano, \u00e9 poss\u00edvel transformar a cozinha em um ambiente mais agrad\u00e1vel, estimulando n\u00e3o apenas a conviv\u00eancia, mas tamb\u00e9m h\u00e1bitos mais saud\u00e1veis. Com planejamento e escolhas adequadas, mesmo pequenos espa\u00e7os podem se tornar verdadeiros ref\u00fagios verdes dentro de casa.<\/p>\n\n\n\n<figure class=\"wp-block-image size-large\"><img loading=\"lazy\" decoding=\"async\" width=\"1024\" height=\"681\" src=\"https:\/\/acriticatrends.audiencelabs.com.br\/wp-content\/uploads\/2026\/04\/2151022055-1-1024x681.jpg\" alt=\"\" class=\"wp-image-9344\" srcset=\"https:\/\/acriticatrends.audiencelabs.com.br\/wp-content\/uploads\/2026\/04\/2151022055-1-1024x681.jpg 1024w, https:\/\/acriticatrends.audiencelabs.com.br\/wp-content\/uploads\/2026\/04\/2151022055-1-300x200.jpg 300w, https:\/\/acriticatrends.audiencelabs.com.br\/wp-content\/uploads\/2026\/04\/2151022055-1-768x511.jpg 768w, https:\/\/acriticatrends.audiencelabs.com.br\/wp-content\/uploads\/2026\/04\/2151022055-1-750x499.jpg 750w, https:\/\/acriticatrends.audiencelabs.com.br\/wp-content\/uploads\/2026\/04\/2151022055-1-1140x758.jpg 1140w, https:\/\/acriticatrends.audiencelabs.com.br\/wp-content\/uploads\/2026\/04\/2151022055-1.jpg 1500w\" sizes=\"auto, (max-width: 1024px) 100vw, 1024px\" \/><figcaption class=\"wp-element-caption\">Cr\u00e9ditos: Freepik<\/figcaption><\/figure>\n","protected":false},"excerpt":{"rendered":"<p>Cada vez mais presente nos projetos de interiores, o uso de plantas na cozinha deixou de ser apenas uma tend\u00eancia est\u00e9tica e passou a representar uma estrat\u00e9gia funcional dentro de casa. Em um ambiente onde se concentram atividades di\u00e1rias e conviv\u00eancia familiar, incluir elementos naturais pode trazer mais leveza, conforto e at\u00e9 praticidade no preparo [&hellip;]<\/p>\n","protected":false},"author":2,"featured_media":8191,"comment_status":"open","ping_status":"closed","sticky":false,"template":"","format":"standard","meta":{"jnews-multi-image_gallery":[],"jnews_single_post":{"format":"standard"},"jnews_primary_category":[],"jnews_social_meta":[],"jnews_post_split":[],"footnotes":""},"categories":[55],"tags":[],"class_list":["post-9215","post","type-post","status-publish","format-standard","has-post-thumbnail","hentry","category-trends"],"_links":{"self":[{"href":"https:\/\/acriticatrends.audiencelabs.com.br\/wp-json\/wp\/v2\/posts\/9215","targetHints":{"allow":["GET"]}}],"collection":[{"href":"https:\/\/acriticatrends.audiencelabs.com.br\/wp-json\/wp\/v2\/posts"}],"about":[{"href":"https:\/\/acriticatrends.audiencelabs.com.br\/wp-json\/wp\/v2\/types\/post"}],"author":[{"embeddable":true,"href":"https:\/\/acriticatrends.audiencelabs.com.br\/wp-json\/wp\/v2\/users\/2"}],"replies":[{"embeddable":true,"href":"https:\/\/acriticatrends.audiencelabs.com.br\/wp-json\/wp\/v2\/comments?post=9215"}],"version-history":[{"count":1,"href":"https:\/\/acriticatrends.audiencelabs.com.br\/wp-json\/wp\/v2\/posts\/9215\/revisions"}],"predecessor-version":[{"id":9345,"href":"https:\/\/acriticatrends.audiencelabs.com.br\/wp-json\/wp\/v2\/posts\/9215\/revisions\/9345"}],"wp:featuredmedia":[{"embeddable":true,"href":"https:\/\/acriticatrends.audiencelabs.com.br\/wp-json\/wp\/v2\/media\/8191"}],"wp:attachment":[{"href":"https:\/\/acriticatrends.audiencelabs.com.br\/wp-json\/wp\/v2\/media?parent=9215"}],"wp:term":[{"taxonomy":"category","embeddable":true,"href":"https:\/\/acriticatrends.audiencelabs.com.br\/wp-json\/wp\/v2\/categories?post=9215"},{"taxonomy":"post_tag","embeddable":true,"href":"https:\/\/acriticatrends.audiencelabs.com.br\/wp-json\/wp\/v2\/tags?post=9215"}],"curies":[{"name":"wp","href":"https:\/\/api.w.org\/{rel}","templated":true}]}}