{"id":9219,"date":"2026-05-02T20:15:00","date_gmt":"2026-05-02T23:15:00","guid":{"rendered":"https:\/\/acriticatrends.audiencelabs.com.br\/?p=9219"},"modified":"2026-04-27T16:32:38","modified_gmt":"2026-04-27T19:32:38","slug":"tempo-ideal-de-sono-para-reduzir-o-risco-de-demencia-e-determinado-por-cientistas","status":"publish","type":"post","link":"https:\/\/acriticatrends.audiencelabs.com.br\/tempo-ideal-de-sono-para-reduzir-o-risco-de-demencia-e-determinado-por-cientistas\/","title":{"rendered":"Tempo ideal de sono para reduzir o risco de dem\u00eancia \u00e9 determinado por cientistas"},"content":{"rendered":"\n<p>Dormir bem tem sido cada vez mais apontado como um fator importante para a sa\u00fade do c\u00e9rebro ao longo da vida. No entanto, cientistas agora indicam que existe um tempo considerado ideal de descanso para ajudar a reduzir o risco de dem\u00eancia.<\/p>\n\n\n\n<p>A an\u00e1lise, divulgada pelo Science Alert, reuniu dados de 69 estudos conduzidos por pesquisadores da York University, no Canad\u00e1. Justamente a partir dessa base ampla, foi poss\u00edvel apontar que o tempo ideal de sono fica entre 7 e 8 horas por noite.<\/p>\n\n\n\n<p>Os resultados tamb\u00e9m mostram que dormir menos do que o recomendado eleva o risco em 18%. J\u00e1 per\u00edodos acima do ideal aumentam esse risco em 28%, indicando que o excesso pode ser t\u00e3o prejudicial quanto a falta.<\/p>\n\n\n\n<p>Al\u00e9m do sono, outros h\u00e1bitos foram associados ao aumento das chances de dem\u00eancia ao longo do tempo. Ficar sentado por mais de 8 horas por dia e praticar menos de 150 minutos semanais de atividade f\u00edsica aparecem como fatores de aten\u00e7\u00e3o.<\/p>\n\n\n\n<p>Segundo os cientistas, esses comportamentos podem ser ajustados ao longo da vida. No entanto, os dados apontam apenas associa\u00e7\u00f5es, sem comprovar uma rela\u00e7\u00e3o direta de causa e efeito entre os fatores analisados.<\/p>\n\n\n\n<p>Outro ponto importante envolve a dificuldade de entender o que vem primeiro nesses casos. Em algumas situa\u00e7\u00f5es, dormir demais pode at\u00e9 mesmo indicar o in\u00edcio de doen\u00e7as como o Alzheimer.<\/p>\n\n\n\n<p>O estudo tamb\u00e9m destaca a import\u00e2ncia de manter o corpo em movimento de forma regular. Justamente porque h\u00e1bitos saud\u00e1veis ajudam a manter o fluxo sangu\u00edneo ativo e eliminar res\u00edduos no c\u00e9rebro.<\/p>\n\n\n\n<figure class=\"wp-block-image size-large\"><img loading=\"lazy\" decoding=\"async\" width=\"1024\" height=\"684\" src=\"https:\/\/acriticatrends.audiencelabs.com.br\/wp-content\/uploads\/2026\/04\/14662-1-1-1024x684.jpg\" alt=\"\" class=\"wp-image-9220\" srcset=\"https:\/\/acriticatrends.audiencelabs.com.br\/wp-content\/uploads\/2026\/04\/14662-1-1-1024x684.jpg 1024w, https:\/\/acriticatrends.audiencelabs.com.br\/wp-content\/uploads\/2026\/04\/14662-1-1-300x200.jpg 300w, https:\/\/acriticatrends.audiencelabs.com.br\/wp-content\/uploads\/2026\/04\/14662-1-1-768x513.jpg 768w, https:\/\/acriticatrends.audiencelabs.com.br\/wp-content\/uploads\/2026\/04\/14662-1-1-750x501.jpg 750w, https:\/\/acriticatrends.audiencelabs.com.br\/wp-content\/uploads\/2026\/04\/14662-1-1-1140x761.jpg 1140w, https:\/\/acriticatrends.audiencelabs.com.br\/wp-content\/uploads\/2026\/04\/14662-1-1.jpg 1200w\" sizes=\"auto, (max-width: 1024px) 100vw, 1024px\" \/><figcaption class=\"wp-element-caption\">Cr\u00e9ditos: Freepik<\/figcaption><\/figure>\n\n\n\n<h2 class=\"wp-block-heading\">H\u00e1bitos podem influenciar o risco ao longo da vida<\/h2>\n\n\n\n<p>Com quase 4,5 milh\u00f5es de participantes, a pesquisa chama aten\u00e7\u00e3o pelo alcance e pela diversidade dos dados. No entanto, os cientistas indicam que mais estudos ainda s\u00e3o necess\u00e1rios para entender melhor o impacto do sedentarismo.<\/p>\n","protected":false},"excerpt":{"rendered":"<p>Dormir bem tem sido cada vez mais apontado como um fator importante para a sa\u00fade do c\u00e9rebro ao longo da vida. No entanto, cientistas agora indicam que existe um tempo considerado ideal de descanso para ajudar a reduzir o risco de dem\u00eancia. A an\u00e1lise, divulgada pelo Science Alert, reuniu dados de 69 estudos conduzidos por [&hellip;]<\/p>\n","protected":false},"author":4,"featured_media":9221,"comment_status":"open","ping_status":"closed","sticky":false,"template":"","format":"standard","meta":{"jnews-multi-image_gallery":[],"jnews_single_post":{"format":"standard"},"jnews_primary_category":[],"jnews_social_meta":[],"jnews_post_split":[],"footnotes":""},"categories":[55],"tags":[],"class_list":["post-9219","post","type-post","status-publish","format-standard","has-post-thumbnail","hentry","category-trends"],"_links":{"self":[{"href":"https:\/\/acriticatrends.audiencelabs.com.br\/wp-json\/wp\/v2\/posts\/9219","targetHints":{"allow":["GET"]}}],"collection":[{"href":"https:\/\/acriticatrends.audiencelabs.com.br\/wp-json\/wp\/v2\/posts"}],"about":[{"href":"https:\/\/acriticatrends.audiencelabs.com.br\/wp-json\/wp\/v2\/types\/post"}],"author":[{"embeddable":true,"href":"https:\/\/acriticatrends.audiencelabs.com.br\/wp-json\/wp\/v2\/users\/4"}],"replies":[{"embeddable":true,"href":"https:\/\/acriticatrends.audiencelabs.com.br\/wp-json\/wp\/v2\/comments?post=9219"}],"version-history":[{"count":2,"href":"https:\/\/acriticatrends.audiencelabs.com.br\/wp-json\/wp\/v2\/posts\/9219\/revisions"}],"predecessor-version":[{"id":9745,"href":"https:\/\/acriticatrends.audiencelabs.com.br\/wp-json\/wp\/v2\/posts\/9219\/revisions\/9745"}],"wp:featuredmedia":[{"embeddable":true,"href":"https:\/\/acriticatrends.audiencelabs.com.br\/wp-json\/wp\/v2\/media\/9221"}],"wp:attachment":[{"href":"https:\/\/acriticatrends.audiencelabs.com.br\/wp-json\/wp\/v2\/media?parent=9219"}],"wp:term":[{"taxonomy":"category","embeddable":true,"href":"https:\/\/acriticatrends.audiencelabs.com.br\/wp-json\/wp\/v2\/categories?post=9219"},{"taxonomy":"post_tag","embeddable":true,"href":"https:\/\/acriticatrends.audiencelabs.com.br\/wp-json\/wp\/v2\/tags?post=9219"}],"curies":[{"name":"wp","href":"https:\/\/api.w.org\/{rel}","templated":true}]}}