{"id":9238,"date":"2026-04-28T19:15:00","date_gmt":"2026-04-28T22:15:00","guid":{"rendered":"https:\/\/acriticatrends.audiencelabs.com.br\/?p=9238"},"modified":"2026-04-27T21:51:07","modified_gmt":"2026-04-28T00:51:07","slug":"segundo-estado-mais-seguro-do-norte-investe-r-328-milhoes-em-novo-complexo-prisional","status":"publish","type":"post","link":"https:\/\/acriticatrends.audiencelabs.com.br\/segundo-estado-mais-seguro-do-norte-investe-r-328-milhoes-em-novo-complexo-prisional\/","title":{"rendered":"Segundo estado mais seguro do Norte investe R$ 32,8 milh\u00f5es em novo complexo prisional"},"content":{"rendered":"\n<p>O segundo estado mais seguro da Regi\u00e3o Norte anunciou um investimento de R$ 32,8 milh\u00f5es em um novo complexo prisional, ampliando sua estrutura e capacidade no sistema penal. A iniciativa refor\u00e7a justamente a estrat\u00e9gia de fortalecer a seguran\u00e7a por meio de melhorias estruturais.<\/p>\n\n\n\n<p>O Tocantins alcan\u00e7a essa posi\u00e7\u00e3o no ranking com base na taxa de homic\u00eddios por 100 mil habitantes. Esse indicador, no entanto, est\u00e1 diretamente ligado ao trabalho das Divis\u00f5es Especializadas de Homic\u00eddios e Prote\u00e7\u00e3o \u00e0 Pessoa.<\/p>\n\n\n\n<p>O estudo faz parte do Anu\u00e1rio Cidades Mais Seguras do Brasil 2025, elaborado pela MySide com dados do Minist\u00e9rio da Sa\u00fade e do IBGE. Palmas e Aragua\u00edna foram analisadas, sendo as \u00fanicas cidades com mais de 100 mil habitantes no estado.<\/p>\n\n\n\n<p>Para o Sindepol\/TO, o resultado refor\u00e7a a atua\u00e7\u00e3o das equipes especializadas. O presidente Emerson Moura destaca que a redu\u00e7\u00e3o da viol\u00eancia est\u00e1 ligada \u00e0 investiga\u00e7\u00e3o t\u00e9cnica e cont\u00ednua dos profissionais.<\/p>\n\n\n\n<p>No entanto, o principal avan\u00e7o recente est\u00e1 na constru\u00e7\u00e3o do Complexo Prisional Serra do Carmo, em Aparecida de Rio Negro. A obra recebeu investimento superior a R$ 32,8 milh\u00f5es e ter\u00e1 capacidade para 603 vagas.<\/p>\n\n\n\n<p>Al\u00e9m disso, o projeto inclui estrutura acess\u00edvel e melhores condi\u00e7\u00f5es de cust\u00f3dia. O estado tamb\u00e9m investiu em moderniza\u00e7\u00e3o, com equipamentos, viaturas e tecnologia de monitoramento, al\u00e9m de mais de R$ 800 mil em parcerias.<\/p>\n\n\n\n<figure class=\"wp-block-image size-large\"><img loading=\"lazy\" decoding=\"async\" width=\"1024\" height=\"625\" src=\"https:\/\/acriticatrends.audiencelabs.com.br\/wp-content\/uploads\/2026\/04\/marcio-vieira-1-1024x625.jpg\" alt=\"\" class=\"wp-image-9239\" srcset=\"https:\/\/acriticatrends.audiencelabs.com.br\/wp-content\/uploads\/2026\/04\/marcio-vieira-1-1024x625.jpg 1024w, https:\/\/acriticatrends.audiencelabs.com.br\/wp-content\/uploads\/2026\/04\/marcio-vieira-1-300x183.jpg 300w, https:\/\/acriticatrends.audiencelabs.com.br\/wp-content\/uploads\/2026\/04\/marcio-vieira-1-768x468.jpg 768w, https:\/\/acriticatrends.audiencelabs.com.br\/wp-content\/uploads\/2026\/04\/marcio-vieira-1-750x458.jpg 750w, https:\/\/acriticatrends.audiencelabs.com.br\/wp-content\/uploads\/2026\/04\/marcio-vieira-1-1140x695.jpg 1140w, https:\/\/acriticatrends.audiencelabs.com.br\/wp-content\/uploads\/2026\/04\/marcio-vieira-1.jpg 1200w\" sizes=\"auto, (max-width: 1024px) 100vw, 1024px\" \/><figcaption class=\"wp-element-caption\">Cr\u00e9ditos: M\u00e1rcio Vieira\/ATN<\/figcaption><\/figure>\n\n\n\n<h2 class=\"wp-block-heading\">Moderniza\u00e7\u00e3o e refor\u00e7o no sistema penal<\/h2>\n\n\n\n<p>O governador Wanderlei Barbosa afirmou que os investimentos s\u00e3o cont\u00ednuos e buscam melhorar o sistema. J\u00e1 o secret\u00e1rio H\u00e9lio Pereira Marques destacou que as a\u00e7\u00f5es fortalecem a gest\u00e3o e contribuem para a ressocializa\u00e7\u00e3o.<\/p>\n\n\n\n<p>At\u00e9 mesmo o sistema foi ampliado com novos servidores, cria\u00e7\u00e3o de espa\u00e7os operacionais e uso de tecnologia. O estado tamb\u00e9m registrou crescimento no Encceja PPL 2025, passando de 590 para 664 certificados.<\/p>\n","protected":false},"excerpt":{"rendered":"<p>O segundo estado mais seguro da Regi\u00e3o Norte anunciou um investimento de R$ 32,8 milh\u00f5es em um novo complexo prisional, ampliando sua estrutura e capacidade no sistema penal. A iniciativa refor\u00e7a justamente a estrat\u00e9gia de fortalecer a seguran\u00e7a por meio de melhorias estruturais. O Tocantins alcan\u00e7a essa posi\u00e7\u00e3o no ranking com base na taxa de [&hellip;]<\/p>\n","protected":false},"author":4,"featured_media":9240,"comment_status":"open","ping_status":"closed","sticky":false,"template":"","format":"standard","meta":{"jnews-multi-image_gallery":[],"jnews_single_post":{"format":"standard"},"jnews_primary_category":[],"jnews_social_meta":[],"jnews_post_split":[],"footnotes":""},"categories":[55],"tags":[],"class_list":["post-9238","post","type-post","status-publish","format-standard","has-post-thumbnail","hentry","category-trends"],"_links":{"self":[{"href":"https:\/\/acriticatrends.audiencelabs.com.br\/wp-json\/wp\/v2\/posts\/9238","targetHints":{"allow":["GET"]}}],"collection":[{"href":"https:\/\/acriticatrends.audiencelabs.com.br\/wp-json\/wp\/v2\/posts"}],"about":[{"href":"https:\/\/acriticatrends.audiencelabs.com.br\/wp-json\/wp\/v2\/types\/post"}],"author":[{"embeddable":true,"href":"https:\/\/acriticatrends.audiencelabs.com.br\/wp-json\/wp\/v2\/users\/4"}],"replies":[{"embeddable":true,"href":"https:\/\/acriticatrends.audiencelabs.com.br\/wp-json\/wp\/v2\/comments?post=9238"}],"version-history":[{"count":1,"href":"https:\/\/acriticatrends.audiencelabs.com.br\/wp-json\/wp\/v2\/posts\/9238\/revisions"}],"predecessor-version":[{"id":9241,"href":"https:\/\/acriticatrends.audiencelabs.com.br\/wp-json\/wp\/v2\/posts\/9238\/revisions\/9241"}],"wp:featuredmedia":[{"embeddable":true,"href":"https:\/\/acriticatrends.audiencelabs.com.br\/wp-json\/wp\/v2\/media\/9240"}],"wp:attachment":[{"href":"https:\/\/acriticatrends.audiencelabs.com.br\/wp-json\/wp\/v2\/media?parent=9238"}],"wp:term":[{"taxonomy":"category","embeddable":true,"href":"https:\/\/acriticatrends.audiencelabs.com.br\/wp-json\/wp\/v2\/categories?post=9238"},{"taxonomy":"post_tag","embeddable":true,"href":"https:\/\/acriticatrends.audiencelabs.com.br\/wp-json\/wp\/v2\/tags?post=9238"}],"curies":[{"name":"wp","href":"https:\/\/api.w.org\/{rel}","templated":true}]}}