{"id":9242,"date":"2026-04-28T08:32:00","date_gmt":"2026-04-28T11:32:00","guid":{"rendered":"https:\/\/acriticatrends.audiencelabs.com.br\/?p=9242"},"modified":"2026-04-28T12:24:23","modified_gmt":"2026-04-28T15:24:23","slug":"feriado-e-confirmado-segunda-feira-04-05-e-trabalhadores-brasileiros-poderao-descansar-um-dia-a-mais","status":"publish","type":"post","link":"https:\/\/acriticatrends.audiencelabs.com.br\/feriado-e-confirmado-segunda-feira-04-05-e-trabalhadores-brasileiros-poderao-descansar-um-dia-a-mais\/","title":{"rendered":"Feriado \u00e9 confirmado segunda-feira 04\/05 e trabalhadores brasileiros poder\u00e3o descansar um dia a mais"},"content":{"rendered":"\n<p>Com dois feriados em sequ\u00eancia em dias \u00fateis, trabalhadores ter\u00e3o direito a mais um dia de descanso em alguns lugares do Brasil. Al\u00e9m do Dia do Trabalhador, que ocorre nesta sexta-feira (1), milhares de profissionais poder\u00e3o aproveitar o tempo livre na pr\u00f3xima segunda, dia 4 de maio.<\/p>\n\n\n\n<p>A data marca a celebra\u00e7\u00e3o do anivers\u00e1rio de algumas cidades pa\u00eds afora, configurando feriado municipal. Sendo assim, os cidad\u00e3os dessas determinadas localidades ter\u00e3o direito a um dia a mais de descanso que o restante do territ\u00f3rio nacional. Para aqueles que n\u00e3o atuam aos finais de semana, ser\u00e3o quatro dias seguidos de folga.<\/p>\n\n\n<div class=\"wp-block-image\">\n<figure class=\"aligncenter size-large\"><img loading=\"lazy\" decoding=\"async\" width=\"1024\" height=\"683\" src=\"https:\/\/acriticatrends.audiencelabs.com.br\/wp-content\/uploads\/2026\/04\/8155-1-1-1024x683.jpg\" alt=\"\" class=\"wp-image-9244\" srcset=\"https:\/\/acriticatrends.audiencelabs.com.br\/wp-content\/uploads\/2026\/04\/8155-1-1-1024x683.jpg 1024w, https:\/\/acriticatrends.audiencelabs.com.br\/wp-content\/uploads\/2026\/04\/8155-1-1-300x200.jpg 300w, https:\/\/acriticatrends.audiencelabs.com.br\/wp-content\/uploads\/2026\/04\/8155-1-1-768x512.jpg 768w, https:\/\/acriticatrends.audiencelabs.com.br\/wp-content\/uploads\/2026\/04\/8155-1-1-750x500.jpg 750w, https:\/\/acriticatrends.audiencelabs.com.br\/wp-content\/uploads\/2026\/04\/8155-1-1-1140x760.jpg 1140w, https:\/\/acriticatrends.audiencelabs.com.br\/wp-content\/uploads\/2026\/04\/8155-1-1.jpg 1500w\" sizes=\"auto, (max-width: 1024px) 100vw, 1024px\" \/><figcaption class=\"wp-element-caption\">Cr\u00e9ditos: Freepik<\/figcaption><\/figure>\n<\/div>\n\n\n<p>Quanto ao 1\u00ba de maio, a data \u00e9 considerada feriado nacional pela Consolida\u00e7\u00e3o das Leis do Trabalho (CLT). O dia homenageia a luta hist\u00f3rica por melhores condi\u00e7\u00f5es de trabalho. Em 1886, sindicatos realizaram greves por jornadas de 8 horas e demais benef\u00edcios em Chicago, nos Estados Unidos.<\/p>\n\n\n\n<p>Milhares de profissionais participaram das manifesta\u00e7\u00f5es. Na \u00e9poca, a jornada de trabalho chegava a 17 horas. O conflito mais marcante foi a Revolta de Haymarket, que terminou com mortes e execu\u00e7\u00f5es de l\u00edderes sindicais por parte da pol\u00edcia de Chicago.<\/p>\n\n\n\n<p>Em 1889, a Segunda Internacional Socialista, reunida em Paris, oficializou o 1\u00ba de maio como dia de manifesta\u00e7\u00e3o pela jornada de 8 horas. Aqui no Brasil, o feriado passou a ser reconhecido em 1924 e foi usado por Get\u00falio Vargas para anunciar direitos trabalhistas com a cria\u00e7\u00e3o da CLT, em 1943<\/p>\n\n\n\n<h2 class=\"wp-block-heading\">Veja abaixo os munic\u00edpios que ter\u00e3o um feriado em 04\/05<\/h2>\n\n\n\n<p>Al\u00e9m do feriado nacional no dia 1\u00ba, trabalhadores destas cidades brasileiras poder\u00e3o descansar mais um dia, visto que h\u00e1 feriado municipal no dia 4 de maio. Confira abaixo:<\/p>\n\n\n\n<ul class=\"wp-block-list\">\n<li>Ic\u00f3 (CE) &#8211; Anivers\u00e1rio do munic\u00edpio<\/li>\n\n\n\n<li>Belterra (PA) &#8211; Anivers\u00e1rio do munic\u00edpio<\/li>\n\n\n\n<li>Jaboat\u00e3o dos Guararapes (PE) &#8211; Anivers\u00e1rio do munic\u00edpio<\/li>\n\n\n\n<li>General C\u00e2mara (RS) &#8211; Anivers\u00e1rio do munic\u00edpio<\/li>\n\n\n\n<li>Glorinha (RS) &#8211; Anivers\u00e1rio do munic\u00edpio<\/li>\n\n\n\n<li>Ararangu\u00e1 (SC) &#8211; Feriado dedicado a Nossa Senhora M\u00e3e dos Homens, padroeira da cidade<\/li>\n\n\n\n<li>Est\u00e2ncia (SE) &#8211; Anivers\u00e1rio do munic\u00edpio<\/li>\n\n\n\n<li>Maraca\u00ed (SP) &#8211; Anivers\u00e1rio do munic\u00edpio<\/li>\n<\/ul>\n","protected":false},"excerpt":{"rendered":"<p>Com dois feriados em sequ\u00eancia em dias \u00fateis, trabalhadores ter\u00e3o direito a mais um dia de descanso em alguns lugares do Brasil. Al\u00e9m do Dia do Trabalhador, que ocorre nesta sexta-feira (1), milhares de profissionais poder\u00e3o aproveitar o tempo livre na pr\u00f3xima segunda, dia 4 de maio. A data marca a celebra\u00e7\u00e3o do anivers\u00e1rio de [&hellip;]<\/p>\n","protected":false},"author":13,"featured_media":9243,"comment_status":"open","ping_status":"closed","sticky":false,"template":"","format":"standard","meta":{"jnews-multi-image_gallery":[],"jnews_single_post":{"format":"standard"},"jnews_primary_category":[],"jnews_social_meta":[],"jnews_post_split":[],"footnotes":""},"categories":[55],"tags":[],"class_list":["post-9242","post","type-post","status-publish","format-standard","has-post-thumbnail","hentry","category-trends"],"_links":{"self":[{"href":"https:\/\/acriticatrends.audiencelabs.com.br\/wp-json\/wp\/v2\/posts\/9242","targetHints":{"allow":["GET"]}}],"collection":[{"href":"https:\/\/acriticatrends.audiencelabs.com.br\/wp-json\/wp\/v2\/posts"}],"about":[{"href":"https:\/\/acriticatrends.audiencelabs.com.br\/wp-json\/wp\/v2\/types\/post"}],"author":[{"embeddable":true,"href":"https:\/\/acriticatrends.audiencelabs.com.br\/wp-json\/wp\/v2\/users\/13"}],"replies":[{"embeddable":true,"href":"https:\/\/acriticatrends.audiencelabs.com.br\/wp-json\/wp\/v2\/comments?post=9242"}],"version-history":[{"count":1,"href":"https:\/\/acriticatrends.audiencelabs.com.br\/wp-json\/wp\/v2\/posts\/9242\/revisions"}],"predecessor-version":[{"id":9245,"href":"https:\/\/acriticatrends.audiencelabs.com.br\/wp-json\/wp\/v2\/posts\/9242\/revisions\/9245"}],"wp:featuredmedia":[{"embeddable":true,"href":"https:\/\/acriticatrends.audiencelabs.com.br\/wp-json\/wp\/v2\/media\/9243"}],"wp:attachment":[{"href":"https:\/\/acriticatrends.audiencelabs.com.br\/wp-json\/wp\/v2\/media?parent=9242"}],"wp:term":[{"taxonomy":"category","embeddable":true,"href":"https:\/\/acriticatrends.audiencelabs.com.br\/wp-json\/wp\/v2\/categories?post=9242"},{"taxonomy":"post_tag","embeddable":true,"href":"https:\/\/acriticatrends.audiencelabs.com.br\/wp-json\/wp\/v2\/tags?post=9242"}],"curies":[{"name":"wp","href":"https:\/\/api.w.org\/{rel}","templated":true}]}}