{"id":9246,"date":"2026-04-28T10:15:00","date_gmt":"2026-04-28T13:15:00","guid":{"rendered":"https:\/\/acriticatrends.audiencelabs.com.br\/?p=9246"},"modified":"2026-04-28T07:36:10","modified_gmt":"2026-04-28T10:36:10","slug":"antigo-campeao-da-formula-1-vira-maratonista-e-corre-42-km","status":"publish","type":"post","link":"https:\/\/acriticatrends.audiencelabs.com.br\/antigo-campeao-da-formula-1-vira-maratonista-e-corre-42-km\/","title":{"rendered":"Antigo campe\u00e3o da F\u00f3rmula 1 vira maratonista e corre 42 km"},"content":{"rendered":"\n<p>Um dos maiores campe\u00f5es da F\u00f3rmula 1 abandonou as pistas e resolveu se aventurar em outra modalidade. Aos 38 anos de idade, aposentado, o ex-piloto Sebastian Vettel voltou a ser citado no notici\u00e1rio esportivo ao correr pela primeira vez uma maratona.<\/p>\n\n\n\n<p>O alem\u00e3o foi um dos que completou a prova realizada em Londres, na Inglaterra, na manh\u00e3 do \u00faltimo domingo (26). O tetracampe\u00e3o mundial completou os 42 km nas ruas da capital inglesa em 2h59m8s, mostrando que est\u00e1 com o preparo f\u00edsico em dia.<\/p>\n\n\n<div class=\"wp-block-image\">\n<figure class=\"aligncenter size-large\"><img loading=\"lazy\" decoding=\"async\" width=\"1024\" height=\"815\" src=\"https:\/\/acriticatrends.audiencelabs.com.br\/wp-content\/uploads\/2026\/04\/SaveClip.App_544793663_18001028474815912_3536695244954770462_n-1-e1777372512607-1024x815.jpg\" alt=\"\" class=\"wp-image-9247\" srcset=\"https:\/\/acriticatrends.audiencelabs.com.br\/wp-content\/uploads\/2026\/04\/SaveClip.App_544793663_18001028474815912_3536695244954770462_n-1-e1777372512607-1024x815.jpg 1024w, https:\/\/acriticatrends.audiencelabs.com.br\/wp-content\/uploads\/2026\/04\/SaveClip.App_544793663_18001028474815912_3536695244954770462_n-1-e1777372512607-300x239.jpg 300w, https:\/\/acriticatrends.audiencelabs.com.br\/wp-content\/uploads\/2026\/04\/SaveClip.App_544793663_18001028474815912_3536695244954770462_n-1-e1777372512607-768x611.jpg 768w, https:\/\/acriticatrends.audiencelabs.com.br\/wp-content\/uploads\/2026\/04\/SaveClip.App_544793663_18001028474815912_3536695244954770462_n-1-e1777372512607-750x597.jpg 750w, https:\/\/acriticatrends.audiencelabs.com.br\/wp-content\/uploads\/2026\/04\/SaveClip.App_544793663_18001028474815912_3536695244954770462_n-1-e1777372512607-1140x907.jpg 1140w, https:\/\/acriticatrends.audiencelabs.com.br\/wp-content\/uploads\/2026\/04\/SaveClip.App_544793663_18001028474815912_3536695244954770462_n-1-e1777372512607.jpg 1200w\" sizes=\"auto, (max-width: 1024px) 100vw, 1024px\" \/><figcaption class=\"wp-element-caption\">Cr\u00e9ditos: Instagram\/Sebastian Vettel<\/figcaption><\/figure>\n<\/div>\n\n\n<p>Em entrevista concedida \u00e0 BBC Sports, ap\u00f3s a corrida, Vettel falou sobre a experi\u00eancia e revelou que era um sonho participar de uma maratona. O ex-piloto tinha como meta completar a prova em menos de tr\u00eas horas e, para atingir o objetivo, fez uma prepara\u00e7\u00e3o que incluiu corrida e ciclismo.<\/p>\n\n\n\n<p>\u201cObviamente, para me manter sempre em forma, fiz muita corrida, muito ciclismo. Ent\u00e3o, pensei que j\u00e1 era tempo [de correr uma maratona]. Claro que coloquei para mim mesmo um objetivo ambicioso, que eu consegui atingir: eu queria completar a prova em menos de 3 horas, o que eu fiz, ent\u00e3o estou muito feliz com isso. Mas acho que estou ainda mais feliz que completei a maratona. Ter vivido a experi\u00eancia&#8230; S\u00f3 posso recomendar que as pessoas se inscrevam, eu vou me inscrever e tentar&#8221;, disse.<\/p>\n\n\n\n<h2 class=\"wp-block-heading\">Vettel fez hist\u00f3ria na F\u00f3rmula 1<\/h2>\n\n\n\n<p>Sem d\u00favidas, Sebastian Vettel ocupa um lugar especial no hall dos maiores pilotos de todos os tempos da F\u00f3rmula 1. Ele se tornou um dos mais jovens a conquistar um campeonato mundial ao vencer em 2010, pela Red Bull.<\/p>\n\n\n\n<p>Nas tr\u00eas temporadas seguintes, emendou mais tr\u00eas trof\u00e9us, tornando-se, assim, tetracampe\u00e3o do mundo. Feito que o coloca ao lado de Max Verstappen e Alain Prost, outros dois tetracampe\u00f5es.<\/p>\n\n\n\n<p>Em termos de t\u00edtulos, os tr\u00eas s\u00f3 ficam abaixo de Juan Manuel Fangio, que faturou cinco, e Michael Schumacher e Lewis Hamilton, que ganharam sete vezes cada um.<\/p>\n","protected":false},"excerpt":{"rendered":"<p>Um dos maiores campe\u00f5es da F\u00f3rmula 1 abandonou as pistas e resolveu se aventurar em outra modalidade. Aos 38 anos de idade, aposentado, o ex-piloto Sebastian Vettel voltou a ser citado no notici\u00e1rio esportivo ao correr pela primeira vez uma maratona. O alem\u00e3o foi um dos que completou a prova realizada em Londres, na Inglaterra, [&hellip;]<\/p>\n","protected":false},"author":13,"featured_media":8613,"comment_status":"open","ping_status":"closed","sticky":false,"template":"","format":"standard","meta":{"jnews-multi-image_gallery":[],"jnews_single_post":{"format":"standard"},"jnews_primary_category":[],"jnews_social_meta":[],"jnews_post_split":[],"footnotes":""},"categories":[55],"tags":[],"class_list":["post-9246","post","type-post","status-publish","format-standard","has-post-thumbnail","hentry","category-trends"],"_links":{"self":[{"href":"https:\/\/acriticatrends.audiencelabs.com.br\/wp-json\/wp\/v2\/posts\/9246","targetHints":{"allow":["GET"]}}],"collection":[{"href":"https:\/\/acriticatrends.audiencelabs.com.br\/wp-json\/wp\/v2\/posts"}],"about":[{"href":"https:\/\/acriticatrends.audiencelabs.com.br\/wp-json\/wp\/v2\/types\/post"}],"author":[{"embeddable":true,"href":"https:\/\/acriticatrends.audiencelabs.com.br\/wp-json\/wp\/v2\/users\/13"}],"replies":[{"embeddable":true,"href":"https:\/\/acriticatrends.audiencelabs.com.br\/wp-json\/wp\/v2\/comments?post=9246"}],"version-history":[{"count":1,"href":"https:\/\/acriticatrends.audiencelabs.com.br\/wp-json\/wp\/v2\/posts\/9246\/revisions"}],"predecessor-version":[{"id":9248,"href":"https:\/\/acriticatrends.audiencelabs.com.br\/wp-json\/wp\/v2\/posts\/9246\/revisions\/9248"}],"wp:featuredmedia":[{"embeddable":true,"href":"https:\/\/acriticatrends.audiencelabs.com.br\/wp-json\/wp\/v2\/media\/8613"}],"wp:attachment":[{"href":"https:\/\/acriticatrends.audiencelabs.com.br\/wp-json\/wp\/v2\/media?parent=9246"}],"wp:term":[{"taxonomy":"category","embeddable":true,"href":"https:\/\/acriticatrends.audiencelabs.com.br\/wp-json\/wp\/v2\/categories?post=9246"},{"taxonomy":"post_tag","embeddable":true,"href":"https:\/\/acriticatrends.audiencelabs.com.br\/wp-json\/wp\/v2\/tags?post=9246"}],"curies":[{"name":"wp","href":"https:\/\/api.w.org\/{rel}","templated":true}]}}