{"id":9249,"date":"2026-05-03T05:45:00","date_gmt":"2026-05-03T08:45:00","guid":{"rendered":"https:\/\/acriticatrends.audiencelabs.com.br\/?p=9249"},"modified":"2026-04-30T14:54:13","modified_gmt":"2026-04-30T17:54:13","slug":"adversario-do-palmeiras-copia-o-verdao-e-passa-a-ter-gramado-sintetico-no-estadio","status":"publish","type":"post","link":"https:\/\/acriticatrends.audiencelabs.com.br\/adversario-do-palmeiras-copia-o-verdao-e-passa-a-ter-gramado-sintetico-no-estadio\/","title":{"rendered":"Advers\u00e1rio do Palmeiras copia o Verd\u00e3o e passa a ter gramado sint\u00e9tico no est\u00e1dio"},"content":{"rendered":"\n<p>Um dos advers\u00e1rios mais tradicionais do Palmeiras no futebol paulista resolveu seguir os passos do Verd\u00e3o. A exemplo do Allianz Parque, casa do clube alviverde, o Juventus trocou o gramado do Est\u00e1dio da Rua Javari e agora tamb\u00e9m atua no sint\u00e9tico.<\/p>\n\n\n\n<p>O novo piso do charmoso est\u00e1dio localizado no bairro da Mooca foi aprovado nos testes da Fifa recentemente e recebeu a certifica\u00e7\u00e3o Fifa Quality Pro, concedida pela entidade m\u00e1xima do futebol ap\u00f3s an\u00e1lise t\u00e9cnica rigorosa. Com isso, o campo est\u00e1 autorizado a receber partidas de todas as divis\u00f5es nacionais e torneios internacionais.<\/p>\n\n\n\n<p>Foram avaliados pela federa\u00e7\u00e3o crit\u00e9rios como amortecimento do campo, com medi\u00e7\u00f5es de absor\u00e7\u00e3o de impacto, nivelamento da superf\u00edcie (planimetria) e o chamado AAA (Atleta Avan\u00e7ado Artificial), equipamento que simula o comportamento do corpo de um jogador em contato com o solo e analisa par\u00e2metros como retorno de energia e seguran\u00e7a.<\/p>\n\n\n<div class=\"wp-block-image\">\n<figure class=\"aligncenter size-full\"><img loading=\"lazy\" decoding=\"async\" width=\"1024\" height=\"924\" src=\"https:\/\/acriticatrends.audiencelabs.com.br\/wp-content\/uploads\/2026\/04\/SaveClip.App_639835060_18441484168112559_185812047650230473_n-1-e1775684082199-1024x924-1.jpg\" alt=\"\" class=\"wp-image-9250\" srcset=\"https:\/\/acriticatrends.audiencelabs.com.br\/wp-content\/uploads\/2026\/04\/SaveClip.App_639835060_18441484168112559_185812047650230473_n-1-e1775684082199-1024x924-1.jpg 1024w, https:\/\/acriticatrends.audiencelabs.com.br\/wp-content\/uploads\/2026\/04\/SaveClip.App_639835060_18441484168112559_185812047650230473_n-1-e1775684082199-1024x924-1-300x271.jpg 300w, https:\/\/acriticatrends.audiencelabs.com.br\/wp-content\/uploads\/2026\/04\/SaveClip.App_639835060_18441484168112559_185812047650230473_n-1-e1775684082199-1024x924-1-768x693.jpg 768w, https:\/\/acriticatrends.audiencelabs.com.br\/wp-content\/uploads\/2026\/04\/SaveClip.App_639835060_18441484168112559_185812047650230473_n-1-e1775684082199-1024x924-1-750x677.jpg 750w\" sizes=\"auto, (max-width: 1024px) 100vw, 1024px\" \/><figcaption class=\"wp-element-caption\">Cr\u00e9ditos: Instagram\/Juventus<br><\/figcaption><\/figure>\n<\/div>\n\n\n<p>A decis\u00e3o de fazer a mudan\u00e7a de grama natural para grama sint\u00e9tica veio pouco depois de a tradicional agremia\u00e7\u00e3o se tornar SAF, em outubro de 2025. A respons\u00e1vel pela implementa\u00e7\u00e3o do novo tipo de piso foi a Soccer Grass, que tamb\u00e9m cuida do gramado da casa do Palmeiras.<\/p>\n\n\n\n<p>\u201cIsso mostra o comprometimento do Juventus SAF em nos procurar para realizar esse gramado e essa parceria foi um sucesso desde o primeiro dia que firmamos\u201d, disse Alessandro Oliveira, CEO da Soccer Grass.<\/p>\n\n\n\n<h2 class=\"wp-block-heading\">Juventus v\u00ea retorno da grama sint\u00e9tica<\/h2>\n\n\n\n<p>Apesar do pouco tempo, o Moleque Travesso j\u00e1 come\u00e7ou a ver os primeiros resultados do investimento feito na troca de gramado. A m\u00e9dia de p\u00fablico da Rua Javari, por exemplo, aumentou em 36% em rela\u00e7\u00e3o \u00e0 \u00faltima temporada. Al\u00e9m disso, o time soma milh\u00f5es de reais em contratos com novos patrocinadores.<\/p>\n\n\n\n<p>Em campo, o projeto do time \u00e9 chegar a elite do futebol paulista em breve, bem como dar passos largos a n\u00edvel nacional. O Juventus atualmente disputa a S\u00e9rie A2 do Paulist\u00e3o, e vislumbra o acesso \u00e0 elite ap\u00f3s 18 anos.<\/p>\n","protected":false},"excerpt":{"rendered":"<p>Um dos advers\u00e1rios mais tradicionais do Palmeiras no futebol paulista resolveu seguir os passos do Verd\u00e3o. A exemplo do Allianz Parque, casa do clube alviverde, o Juventus trocou o gramado do Est\u00e1dio da Rua Javari e agora tamb\u00e9m atua no sint\u00e9tico. O novo piso do charmoso est\u00e1dio localizado no bairro da Mooca foi aprovado nos [&hellip;]<\/p>\n","protected":false},"author":13,"featured_media":8810,"comment_status":"open","ping_status":"closed","sticky":false,"template":"","format":"standard","meta":{"jnews-multi-image_gallery":[],"jnews_single_post":{"format":"standard"},"jnews_primary_category":[],"jnews_social_meta":[],"jnews_post_split":[],"footnotes":""},"categories":[55],"tags":[],"class_list":["post-9249","post","type-post","status-publish","format-standard","has-post-thumbnail","hentry","category-trends"],"_links":{"self":[{"href":"https:\/\/acriticatrends.audiencelabs.com.br\/wp-json\/wp\/v2\/posts\/9249","targetHints":{"allow":["GET"]}}],"collection":[{"href":"https:\/\/acriticatrends.audiencelabs.com.br\/wp-json\/wp\/v2\/posts"}],"about":[{"href":"https:\/\/acriticatrends.audiencelabs.com.br\/wp-json\/wp\/v2\/types\/post"}],"author":[{"embeddable":true,"href":"https:\/\/acriticatrends.audiencelabs.com.br\/wp-json\/wp\/v2\/users\/13"}],"replies":[{"embeddable":true,"href":"https:\/\/acriticatrends.audiencelabs.com.br\/wp-json\/wp\/v2\/comments?post=9249"}],"version-history":[{"count":1,"href":"https:\/\/acriticatrends.audiencelabs.com.br\/wp-json\/wp\/v2\/posts\/9249\/revisions"}],"predecessor-version":[{"id":9251,"href":"https:\/\/acriticatrends.audiencelabs.com.br\/wp-json\/wp\/v2\/posts\/9249\/revisions\/9251"}],"wp:featuredmedia":[{"embeddable":true,"href":"https:\/\/acriticatrends.audiencelabs.com.br\/wp-json\/wp\/v2\/media\/8810"}],"wp:attachment":[{"href":"https:\/\/acriticatrends.audiencelabs.com.br\/wp-json\/wp\/v2\/media?parent=9249"}],"wp:term":[{"taxonomy":"category","embeddable":true,"href":"https:\/\/acriticatrends.audiencelabs.com.br\/wp-json\/wp\/v2\/categories?post=9249"},{"taxonomy":"post_tag","embeddable":true,"href":"https:\/\/acriticatrends.audiencelabs.com.br\/wp-json\/wp\/v2\/tags?post=9249"}],"curies":[{"name":"wp","href":"https:\/\/api.w.org\/{rel}","templated":true}]}}