{"id":9254,"date":"2026-04-28T09:06:00","date_gmt":"2026-04-28T12:06:00","guid":{"rendered":"https:\/\/acriticatrends.audiencelabs.com.br\/?p=9254"},"modified":"2026-04-28T08:42:36","modified_gmt":"2026-04-28T11:42:36","slug":"empresa-de-tecnologia-separa-r-200-milhoes-para-construir-nova-fabrica-em-area-com-670-mil-m%c2%b2-no-norte","status":"publish","type":"post","link":"https:\/\/acriticatrends.audiencelabs.com.br\/empresa-de-tecnologia-separa-r-200-milhoes-para-construir-nova-fabrica-em-area-com-670-mil-m%c2%b2-no-norte\/","title":{"rendered":"Empresa de tecnologia separa R$ 200 milh\u00f5es para construir nova f\u00e1brica em \u00e1rea com 670 mil m\u00b2 no Norte"},"content":{"rendered":"\n<p>Uma das principais empresas de telecomunica\u00e7\u00e3o do Brasil, a Intelbras ir\u00e1 investir milh\u00f5es de reais para construir uma nova f\u00e1brica no Norte do pa\u00eds. O empreendimento da companhia de tecnologia ficar\u00e1 localizado em um terreno de cerca de 670 mil metros quadrados em Manaus, no Amazonas.<\/p>\n\n\n\n<p>Para adquirir a \u00e1rea, a empresa desembolsou R$ 19,4 milh\u00f5es. Ao longo dos pr\u00f3ximos 18 meses, ser\u00e3o investidos cerca de R$ 200 milh\u00f5es entre prepara\u00e7\u00e3o do terreno, execu\u00e7\u00e3o das obras e aquisi\u00e7\u00e3o de infraestrutura fabril e administrativa. O aporte dever\u00e1 somar recursos pr\u00f3prios e de investidores.<\/p>\n\n\n\n<p>Segundo a Intelbras, a movimenta\u00e7\u00e3o faz parte de uma estrat\u00e9gia para suportar o aumento da demanda do setor, principalmente no que diz respeito a solu\u00e7\u00f5es voltadas \u00e0 seguran\u00e7a, um dos bra\u00e7os de neg\u00f3cios do grupo \u2013 que tamb\u00e9m atua na fabrica\u00e7\u00e3o de equipamentos de comunica\u00e7\u00e3o e energia solar.<\/p>\n\n\n<div class=\"wp-block-image\">\n<figure class=\"aligncenter size-large\"><img loading=\"lazy\" decoding=\"async\" width=\"1024\" height=\"576\" src=\"https:\/\/acriticatrends.audiencelabs.com.br\/wp-content\/uploads\/2026\/04\/foto-24-1024x576.webp\" alt=\"\" class=\"wp-image-9255\" srcset=\"https:\/\/acriticatrends.audiencelabs.com.br\/wp-content\/uploads\/2026\/04\/foto-24-1024x576.webp 1024w, https:\/\/acriticatrends.audiencelabs.com.br\/wp-content\/uploads\/2026\/04\/foto-24-300x169.webp 300w, https:\/\/acriticatrends.audiencelabs.com.br\/wp-content\/uploads\/2026\/04\/foto-24-768x432.webp 768w, https:\/\/acriticatrends.audiencelabs.com.br\/wp-content\/uploads\/2026\/04\/foto-24-1536x864.webp 1536w, https:\/\/acriticatrends.audiencelabs.com.br\/wp-content\/uploads\/2026\/04\/foto-24-750x422.webp 750w, https:\/\/acriticatrends.audiencelabs.com.br\/wp-content\/uploads\/2026\/04\/foto-24-1140x641.webp 1140w, https:\/\/acriticatrends.audiencelabs.com.br\/wp-content\/uploads\/2026\/04\/foto-24.webp 1600w\" sizes=\"auto, (max-width: 1024px) 100vw, 1024px\" \/><figcaption class=\"wp-element-caption\">Cr\u00e9ditos: Divulga\u00e7\u00e3o\/Intelbras<\/figcaption><\/figure>\n<\/div>\n\n\n<p>No come\u00e7o de abril, a companhia j\u00e1 havia dado sinais de que poderia ampliar a f\u00e1brica na Zona Franca, em opera\u00e7\u00e3o desde 2009, visando aproveitar os benef\u00edcios fiscais oferecidos \u00e0s ind\u00fastrias instaladas na regi\u00e3o. Considerada um porto seguro, a unidade produz equipamentos de CFTV, usados em sistemas de seguran\u00e7a e circuitos fechados de televis\u00e3o, e conta com 1,2 mil funcion\u00e1rios.<\/p>\n\n\n\n<h2 class=\"wp-block-heading\">Intelbras possui cinco f\u00e1bricas no Brasil<\/h2>\n\n\n\n<p>Atualmente, al\u00e9m da unidade de Manaus, a empresa de telecomunica\u00e7\u00e3o tem sua produ\u00e7\u00e3o dividida em quatro outras f\u00e1bricas: S\u00e3o Jos\u00e9 (Santa Catarina), Tubar\u00e3o (Santa Catarina), Santa Rita do Sapuca\u00ed (Minas Gerais) e Jaboat\u00e3o dos Guararapes (Pernambuco).<\/p>\n\n\n\n<p>Fundada em 1976, no estado de Santa Catarina, a Intelbras \u00e9 uma fabricante de produtos e solu\u00e7\u00f5es em seguran\u00e7a, comunica\u00e7\u00e3o, redes e energia. Ela atua em gerenciamento de imagens, centrais condominiais, na fabrica\u00e7\u00e3o de produtos de seguran\u00e7a eletr\u00f4nica, switches e em telefonia.<\/p>\n\n\n\n<p>Em 2021, o grupo ficou com o segundo lugar da categoria fornecedores de solu\u00e7\u00f5es de IoT, na d\u00e9cima edi\u00e7\u00e3o do pr\u00eamio Anu\u00e1rio TeleS\u00edntese de Inova\u00e7\u00e3o.<\/p>\n","protected":false},"excerpt":{"rendered":"<p>Uma das principais empresas de telecomunica\u00e7\u00e3o do Brasil, a Intelbras ir\u00e1 investir milh\u00f5es de reais para construir uma nova f\u00e1brica no Norte do pa\u00eds. O empreendimento da companhia de tecnologia ficar\u00e1 localizado em um terreno de cerca de 670 mil metros quadrados em Manaus, no Amazonas. Para adquirir a \u00e1rea, a empresa desembolsou R$ 19,4 [&hellip;]<\/p>\n","protected":false},"author":13,"featured_media":9256,"comment_status":"open","ping_status":"closed","sticky":false,"template":"","format":"standard","meta":{"jnews-multi-image_gallery":[],"jnews_single_post":{"format":"standard"},"jnews_primary_category":[],"jnews_social_meta":[],"jnews_post_split":[],"footnotes":""},"categories":[55],"tags":[],"class_list":["post-9254","post","type-post","status-publish","format-standard","has-post-thumbnail","hentry","category-trends"],"_links":{"self":[{"href":"https:\/\/acriticatrends.audiencelabs.com.br\/wp-json\/wp\/v2\/posts\/9254","targetHints":{"allow":["GET"]}}],"collection":[{"href":"https:\/\/acriticatrends.audiencelabs.com.br\/wp-json\/wp\/v2\/posts"}],"about":[{"href":"https:\/\/acriticatrends.audiencelabs.com.br\/wp-json\/wp\/v2\/types\/post"}],"author":[{"embeddable":true,"href":"https:\/\/acriticatrends.audiencelabs.com.br\/wp-json\/wp\/v2\/users\/13"}],"replies":[{"embeddable":true,"href":"https:\/\/acriticatrends.audiencelabs.com.br\/wp-json\/wp\/v2\/comments?post=9254"}],"version-history":[{"count":1,"href":"https:\/\/acriticatrends.audiencelabs.com.br\/wp-json\/wp\/v2\/posts\/9254\/revisions"}],"predecessor-version":[{"id":9257,"href":"https:\/\/acriticatrends.audiencelabs.com.br\/wp-json\/wp\/v2\/posts\/9254\/revisions\/9257"}],"wp:featuredmedia":[{"embeddable":true,"href":"https:\/\/acriticatrends.audiencelabs.com.br\/wp-json\/wp\/v2\/media\/9256"}],"wp:attachment":[{"href":"https:\/\/acriticatrends.audiencelabs.com.br\/wp-json\/wp\/v2\/media?parent=9254"}],"wp:term":[{"taxonomy":"category","embeddable":true,"href":"https:\/\/acriticatrends.audiencelabs.com.br\/wp-json\/wp\/v2\/categories?post=9254"},{"taxonomy":"post_tag","embeddable":true,"href":"https:\/\/acriticatrends.audiencelabs.com.br\/wp-json\/wp\/v2\/tags?post=9254"}],"curies":[{"name":"wp","href":"https:\/\/api.w.org\/{rel}","templated":true}]}}