{"id":9258,"date":"2026-04-28T09:42:00","date_gmt":"2026-04-28T12:42:00","guid":{"rendered":"https:\/\/acriticatrends.audiencelabs.com.br\/?p=9258"},"modified":"2026-04-28T12:20:56","modified_gmt":"2026-04-28T15:20:56","slug":"idosos-que-completam-65-anos-em-2026-tem-direito-a-novo-beneficio-de-r-1-62100","status":"publish","type":"post","link":"https:\/\/acriticatrends.audiencelabs.com.br\/idosos-que-completam-65-anos-em-2026-tem-direito-a-novo-beneficio-de-r-1-62100\/","title":{"rendered":"Idosos que completam 65 anos em 2026 t\u00eam direito a novo benef\u00edcio de R$ 1.621,00"},"content":{"rendered":"\n<p>Os idosos que completam 65 anos de idade em 2026 t\u00eam direito a um benef\u00edcio no valor de R$ 1.621,00. As pessoas dessa faixa et\u00e1ria continuam tendo um peso relevante dentro da seguridade social e da assist\u00eancia social no territ\u00f3rio brasileiro, algo que se manter\u00e1 daqui por diante nas pol\u00edticas p\u00fablicas e na legisla\u00e7\u00e3o.<\/p>\n\n\n\n<p>Benef\u00edcios para idosos n\u00e3o \u00e9 algo novo, tendo em vista que essa parcela da popula\u00e7\u00e3o conta com uma s\u00e9rie de direitos assegurados pela lei. Esses benef\u00edcios fazem parte da estrutura de prote\u00e7\u00e3o social brasileira, dentre os quais destaca-se o BPC.<\/p>\n\n\n\n<p>O Benef\u00edcio de Presta\u00e7\u00e3o Continuada \u00e9 um programa importante da assist\u00eancia social brasileira, que garante um sal\u00e1rio m\u00ednimo mensal aos cidad\u00e3os com mais de 65 anos de idade de baixa renda. Ou seja, n\u00e3o se aplica de forma autom\u00e1tica a todos os idosos, mas sim a uma determinada parte desse grupo.<\/p>\n\n\n<div class=\"wp-block-image\">\n<figure class=\"aligncenter size-large\"><img loading=\"lazy\" decoding=\"async\" width=\"1024\" height=\"576\" src=\"https:\/\/acriticatrends.audiencelabs.com.br\/wp-content\/uploads\/2026\/03\/STOCK_SHOT_090525_DF_INSS_frame_2311-1024x576.webp\" alt=\"INSS\" class=\"wp-image-4127\" srcset=\"https:\/\/acriticatrends.audiencelabs.com.br\/wp-content\/uploads\/2026\/03\/STOCK_SHOT_090525_DF_INSS_frame_2311-1024x576.webp 1024w, https:\/\/acriticatrends.audiencelabs.com.br\/wp-content\/uploads\/2026\/03\/STOCK_SHOT_090525_DF_INSS_frame_2311-300x169.webp 300w, https:\/\/acriticatrends.audiencelabs.com.br\/wp-content\/uploads\/2026\/03\/STOCK_SHOT_090525_DF_INSS_frame_2311-768x432.webp 768w, https:\/\/acriticatrends.audiencelabs.com.br\/wp-content\/uploads\/2026\/03\/STOCK_SHOT_090525_DF_INSS_frame_2311-750x422.webp 750w, https:\/\/acriticatrends.audiencelabs.com.br\/wp-content\/uploads\/2026\/03\/STOCK_SHOT_090525_DF_INSS_frame_2311-1140x641.webp 1140w, https:\/\/acriticatrends.audiencelabs.com.br\/wp-content\/uploads\/2026\/03\/STOCK_SHOT_090525_DF_INSS_frame_2311.webp 1200w\" sizes=\"auto, (max-width: 1024px) 100vw, 1024px\" \/><figcaption class=\"wp-element-caption\">Cr\u00e9ditos: Reprodu\u00e7\u00e3o\/CNN<\/figcaption><\/figure>\n<\/div>\n\n\n<p>Para ter acesso ao BPC, \u00e9 preciso atender aos seguintes crit\u00e9rios:<\/p>\n\n\n\n<ul class=\"wp-block-list\">\n<li>Ter 65 anos ou mais;<\/li>\n\n\n\n<li>Comprovar renda familiar baixa;<\/li>\n\n\n\n<li>Estar inscrito no Cadastro \u00danico;<\/li>\n\n\n\n<li>Passar por an\u00e1lise de elegibilidade social.<\/li>\n<\/ul>\n\n\n\n<p>Em meio a discuss\u00f5es sobre envelhecimento populacional e sustentabilidade da previd\u00eancia, propostas e pol\u00edticas p\u00fablicas voltadas \u00e0 inclus\u00e3o social, renda m\u00ednima e qualidade de vida s\u00e3o fundamentais para garantir a dignidade da popula\u00e7\u00e3o idosa.<\/p>\n\n\n\n<h2 class=\"wp-block-heading\">Aten\u00e7\u00e3o idosos: BPC n\u00e3o \u00e9 aposentadoria<\/h2>\n\n\n\n<p>Conv\u00e9m destacar que o BPC n\u00e3o \u00e9 aposentadoria. Tanto que para ingressar no programa n\u00e3o \u00e9 preciso ter contribu\u00eddo para o INSS. Al\u00e9m disso, ele tamb\u00e9m n\u00e3o paga 13\u00ba sal\u00e1rio ao benefici\u00e1rio e n\u00e3o deixa pens\u00e3o por morte.<\/p>\n\n\n\n<p>Diferentemente de outros aux\u00edlios previdenci\u00e1rios, o Benef\u00edcio de Presta\u00e7\u00e3o Continuada \u00e9 revisado periodicamente para saber se o benefici\u00e1rio ainda atende aos crit\u00e9rios que deram origem ao benef\u00edcio. Caso contr\u00e1rio, a verba \u00e9 cortada.<\/p>\n\n\n\n<p>Segundo dados mais recentes, o n\u00famero de benefici\u00e1rios cresce de forma cont\u00ednua. Hoje, cerca de 6,5 milh\u00f5es de pessoas recebem o BPC no Brasil.<\/p>\n","protected":false},"excerpt":{"rendered":"<p>Os idosos que completam 65 anos de idade em 2026 t\u00eam direito a um benef\u00edcio no valor de R$ 1.621,00. As pessoas dessa faixa et\u00e1ria continuam tendo um peso relevante dentro da seguridade social e da assist\u00eancia social no territ\u00f3rio brasileiro, algo que se manter\u00e1 daqui por diante nas pol\u00edticas p\u00fablicas e na legisla\u00e7\u00e3o. Benef\u00edcios [&hellip;]<\/p>\n","protected":false},"author":13,"featured_media":7693,"comment_status":"open","ping_status":"closed","sticky":false,"template":"","format":"standard","meta":{"jnews-multi-image_gallery":[],"jnews_single_post":{"format":"standard"},"jnews_primary_category":[],"jnews_social_meta":[],"jnews_post_split":[],"footnotes":""},"categories":[55],"tags":[],"class_list":["post-9258","post","type-post","status-publish","format-standard","has-post-thumbnail","hentry","category-trends"],"_links":{"self":[{"href":"https:\/\/acriticatrends.audiencelabs.com.br\/wp-json\/wp\/v2\/posts\/9258","targetHints":{"allow":["GET"]}}],"collection":[{"href":"https:\/\/acriticatrends.audiencelabs.com.br\/wp-json\/wp\/v2\/posts"}],"about":[{"href":"https:\/\/acriticatrends.audiencelabs.com.br\/wp-json\/wp\/v2\/types\/post"}],"author":[{"embeddable":true,"href":"https:\/\/acriticatrends.audiencelabs.com.br\/wp-json\/wp\/v2\/users\/13"}],"replies":[{"embeddable":true,"href":"https:\/\/acriticatrends.audiencelabs.com.br\/wp-json\/wp\/v2\/comments?post=9258"}],"version-history":[{"count":2,"href":"https:\/\/acriticatrends.audiencelabs.com.br\/wp-json\/wp\/v2\/posts\/9258\/revisions"}],"predecessor-version":[{"id":9311,"href":"https:\/\/acriticatrends.audiencelabs.com.br\/wp-json\/wp\/v2\/posts\/9258\/revisions\/9311"}],"wp:featuredmedia":[{"embeddable":true,"href":"https:\/\/acriticatrends.audiencelabs.com.br\/wp-json\/wp\/v2\/media\/7693"}],"wp:attachment":[{"href":"https:\/\/acriticatrends.audiencelabs.com.br\/wp-json\/wp\/v2\/media?parent=9258"}],"wp:term":[{"taxonomy":"category","embeddable":true,"href":"https:\/\/acriticatrends.audiencelabs.com.br\/wp-json\/wp\/v2\/categories?post=9258"},{"taxonomy":"post_tag","embeddable":true,"href":"https:\/\/acriticatrends.audiencelabs.com.br\/wp-json\/wp\/v2\/tags?post=9258"}],"curies":[{"name":"wp","href":"https:\/\/api.w.org\/{rel}","templated":true}]}}