{"id":9263,"date":"2026-04-28T10:52:00","date_gmt":"2026-04-28T13:52:00","guid":{"rendered":"https:\/\/acriticatrends.audiencelabs.com.br\/?p=9263"},"modified":"2026-04-28T10:15:18","modified_gmt":"2026-04-28T13:15:18","slug":"fluminense-deve-mandar-2-medalhoes-embora-apos-a-chegada-de-hulk","status":"publish","type":"post","link":"https:\/\/acriticatrends.audiencelabs.com.br\/fluminense-deve-mandar-2-medalhoes-embora-apos-a-chegada-de-hulk\/","title":{"rendered":"Fluminense deve mandar 2 medalh\u00f5es embora ap\u00f3s a chegada de Hulk"},"content":{"rendered":"\n<p>Apontado como poss\u00edvel destino de Hulk, o Fluminense est\u00e1 preparando a sa\u00edda de dois medalh\u00f5es do elenco. Dois dos principais nomes da hist\u00f3ria recente do clube, o meia-atacante Paulo Henrique Ganso e o centroavante Germ\u00e1n Cano devem fazer sua \u00faltima temporada vestindo a camisa tricolor em 2026.<\/p>\n\n\n\n<p>Tanto o meia quanto o atacante possuem contrato somente at\u00e9 dezembro. Ao que tudo indica, os compromissos n\u00e3o ser\u00e3o renovados. Diante da queda de rendimento de ambos, que antes eram protagonistas da equipe, dificilmente eles far\u00e3o parte dos planos da jornada de 2027 sob o comando do t\u00e9cnico Luis Zubeld\u00eda.<\/p>\n\n\n\n<p>Pode ser que a situa\u00e7\u00e3o de Ganso seja revista at\u00e9 dezembro, a depender de seu desempenho at\u00e9 l\u00e1 e das necessidades do elenco para o ano que vem. J\u00e1 no caso de Cano o que pesa mais \u00e9 a parte f\u00edsica. O argentino tem sofrido com les\u00f5es nas \u00faltimas temporada e n\u00e3o \u00e9 mais nenhum garoto (38 anos).<\/p>\n\n\n<div class=\"wp-block-image\">\n<figure class=\"aligncenter size-large\"><img loading=\"lazy\" decoding=\"async\" width=\"1024\" height=\"683\" src=\"https:\/\/acriticatrends.audiencelabs.com.br\/wp-content\/uploads\/2026\/04\/53835998453_d5d13ee7fe_k-1-1024x683.jpg\" alt=\"\" class=\"wp-image-9265\" srcset=\"https:\/\/acriticatrends.audiencelabs.com.br\/wp-content\/uploads\/2026\/04\/53835998453_d5d13ee7fe_k-1-1024x683.jpg 1024w, https:\/\/acriticatrends.audiencelabs.com.br\/wp-content\/uploads\/2026\/04\/53835998453_d5d13ee7fe_k-1-300x200.jpg 300w, https:\/\/acriticatrends.audiencelabs.com.br\/wp-content\/uploads\/2026\/04\/53835998453_d5d13ee7fe_k-1-768x512.jpg 768w, https:\/\/acriticatrends.audiencelabs.com.br\/wp-content\/uploads\/2026\/04\/53835998453_d5d13ee7fe_k-1-1536x1024.jpg 1536w, https:\/\/acriticatrends.audiencelabs.com.br\/wp-content\/uploads\/2026\/04\/53835998453_d5d13ee7fe_k-1-750x500.jpg 750w, https:\/\/acriticatrends.audiencelabs.com.br\/wp-content\/uploads\/2026\/04\/53835998453_d5d13ee7fe_k-1-1140x760.jpg 1140w, https:\/\/acriticatrends.audiencelabs.com.br\/wp-content\/uploads\/2026\/04\/53835998453_d5d13ee7fe_k-1.jpg 2048w\" sizes=\"auto, (max-width: 1024px) 100vw, 1024px\" \/><figcaption class=\"wp-element-caption\">Cr\u00e9ditos: LUCAS MER\u00c7ON \/ FLUMINENSE FC<\/figcaption><\/figure>\n<\/div>\n\n\n<p>Ganso e Cano s\u00e3o s\u00edmbolos da conquista da Copa Libertadores da Am\u00e9rica de 2023, t\u00edtulo mais importante da hist\u00f3ria do time das Laranjeiras. Se as sa\u00eddas se confirmarem, com certeza a dupla ser\u00e1 bastante homenageada tanto pela institui\u00e7\u00e3o quanto pela torcida tricolor, que tem um carinho especial pelos atletas.<\/p>\n\n\n\n<h2 class=\"wp-block-heading\">Fluminense pode ser o destino de Hulk<\/h2>\n\n\n\n<p>Tudo caminha para o rompimento do casamento entre Hulk e Atl\u00e9tico-MG. \u00c9 desejo do jogador e da diretoria alvinegra encerrar o v\u00ednculo por agora e, assim, garantir uma sa\u00edda digna do \u00eddolo sem a necessidade de arranhar mais sua imagem perante a torcida.<\/p>\n\n\n\n<p>Galo e Flu quase chegaram a um acordo para acertar a transfer\u00eancia do camisa 7 em janeiro, o que acabou n\u00e3o se concretizando. Na \u00e9poca, exig\u00eancias feitas pela equipe mineira inviabilizaram o neg\u00f3cio.<\/p>\n\n\n\n<p>Agora, a expectativa \u00e9 de que, finalmente, as partes se entendam. Aos 39 anos de idade, o atacante veterano indica que ainda tem muita lenha para queimar dentro das quatro linhas.<\/p>\n","protected":false},"excerpt":{"rendered":"<p>Apontado como poss\u00edvel destino de Hulk, o Fluminense est\u00e1 preparando a sa\u00edda de dois medalh\u00f5es do elenco. Dois dos principais nomes da hist\u00f3ria recente do clube, o meia-atacante Paulo Henrique Ganso e o centroavante Germ\u00e1n Cano devem fazer sua \u00faltima temporada vestindo a camisa tricolor em 2026. Tanto o meia quanto o atacante possuem contrato [&hellip;]<\/p>\n","protected":false},"author":13,"featured_media":9264,"comment_status":"open","ping_status":"closed","sticky":false,"template":"","format":"standard","meta":{"jnews-multi-image_gallery":[],"jnews_single_post":{"format":"standard"},"jnews_primary_category":[],"jnews_social_meta":[],"jnews_post_split":[],"footnotes":""},"categories":[55],"tags":[],"class_list":["post-9263","post","type-post","status-publish","format-standard","has-post-thumbnail","hentry","category-trends"],"_links":{"self":[{"href":"https:\/\/acriticatrends.audiencelabs.com.br\/wp-json\/wp\/v2\/posts\/9263","targetHints":{"allow":["GET"]}}],"collection":[{"href":"https:\/\/acriticatrends.audiencelabs.com.br\/wp-json\/wp\/v2\/posts"}],"about":[{"href":"https:\/\/acriticatrends.audiencelabs.com.br\/wp-json\/wp\/v2\/types\/post"}],"author":[{"embeddable":true,"href":"https:\/\/acriticatrends.audiencelabs.com.br\/wp-json\/wp\/v2\/users\/13"}],"replies":[{"embeddable":true,"href":"https:\/\/acriticatrends.audiencelabs.com.br\/wp-json\/wp\/v2\/comments?post=9263"}],"version-history":[{"count":1,"href":"https:\/\/acriticatrends.audiencelabs.com.br\/wp-json\/wp\/v2\/posts\/9263\/revisions"}],"predecessor-version":[{"id":9266,"href":"https:\/\/acriticatrends.audiencelabs.com.br\/wp-json\/wp\/v2\/posts\/9263\/revisions\/9266"}],"wp:featuredmedia":[{"embeddable":true,"href":"https:\/\/acriticatrends.audiencelabs.com.br\/wp-json\/wp\/v2\/media\/9264"}],"wp:attachment":[{"href":"https:\/\/acriticatrends.audiencelabs.com.br\/wp-json\/wp\/v2\/media?parent=9263"}],"wp:term":[{"taxonomy":"category","embeddable":true,"href":"https:\/\/acriticatrends.audiencelabs.com.br\/wp-json\/wp\/v2\/categories?post=9263"},{"taxonomy":"post_tag","embeddable":true,"href":"https:\/\/acriticatrends.audiencelabs.com.br\/wp-json\/wp\/v2\/tags?post=9263"}],"curies":[{"name":"wp","href":"https:\/\/api.w.org\/{rel}","templated":true}]}}