{"id":9272,"date":"2026-04-28T12:50:00","date_gmt":"2026-04-28T15:50:00","guid":{"rendered":"https:\/\/acriticatrends.audiencelabs.com.br\/?p=9272"},"modified":"2026-04-28T10:32:42","modified_gmt":"2026-04-28T13:32:42","slug":"brasileiros-vao-parar-de-receber-o-abono-salarial-do-pis-pasep","status":"publish","type":"post","link":"https:\/\/acriticatrends.audiencelabs.com.br\/brasileiros-vao-parar-de-receber-o-abono-salarial-do-pis-pasep\/","title":{"rendered":"Brasileiros v\u00e3o parar de receber o abono salarial do PIS\/Pasep"},"content":{"rendered":"\n<p>As novas regras do abono salarial do PIS\/Pasep devem impactar milh\u00f5es de trabalhadores nos pr\u00f3ximos anos. A estimativa do Minist\u00e9rio do Trabalho aponta que cerca de 4,5 milh\u00f5es deixar\u00e3o de receber o benef\u00edcio at\u00e9 2030. A mudan\u00e7a ocorre de forma gradual.<\/p>\n\n\n\n<p>O ajuste est\u00e1 ligado \u00e0 nova pol\u00edtica de corre\u00e7\u00e3o dos crit\u00e9rios de renda. A partir de 2026, o limite salarial para acesso ao abono ser\u00e1 reajustado apenas pela infla\u00e7\u00e3o. Enquanto isso, o sal\u00e1rio m\u00ednimo continuar\u00e1 tendo aumento real.<\/p>\n\n\n\n<h2 class=\"wp-block-heading\">Regra mais restritiva reduz acesso ao benef\u00edcio<\/h2>\n\n\n\n<p>At\u00e9 2025, o abono era pago a trabalhadores que recebiam at\u00e9 dois sal\u00e1rios m\u00ednimos. Com a nova regra, esse limite come\u00e7a a cair progressivamente. Isso reduz o n\u00famero de pessoas enquadradas nos crit\u00e9rios exigidos.<\/p>\n\n\n\n<p>Em 2026, por exemplo, o teto ser\u00e1 equivalente a cerca de 1,96 sal\u00e1rio m\u00ednimo. J\u00e1 em 2027, o limite cai para aproximadamente 1,89 sal\u00e1rio m\u00ednimo. A tend\u00eancia continua nos anos seguintes, restringindo ainda mais o acesso.<\/p>\n\n\n\n<p>A proje\u00e7\u00e3o indica que, em 2030, apenas quem recebe at\u00e9 1,77 sal\u00e1rio m\u00ednimo poder\u00e1 receber o abono. Com isso, o n\u00famero de exclu\u00eddos do benef\u00edcio cresce ano a ano. A medida faz parte de um processo de transi\u00e7\u00e3o fiscal.<\/p>\n\n\n\n<p>O governo argumenta que a mudan\u00e7a busca preservar o equil\u00edbrio do Fundo de Amparo ao Trabalhador. Al\u00e9m disso, pretende direcionar melhor os recursos para trabalhadores de menor renda. A adapta\u00e7\u00e3o ser\u00e1 gradual ao longo dos anos.<\/p>\n\n\n\n<figure class=\"wp-block-image size-large\"><img loading=\"lazy\" decoding=\"async\" width=\"1024\" height=\"613\" src=\"https:\/\/acriticatrends.audiencelabs.com.br\/wp-content\/uploads\/2026\/03\/caixa_fgts_mcmgo_abr_13091923084-1024x613.jpg\" alt=\"\" class=\"wp-image-5783\" srcset=\"https:\/\/acriticatrends.audiencelabs.com.br\/wp-content\/uploads\/2026\/03\/caixa_fgts_mcmgo_abr_13091923084-1024x613.jpg 1024w, https:\/\/acriticatrends.audiencelabs.com.br\/wp-content\/uploads\/2026\/03\/caixa_fgts_mcmgo_abr_13091923084-300x180.jpg 300w, https:\/\/acriticatrends.audiencelabs.com.br\/wp-content\/uploads\/2026\/03\/caixa_fgts_mcmgo_abr_13091923084-768x460.jpg 768w, https:\/\/acriticatrends.audiencelabs.com.br\/wp-content\/uploads\/2026\/03\/caixa_fgts_mcmgo_abr_13091923084-750x449.jpg 750w, https:\/\/acriticatrends.audiencelabs.com.br\/wp-content\/uploads\/2026\/03\/caixa_fgts_mcmgo_abr_13091923084-1140x682.jpg 1140w, https:\/\/acriticatrends.audiencelabs.com.br\/wp-content\/uploads\/2026\/03\/caixa_fgts_mcmgo_abr_13091923084.jpg 1200w\" sizes=\"auto, (max-width: 1024px) 100vw, 1024px\" \/><figcaption class=\"wp-element-caption\">Cr\u00e9ditos: Marcelo Camargo\/Ag\u00eancia Brasil<\/figcaption><\/figure>\n\n\n\n<h2 class=\"wp-block-heading\">Gastos seguem em alta mesmo com restri\u00e7\u00e3o<\/h2>\n\n\n\n<p>Apesar da redu\u00e7\u00e3o no n\u00famero de benefici\u00e1rios, os gastos totais com o abono devem aumentar. Isso ocorre devido \u00e0 expans\u00e3o do emprego formal no pa\u00eds. A base de trabalhadores com carteira assinada tende a crescer.<\/p>\n\n\n\n<p>As proje\u00e7\u00f5es indicam que o n\u00famero de \u0995\u09b0\u09cd\u09aeadores formais pode chegar a 67 milh\u00f5es at\u00e9 2030. Em 2026, esse total era inferior a 60 milh\u00f5es. Esse avan\u00e7o impacta diretamente o volume de recursos destinados ao benef\u00edcio.<\/p>\n","protected":false},"excerpt":{"rendered":"<p>As novas regras do abono salarial do PIS\/Pasep devem impactar milh\u00f5es de trabalhadores nos pr\u00f3ximos anos. A estimativa do Minist\u00e9rio do Trabalho aponta que cerca de 4,5 milh\u00f5es deixar\u00e3o de receber o benef\u00edcio at\u00e9 2030. A mudan\u00e7a ocorre de forma gradual. O ajuste est\u00e1 ligado \u00e0 nova pol\u00edtica de corre\u00e7\u00e3o dos crit\u00e9rios de renda. A [&hellip;]<\/p>\n","protected":false},"author":12,"featured_media":9273,"comment_status":"open","ping_status":"closed","sticky":false,"template":"","format":"standard","meta":{"jnews-multi-image_gallery":[],"jnews_single_post":{"format":"standard"},"jnews_primary_category":[],"jnews_social_meta":[],"jnews_post_split":[],"footnotes":""},"categories":[55],"tags":[],"class_list":["post-9272","post","type-post","status-publish","format-standard","has-post-thumbnail","hentry","category-trends"],"_links":{"self":[{"href":"https:\/\/acriticatrends.audiencelabs.com.br\/wp-json\/wp\/v2\/posts\/9272","targetHints":{"allow":["GET"]}}],"collection":[{"href":"https:\/\/acriticatrends.audiencelabs.com.br\/wp-json\/wp\/v2\/posts"}],"about":[{"href":"https:\/\/acriticatrends.audiencelabs.com.br\/wp-json\/wp\/v2\/types\/post"}],"author":[{"embeddable":true,"href":"https:\/\/acriticatrends.audiencelabs.com.br\/wp-json\/wp\/v2\/users\/12"}],"replies":[{"embeddable":true,"href":"https:\/\/acriticatrends.audiencelabs.com.br\/wp-json\/wp\/v2\/comments?post=9272"}],"version-history":[{"count":1,"href":"https:\/\/acriticatrends.audiencelabs.com.br\/wp-json\/wp\/v2\/posts\/9272\/revisions"}],"predecessor-version":[{"id":9274,"href":"https:\/\/acriticatrends.audiencelabs.com.br\/wp-json\/wp\/v2\/posts\/9272\/revisions\/9274"}],"wp:featuredmedia":[{"embeddable":true,"href":"https:\/\/acriticatrends.audiencelabs.com.br\/wp-json\/wp\/v2\/media\/9273"}],"wp:attachment":[{"href":"https:\/\/acriticatrends.audiencelabs.com.br\/wp-json\/wp\/v2\/media?parent=9272"}],"wp:term":[{"taxonomy":"category","embeddable":true,"href":"https:\/\/acriticatrends.audiencelabs.com.br\/wp-json\/wp\/v2\/categories?post=9272"},{"taxonomy":"post_tag","embeddable":true,"href":"https:\/\/acriticatrends.audiencelabs.com.br\/wp-json\/wp\/v2\/tags?post=9272"}],"curies":[{"name":"wp","href":"https:\/\/api.w.org\/{rel}","templated":true}]}}