{"id":9290,"date":"2026-04-28T21:15:00","date_gmt":"2026-04-29T00:15:00","guid":{"rendered":"https:\/\/acriticatrends.audiencelabs.com.br\/?p=9290"},"modified":"2026-04-28T10:57:37","modified_gmt":"2026-04-28T13:57:37","slug":"corte-de-carne-barato-com-nome-de-fruta-vira-febre-nos-churrascos-brasileiros","status":"publish","type":"post","link":"https:\/\/acriticatrends.audiencelabs.com.br\/corte-de-carne-barato-com-nome-de-fruta-vira-febre-nos-churrascos-brasileiros\/","title":{"rendered":"Corte de carne barato com nome de fruta vira febre nos churrascos brasileiros"},"content":{"rendered":"\n<p>Um corte bovino pouco valorizado at\u00e9 recentemente passou a chamar aten\u00e7\u00e3o nas churrasqueiras brasileiras. Conhecido como bananinha, ele se destaca pelo pre\u00e7o acess\u00edvel e sabor marcante. O nome curioso remete ao formato alongado da pe\u00e7a.<\/p>\n\n\n\n<p>Retirada da regi\u00e3o da alcatra, a bananinha fica pr\u00f3xima ao contrafil\u00e9. Por anos, essa parte era pouco aproveitada ou destinada \u00e0 moagem. Hoje, ganhou valoriza\u00e7\u00e3o entre churrasqueiros que buscam custo-benef\u00edcio.<\/p>\n\n\n\n<h2 class=\"wp-block-heading\">Origem simples e preparo que valoriza o sabor<\/h2>\n\n\n\n<p>A principal caracter\u00edstica do corte \u00e9 a presen\u00e7a de marmoriza\u00e7\u00e3o natural. Pequenas veias de gordura contribuem para maciez e sucul\u00eancia. Quando bem preparada, a carne apresenta textura diferenciada.<\/p>\n\n\n\n<p>Na churrasqueira, o ideal \u00e9 utilizar fogo alto e tempo curto de preparo. Esse m\u00e9todo ajuda a formar uma crosta externa dourada. Ao mesmo tempo, preserva o interior macio e suculento.<\/p>\n\n\n\n<p>O tempero tamb\u00e9m costuma ser simples, priorizando o sabor natural da carne. O uso de sal grosso \u00e9 suficiente na maioria dos casos. Essa abordagem valoriza as caracter\u00edsticas originais do corte.<\/p>\n\n\n\n<p>Al\u00e9m disso, a bananinha pode ser preparada de diferentes formas. Ela pode ir inteira \u00e0 grelha ou ser cortada em tiras. Isso amplia as possibilidades de uso em churrascos.<\/p>\n\n\n\n<figure class=\"wp-block-image size-full\"><img loading=\"lazy\" decoding=\"async\" width=\"1024\" height=\"719\" src=\"https:\/\/acriticatrends.audiencelabs.com.br\/wp-content\/uploads\/2026\/04\/20200108_184022-scaled-e1595380341868-1024x719-1.jpg\" alt=\"\" class=\"wp-image-9292\" srcset=\"https:\/\/acriticatrends.audiencelabs.com.br\/wp-content\/uploads\/2026\/04\/20200108_184022-scaled-e1595380341868-1024x719-1.jpg 1024w, https:\/\/acriticatrends.audiencelabs.com.br\/wp-content\/uploads\/2026\/04\/20200108_184022-scaled-e1595380341868-1024x719-1-300x211.jpg 300w, https:\/\/acriticatrends.audiencelabs.com.br\/wp-content\/uploads\/2026\/04\/20200108_184022-scaled-e1595380341868-1024x719-1-768x539.jpg 768w, https:\/\/acriticatrends.audiencelabs.com.br\/wp-content\/uploads\/2026\/04\/20200108_184022-scaled-e1595380341868-1024x719-1-750x527.jpg 750w\" sizes=\"auto, (max-width: 1024px) 100vw, 1024px\" \/><figcaption class=\"wp-element-caption\">Cr\u00e9ditos: Divulga\u00e7\u00e3o Doutor Braseiro<\/figcaption><\/figure>\n\n\n\n<h2 class=\"wp-block-heading\">Pre\u00e7o acess\u00edvel impulsiona populariza\u00e7\u00e3o<\/h2>\n\n\n\n<p>Um dos fatores que explicam a ascens\u00e3o do corte \u00e9 o valor mais baixo. Em compara\u00e7\u00e3o com pe\u00e7as tradicionais, ele apresenta custo reduzido. Isso o torna atrativo em per\u00edodos de or\u00e7amento mais apertado.<\/p>\n\n\n\n<p>Cortes como picanha e maminha continuam populares, mas t\u00eam pre\u00e7os mais elevados. Nesse cen\u00e1rio, alternativas ganham espa\u00e7o. A bananinha surge como op\u00e7\u00e3o equilibrada entre qualidade e economia.<\/p>\n\n\n\n<p>Especialistas destacam que o sucesso depende diretamente do preparo correto. O excesso de tempo na grelha pode comprometer o resultado. Por isso, aten\u00e7\u00e3o ao ponto da carne \u00e9 essencial.<\/p>\n","protected":false},"excerpt":{"rendered":"<p>Um corte bovino pouco valorizado at\u00e9 recentemente passou a chamar aten\u00e7\u00e3o nas churrasqueiras brasileiras. Conhecido como bananinha, ele se destaca pelo pre\u00e7o acess\u00edvel e sabor marcante. O nome curioso remete ao formato alongado da pe\u00e7a. Retirada da regi\u00e3o da alcatra, a bananinha fica pr\u00f3xima ao contrafil\u00e9. Por anos, essa parte era pouco aproveitada ou destinada [&hellip;]<\/p>\n","protected":false},"author":12,"featured_media":9291,"comment_status":"open","ping_status":"closed","sticky":false,"template":"","format":"standard","meta":{"jnews-multi-image_gallery":[],"jnews_single_post":{"format":"standard"},"jnews_primary_category":[],"jnews_social_meta":[],"jnews_post_split":[],"footnotes":""},"categories":[55],"tags":[],"class_list":["post-9290","post","type-post","status-publish","format-standard","has-post-thumbnail","hentry","category-trends"],"_links":{"self":[{"href":"https:\/\/acriticatrends.audiencelabs.com.br\/wp-json\/wp\/v2\/posts\/9290","targetHints":{"allow":["GET"]}}],"collection":[{"href":"https:\/\/acriticatrends.audiencelabs.com.br\/wp-json\/wp\/v2\/posts"}],"about":[{"href":"https:\/\/acriticatrends.audiencelabs.com.br\/wp-json\/wp\/v2\/types\/post"}],"author":[{"embeddable":true,"href":"https:\/\/acriticatrends.audiencelabs.com.br\/wp-json\/wp\/v2\/users\/12"}],"replies":[{"embeddable":true,"href":"https:\/\/acriticatrends.audiencelabs.com.br\/wp-json\/wp\/v2\/comments?post=9290"}],"version-history":[{"count":1,"href":"https:\/\/acriticatrends.audiencelabs.com.br\/wp-json\/wp\/v2\/posts\/9290\/revisions"}],"predecessor-version":[{"id":9293,"href":"https:\/\/acriticatrends.audiencelabs.com.br\/wp-json\/wp\/v2\/posts\/9290\/revisions\/9293"}],"wp:featuredmedia":[{"embeddable":true,"href":"https:\/\/acriticatrends.audiencelabs.com.br\/wp-json\/wp\/v2\/media\/9291"}],"wp:attachment":[{"href":"https:\/\/acriticatrends.audiencelabs.com.br\/wp-json\/wp\/v2\/media?parent=9290"}],"wp:term":[{"taxonomy":"category","embeddable":true,"href":"https:\/\/acriticatrends.audiencelabs.com.br\/wp-json\/wp\/v2\/categories?post=9290"},{"taxonomy":"post_tag","embeddable":true,"href":"https:\/\/acriticatrends.audiencelabs.com.br\/wp-json\/wp\/v2\/tags?post=9290"}],"curies":[{"name":"wp","href":"https:\/\/api.w.org\/{rel}","templated":true}]}}