{"id":9294,"date":"2026-05-03T10:45:00","date_gmt":"2026-05-03T13:45:00","guid":{"rendered":"https:\/\/acriticatrends.audiencelabs.com.br\/?p=9294"},"modified":"2026-04-28T11:00:07","modified_gmt":"2026-04-28T14:00:07","slug":"aviso-do-mec-a-todos-que-usam-pe-de-meia","status":"publish","type":"post","link":"https:\/\/acriticatrends.audiencelabs.com.br\/aviso-do-mec-a-todos-que-usam-pe-de-meia\/","title":{"rendered":"Aviso do MEC \u00e0 todos que usam P\u00e9-de-Meia"},"content":{"rendered":"\n<p>O Minist\u00e9rio da Educa\u00e7\u00e3o divulgou orienta\u00e7\u00f5es para fam\u00edlias sobre o funcionamento do programa P\u00e9-de-Meia. A iniciativa oferece uma conta digital para estudantes do ensino m\u00e9dio p\u00fablico. O objetivo \u00e9 facilitar o acesso aos incentivos financeiros.<\/p>\n\n\n\n<p>O programa foi institu\u00eddo pela Lei n\u00ba 14.818\/2024 e atende jovens de baixa renda. Podem participar alunos com renda familiar de at\u00e9 meio sal\u00e1rio m\u00ednimo por pessoa. A pol\u00edtica busca incentivar perman\u00eancia e conclus\u00e3o dos estudos.<\/p>\n\n\n\n<h2 class=\"wp-block-heading\">Autoriza\u00e7\u00e3o da conta e acesso pelo aplicativo<\/h2>\n\n\n\n<p>A conta digital \u00e9 criada automaticamente pela Caixa Econ\u00f4mica Federal. N\u00e3o \u00e9 necess\u00e1rio solicitar abertura para participar do programa. O processo ocorre com base nos dados dos estudantes eleg\u00edveis.<\/p>\n\n\n\n<p>Para menores de idade, \u00e9 necess\u00e1ria autoriza\u00e7\u00e3o do respons\u00e1vel legal. Esse procedimento pode ser feito pelo aplicativo Caixa Tem. Tamb\u00e9m existe a op\u00e7\u00e3o de realizar a libera\u00e7\u00e3o presencialmente.<\/p>\n\n\n\n<p>Ap\u00f3s a autoriza\u00e7\u00e3o, o estudante passa a movimentar a conta normalmente. Isso permite acesso direto aos valores depositados. O MEC tamb\u00e9m disponibiliza orienta\u00e7\u00f5es digitais para auxiliar no processo.<\/p>\n\n\n\n<p>Os crit\u00e9rios incluem idade entre 14 e 24 anos no ensino regular. J\u00e1 na Educa\u00e7\u00e3o de Jovens e Adultos, o limite come\u00e7a aos 19 anos. Al\u00e9m disso, \u00e9 exigida frequ\u00eancia m\u00ednima de 80% nas aulas.<\/p>\n\n\n\n<figure class=\"wp-block-image size-large\"><img loading=\"lazy\" decoding=\"async\" width=\"1024\" height=\"597\" src=\"https:\/\/acriticatrends.audiencelabs.com.br\/wp-content\/uploads\/2026\/03\/Untitled-design-1-1024x597.png\" alt=\"\" class=\"wp-image-4845\" srcset=\"https:\/\/acriticatrends.audiencelabs.com.br\/wp-content\/uploads\/2026\/03\/Untitled-design-1-1024x597.png 1024w, https:\/\/acriticatrends.audiencelabs.com.br\/wp-content\/uploads\/2026\/03\/Untitled-design-1-300x175.png 300w, https:\/\/acriticatrends.audiencelabs.com.br\/wp-content\/uploads\/2026\/03\/Untitled-design-1-768x448.png 768w, https:\/\/acriticatrends.audiencelabs.com.br\/wp-content\/uploads\/2026\/03\/Untitled-design-1-750x438.png 750w, https:\/\/acriticatrends.audiencelabs.com.br\/wp-content\/uploads\/2026\/03\/Untitled-design-1-1140x665.png 1140w, https:\/\/acriticatrends.audiencelabs.com.br\/wp-content\/uploads\/2026\/03\/Untitled-design-1.png 1200w\" sizes=\"auto, (max-width: 1024px) 100vw, 1024px\" \/><figcaption class=\"wp-element-caption\">Cr\u00e9ditos: MEC\/Divulga\u00e7\u00e3o<\/figcaption><\/figure>\n\n\n\n<h2 class=\"wp-block-heading\">Valores e incentivos ao longo do ensino m\u00e9dio<\/h2>\n\n\n\n<p>O programa prev\u00ea diferentes tipos de pagamento ao estudante. H\u00e1 incentivo mensal de R$ 200 para quem mant\u00e9m frequ\u00eancia escolar. Tamb\u00e9m \u00e9 pago um valor anual ao final de cada etapa conclu\u00edda.<\/p>\n\n\n\n<p>No caso da EJA, o valor por frequ\u00eancia \u00e9 ajustado para R$ 225. H\u00e1 ainda um b\u00f4nus adicional pela matr\u00edcula no in\u00edcio do ano letivo. Esses pagamentos visam estimular a continuidade nos estudos.<\/p>\n\n\n\n<p>Outro destaque \u00e9 o dep\u00f3sito de R$ 1.000 ao final de cada ano conclu\u00eddo. Esse valor s\u00f3 pode ser retirado ap\u00f3s a formatura. A proposta \u00e9 incentivar a conclus\u00e3o do ensino m\u00e9dio.<\/p>\n","protected":false},"excerpt":{"rendered":"<p>O Minist\u00e9rio da Educa\u00e7\u00e3o divulgou orienta\u00e7\u00f5es para fam\u00edlias sobre o funcionamento do programa P\u00e9-de-Meia. A iniciativa oferece uma conta digital para estudantes do ensino m\u00e9dio p\u00fablico. O objetivo \u00e9 facilitar o acesso aos incentivos financeiros. O programa foi institu\u00eddo pela Lei n\u00ba 14.818\/2024 e atende jovens de baixa renda. Podem participar alunos com renda familiar [&hellip;]<\/p>\n","protected":false},"author":12,"featured_media":9295,"comment_status":"open","ping_status":"closed","sticky":false,"template":"","format":"standard","meta":{"jnews-multi-image_gallery":[],"jnews_single_post":{"format":"standard"},"jnews_primary_category":[],"jnews_social_meta":[],"jnews_post_split":[],"footnotes":""},"categories":[55],"tags":[],"class_list":["post-9294","post","type-post","status-publish","format-standard","has-post-thumbnail","hentry","category-trends"],"_links":{"self":[{"href":"https:\/\/acriticatrends.audiencelabs.com.br\/wp-json\/wp\/v2\/posts\/9294","targetHints":{"allow":["GET"]}}],"collection":[{"href":"https:\/\/acriticatrends.audiencelabs.com.br\/wp-json\/wp\/v2\/posts"}],"about":[{"href":"https:\/\/acriticatrends.audiencelabs.com.br\/wp-json\/wp\/v2\/types\/post"}],"author":[{"embeddable":true,"href":"https:\/\/acriticatrends.audiencelabs.com.br\/wp-json\/wp\/v2\/users\/12"}],"replies":[{"embeddable":true,"href":"https:\/\/acriticatrends.audiencelabs.com.br\/wp-json\/wp\/v2\/comments?post=9294"}],"version-history":[{"count":1,"href":"https:\/\/acriticatrends.audiencelabs.com.br\/wp-json\/wp\/v2\/posts\/9294\/revisions"}],"predecessor-version":[{"id":9296,"href":"https:\/\/acriticatrends.audiencelabs.com.br\/wp-json\/wp\/v2\/posts\/9294\/revisions\/9296"}],"wp:featuredmedia":[{"embeddable":true,"href":"https:\/\/acriticatrends.audiencelabs.com.br\/wp-json\/wp\/v2\/media\/9295"}],"wp:attachment":[{"href":"https:\/\/acriticatrends.audiencelabs.com.br\/wp-json\/wp\/v2\/media?parent=9294"}],"wp:term":[{"taxonomy":"category","embeddable":true,"href":"https:\/\/acriticatrends.audiencelabs.com.br\/wp-json\/wp\/v2\/categories?post=9294"},{"taxonomy":"post_tag","embeddable":true,"href":"https:\/\/acriticatrends.audiencelabs.com.br\/wp-json\/wp\/v2\/tags?post=9294"}],"curies":[{"name":"wp","href":"https:\/\/api.w.org\/{rel}","templated":true}]}}