{"id":9300,"date":"2026-04-28T16:45:00","date_gmt":"2026-04-28T19:45:00","guid":{"rendered":"https:\/\/acriticatrends.audiencelabs.com.br\/?p=9300"},"modified":"2026-04-28T11:07:49","modified_gmt":"2026-04-28T14:07:49","slug":"inscritos-no-cadunico-com-renda-mensal-de-ate-r-1-621-podem-ganhar-grande-desconto-na-conta-de-luz","status":"publish","type":"post","link":"https:\/\/acriticatrends.audiencelabs.com.br\/inscritos-no-cadunico-com-renda-mensal-de-ate-r-1-621-podem-ganhar-grande-desconto-na-conta-de-luz\/","title":{"rendered":"Inscritos no Cad\u00danico com renda mensal de at\u00e9 R$ 1.621 podem ganhar grande desconto na conta de luz"},"content":{"rendered":"\n<p>Fam\u00edlias inscritas no Cadastro \u00danico passaram a contar com um novo desconto na conta de energia el\u00e9trica. A medida entrou em vigor recentemente e j\u00e1 est\u00e1 sendo aplicada. O benef\u00edcio atinge consumidores com renda mensal per capita de at\u00e9 R$ 1.621.<\/p>\n\n\n\n<p>O abatimento \u00e9 concedido automaticamente para quem atende aos crit\u00e9rios. N\u00e3o \u00e9 necess\u00e1rio fazer solicita\u00e7\u00e3o junto \u00e0s distribuidoras. A \u0634\u0631\u0637 principal \u00e9 manter os dados atualizados no sistema.<\/p>\n\n\n\n<h2 class=\"wp-block-heading\">Crit\u00e9rios garantem acesso ao desconto autom\u00e1tico<\/h2>\n\n\n\n<p>O novo modelo atende fam\u00edlias com renda entre meio e um sal\u00e1rio m\u00ednimo por pessoa. Al\u00e9m disso, \u00e9 preciso que o consumo mensal n\u00e3o ultrapasse 120 kWh. Nessas condi\u00e7\u00f5es, o desconto m\u00e9dio \u00e9 de aproximadamente 11,8% na fatura.<\/p>\n\n\n\n<p>A expectativa do governo \u00e9 alcan\u00e7ar cerca de sete milh\u00f5es de fam\u00edlias. O benef\u00edcio amplia o alcance da pol\u00edtica de inclus\u00e3o energ\u00e9tica. A redu\u00e7\u00e3o no valor da conta ajuda no equil\u00edbrio do or\u00e7amento dom\u00e9stico.<\/p>\n\n\n\n<p>Segundo o Minist\u00e9rio de Minas e Energia, a medida refor\u00e7a o acesso a servi\u00e7os essenciais. O ministro Alexandre Silveira destacou o impacto social da iniciativa. A proposta busca reduzir desigualdades no acesso \u00e0 energia.<\/p>\n\n\n\n<figure class=\"wp-block-image size-large\"><img loading=\"lazy\" decoding=\"async\" width=\"1024\" height=\"682\" src=\"https:\/\/acriticatrends.audiencelabs.com.br\/wp-content\/uploads\/2026\/03\/conta_de_energia_mcajr_abr2907221115-1024x682.jpg\" alt=\"\" class=\"wp-image-5813\" srcset=\"https:\/\/acriticatrends.audiencelabs.com.br\/wp-content\/uploads\/2026\/03\/conta_de_energia_mcajr_abr2907221115-1024x682.jpg 1024w, https:\/\/acriticatrends.audiencelabs.com.br\/wp-content\/uploads\/2026\/03\/conta_de_energia_mcajr_abr2907221115-300x200.jpg 300w, https:\/\/acriticatrends.audiencelabs.com.br\/wp-content\/uploads\/2026\/03\/conta_de_energia_mcajr_abr2907221115-768x511.jpg 768w, https:\/\/acriticatrends.audiencelabs.com.br\/wp-content\/uploads\/2026\/03\/conta_de_energia_mcajr_abr2907221115-750x499.jpg 750w, https:\/\/acriticatrends.audiencelabs.com.br\/wp-content\/uploads\/2026\/03\/conta_de_energia_mcajr_abr2907221115-1140x759.jpg 1140w, https:\/\/acriticatrends.audiencelabs.com.br\/wp-content\/uploads\/2026\/03\/conta_de_energia_mcajr_abr2907221115.jpg 1200w\" sizes=\"auto, (max-width: 1024px) 100vw, 1024px\" \/><figcaption class=\"wp-element-caption\">Cr\u00e9ditos: Marcello Casal Jr\/Ag\u00eancia Brasil<\/figcaption><\/figure>\n\n\n\n<h2 class=\"wp-block-heading\">Programa amplia alcance da tarifa social no pa\u00eds<\/h2>\n\n\n\n<p>O desconto integra um conjunto de a\u00e7\u00f5es voltadas ao setor el\u00e9trico. A pol\u00edtica busca atender consumidores que n\u00e3o se enquadram em programas de gratuidade. Entre eles, est\u00e1 o Luz do Povo.<\/p>\n\n\n\n<p>Esse programa j\u00e1 atende milh\u00f5es de fam\u00edlias com isen\u00e7\u00e3o parcial ou total. Em alguns casos, o consumo de at\u00e9 80 kWh mensais pode ser gratuito. O benef\u00edcio contempla p\u00fablicos espec\u00edficos em situa\u00e7\u00e3o de vulnerabilidade.<\/p>\n\n\n\n<p>Entre os grupos atendidos est\u00e3o idosos e pessoas com defici\u00eancia. Benefici\u00e1rios do Benef\u00edcio de Presta\u00e7\u00e3o Continuada tamb\u00e9m est\u00e3o inclu\u00eddos. Comunidades ind\u00edgenas e quilombolas fazem parte da cobertura.<\/p>\n\n\n\n<p>Mesmo com a automatiza\u00e7\u00e3o, a atualiza\u00e7\u00e3o cadastral segue sendo essencial. Dados desatualizados podem impedir o acesso ao desconto. Por isso, a recomenda\u00e7\u00e3o \u00e9 manter as informa\u00e7\u00f5es sempre corretas.<\/p>\n","protected":false},"excerpt":{"rendered":"<p>Fam\u00edlias inscritas no Cadastro \u00danico passaram a contar com um novo desconto na conta de energia el\u00e9trica. A medida entrou em vigor recentemente e j\u00e1 est\u00e1 sendo aplicada. O benef\u00edcio atinge consumidores com renda mensal per capita de at\u00e9 R$ 1.621. O abatimento \u00e9 concedido automaticamente para quem atende aos crit\u00e9rios. N\u00e3o \u00e9 necess\u00e1rio fazer [&hellip;]<\/p>\n","protected":false},"author":12,"featured_media":9301,"comment_status":"open","ping_status":"closed","sticky":false,"template":"","format":"standard","meta":{"jnews-multi-image_gallery":[],"jnews_single_post":{"format":"standard"},"jnews_primary_category":[],"jnews_social_meta":[],"jnews_post_split":[],"footnotes":""},"categories":[55],"tags":[],"class_list":["post-9300","post","type-post","status-publish","format-standard","has-post-thumbnail","hentry","category-trends"],"_links":{"self":[{"href":"https:\/\/acriticatrends.audiencelabs.com.br\/wp-json\/wp\/v2\/posts\/9300","targetHints":{"allow":["GET"]}}],"collection":[{"href":"https:\/\/acriticatrends.audiencelabs.com.br\/wp-json\/wp\/v2\/posts"}],"about":[{"href":"https:\/\/acriticatrends.audiencelabs.com.br\/wp-json\/wp\/v2\/types\/post"}],"author":[{"embeddable":true,"href":"https:\/\/acriticatrends.audiencelabs.com.br\/wp-json\/wp\/v2\/users\/12"}],"replies":[{"embeddable":true,"href":"https:\/\/acriticatrends.audiencelabs.com.br\/wp-json\/wp\/v2\/comments?post=9300"}],"version-history":[{"count":1,"href":"https:\/\/acriticatrends.audiencelabs.com.br\/wp-json\/wp\/v2\/posts\/9300\/revisions"}],"predecessor-version":[{"id":9302,"href":"https:\/\/acriticatrends.audiencelabs.com.br\/wp-json\/wp\/v2\/posts\/9300\/revisions\/9302"}],"wp:featuredmedia":[{"embeddable":true,"href":"https:\/\/acriticatrends.audiencelabs.com.br\/wp-json\/wp\/v2\/media\/9301"}],"wp:attachment":[{"href":"https:\/\/acriticatrends.audiencelabs.com.br\/wp-json\/wp\/v2\/media?parent=9300"}],"wp:term":[{"taxonomy":"category","embeddable":true,"href":"https:\/\/acriticatrends.audiencelabs.com.br\/wp-json\/wp\/v2\/categories?post=9300"},{"taxonomy":"post_tag","embeddable":true,"href":"https:\/\/acriticatrends.audiencelabs.com.br\/wp-json\/wp\/v2\/tags?post=9300"}],"curies":[{"name":"wp","href":"https:\/\/api.w.org\/{rel}","templated":true}]}}